{"id":24963,"date":"2024-08-15T13:34:06","date_gmt":"2024-08-15T11:34:06","guid":{"rendered":"https:\/\/www.ladiagonale.net\/?p=24963"},"modified":"2024-08-15T17:21:28","modified_gmt":"2024-08-15T15:21:28","slug":"milan-aurait-rehausse-son-offre-pour-fofana","status":"publish","type":"post","link":"https:\/\/www.ladiagonale.net\/index.php\/2024\/08\/15\/milan-aurait-rehausse-son-offre-pour-fofana\/","title":{"rendered":"Milan aurait rehauss\u00e9 son offre pour Fofana"},"content":{"rendered":"\n\n\n<p>Les n\u00e9gociations dans le dossier Youssouf Fofana pourraient bien entrer dans leur phase d\u00e9cisive. Depuis quelques jours, l&rsquo;AS Monaco et l&rsquo;AC Milan ont quelque peu band\u00e9 leurs muscles dans la presse mais la tendance pourrait davantage \u00eatre \u00e0 la conciliation. Selon plusieurs sources, Milan aurait revu son offre \u00e0 la hausse pour se rapprocher des exigences mon\u00e9gasques, mais celles-ci ne s&rsquo;accordent pas sur le montant. Selon Gianluca Di Marzio, le club lombard aurait propos\u00e9 20 millions d&rsquo;euros plus cinq autres en bonus mais <em>Sky Sports<\/em> indique que l&rsquo;offre chiffrerait autour de 30 millions d&rsquo;euros dont cinq de bonus. Entre les deux, <em>L&rsquo;\u00c9quipe <\/em>annonce un accord autour de 23 millions plus deux en bonus.<\/p>\n\n\n\n<p>La nouvelle proposition milanaise pourrait en tout cas faire fl\u00e9chir la position mon\u00e9gasque, qui demandait au moins 30 millions d&rsquo;euros pour son international de 25 ans. Mais avec une seule ann\u00e9e de contrat restant et la ferme volont\u00e9 du joueur de rejoindre l&rsquo;Italie, l&rsquo;ASM n&rsquo;a pas totalement les mains libres dans cette n\u00e9gociation. Il y a quelques jours, Thiago Scuro avait reconnu que le dossier \u00e9tait plus compliqu\u00e9 que pr\u00e9vu. En attendant son d\u00e9nouement, Fofana s&rsquo;entra\u00eene \u00e0 part, mais il pourrait d\u00e9sormais rapidement s&rsquo;envoler pour la capitale \u00e9conomique du pays pour y passer sa visite m\u00e9dicale.<\/p>\n","protected":false},"excerpt":{"rendered":"<p>Les n\u00e9gociations dans le dossier Youssouf Fofana pourraient bien entrer dans leur phase d\u00e9cisive. Depuis quelques jours, l&rsquo;AS Monaco et l&rsquo;AC Milan ont quelque peu band\u00e9 leurs muscles dans la presse mais la tendance pourrait davantage \u00eatre \u00e0 la conciliation. Selon plusieurs sources, Milan aurait revu son offre \u00e0 la hausse pour se rapprocher des [&#8230;]\n","protected":false},"author":2,"featured_media":0,"comment_status":"open","ping_status":"open","sticky":false,"template":"","format":"standard","meta":[],"categories":[6],"tags":[86,111,110,176],"yoast_head":"<!-- This site is optimized with the Yoast SEO plugin v19.8 - https:\/\/yoast.com\/wordpress\/plugins\/seo\/ -->\n<title>Milan aurait rehauss\u00e9 son offre pour Fofana - La Diagonale<\/title>\n<meta name=\"robots\" content=\"index, follow, max-snippet:-1, max-image-preview:large, max-video-preview:-1\" \/>\n<link rel=\"canonical\" href=\"https:\/\/www.ladiagonale.net\/index.php\/2024\/08\/15\/milan-aurait-rehausse-son-offre-pour-fofana\/\" \/>\n<meta property=\"og:locale\" content=\"fr_FR\" \/>\n<meta property=\"og:type\" content=\"article\" \/>\n<meta property=\"og:title\" content=\"Milan aurait rehauss\u00e9 son offre pour Fofana - La Diagonale\" \/>\n<meta property=\"og:description\" content=\"Les n\u00e9gociations dans le dossier Youssouf Fofana pourraient bien entrer dans leur phase d\u00e9cisive. Depuis quelques jours, l&rsquo;AS Monaco et l&rsquo;AC Milan ont quelque peu band\u00e9 leurs muscles dans la presse mais la tendance pourrait davantage \u00eatre \u00e0 la conciliation. Selon plusieurs sources, Milan aurait revu son offre \u00e0 la hausse pour se rapprocher des [...]\" \/>\n<meta property=\"og:url\" content=\"https:\/\/www.ladiagonale.net\/index.php\/2024\/08\/15\/milan-aurait-rehausse-son-offre-pour-fofana\/\" \/>\n<meta property=\"og:site_name\" content=\"La Diagonale\" \/>\n<meta property=\"article:published_time\" content=\"2024-08-15T11:34:06+00:00\" \/>\n<meta property=\"article:modified_time\" content=\"2024-08-15T15:21:28+00:00\" \/>\n<meta property=\"og:image\" content=\"https:\/\/www.ladiagonale.net\/wp-content\/uploads\/2023\/08\/fofana2.png\" \/>\n\t<meta property=\"og:image:width\" content=\"1160\" \/>\n\t<meta property=\"og:image:height\" content=\"650\" \/>\n\t<meta property=\"og:image:type\" content=\"image\/png\" \/>\n<meta name=\"author\" content=\"Damien Dellerba\" \/>\n<meta name=\"twitter:card\" content=\"summary_large_image\" \/>\n<meta name=\"twitter:image\" content=\"https:\/\/www.ladiagonale.net\/wp-content\/uploads\/2023\/08\/fofana2.png\" \/>\n<meta name=\"twitter:label1\" content=\"\u00c9crit par\" \/>\n\t<meta name=\"twitter:data1\" content=\"Damien Dellerba\" \/>\n\t<meta name=\"twitter:label2\" content=\"Dur\u00e9e de lecture estim\u00e9e\" \/>\n\t<meta name=\"twitter:data2\" content=\"2 minutes\" \/>\n<script type=\"application\/ld+json\" class=\"yoast-schema-graph\">{\"@context\":\"https:\/\/schema.org\",\"@graph\":[{\"@type\":\"WebPage\",\"@id\":\"https:\/\/www.ladiagonale.net\/index.php\/2024\/08\/15\/milan-aurait-rehausse-son-offre-pour-fofana\/\",\"url\":\"https:\/\/www.ladiagonale.net\/index.php\/2024\/08\/15\/milan-aurait-rehausse-son-offre-pour-fofana\/\",\"name\":\"Milan aurait rehauss\u00e9 son offre pour Fofana - La Diagonale\",\"isPartOf\":{\"@id\":\"https:\/\/www.ladiagonale.net\/#website\"},\"datePublished\":\"2024-08-15T11:34:06+00:00\",\"dateModified\":\"2024-08-15T15:21:28+00:00\",\"author\":{\"@id\":\"https:\/\/www.ladiagonale.net\/#\/schema\/person\/79ff1e7b0853ed01b2aa26e64ad300bf\"},\"breadcrumb\":{\"@id\":\"https:\/\/www.ladiagonale.net\/index.php\/2024\/08\/15\/milan-aurait-rehausse-son-offre-pour-fofana\/#breadcrumb\"},\"inLanguage\":\"fr-FR\",\"potentialAction\":[{\"@type\":\"ReadAction\",\"target\":[\"https:\/\/www.ladiagonale.net\/index.php\/2024\/08\/15\/milan-aurait-rehausse-son-offre-pour-fofana\/\"]}]},{\"@type\":\"BreadcrumbList\",\"@id\":\"https:\/\/www.ladiagonale.net\/index.php\/2024\/08\/15\/milan-aurait-rehausse-son-offre-pour-fofana\/#breadcrumb\",\"itemListElement\":[{\"@type\":\"ListItem\",\"position\":1,\"name\":\"Accueil\",\"item\":\"https:\/\/www.ladiagonale.net\/\"},{\"@type\":\"ListItem\",\"position\":2,\"name\":\"Milan aurait rehauss\u00e9 son offre pour Fofana\"}]},{\"@type\":\"WebSite\",\"@id\":\"https:\/\/www.ladiagonale.net\/#website\",\"url\":\"https:\/\/www.ladiagonale.net\/\",\"name\":\"La Diagonale\",\"description\":\"Le site des supporters de l&#039;AS Monaco FC\",\"potentialAction\":[{\"@type\":\"SearchAction\",\"target\":{\"@type\":\"EntryPoint\",\"urlTemplate\":\"https:\/\/www.ladiagonale.net\/?s={search_term_string}\"},\"query-input\":\"required name=search_term_string\"}],\"inLanguage\":\"fr-FR\"},{\"@type\":\"Person\",\"@id\":\"https:\/\/www.ladiagonale.net\/#\/schema\/person\/79ff1e7b0853ed01b2aa26e64ad300bf\",\"name\":\"Damien Dellerba\",\"image\":{\"@type\":\"ImageObject\",\"inLanguage\":\"fr-FR\",\"@id\":\"https:\/\/www.ladiagonale.net\/#\/schema\/person\/image\/\",\"url\":\"https:\/\/secure.gravatar.com\/avatar\/c7850e06d3ff63cdbaee88b7fc16e2f0?s=96&d=mm&r=g\",\"contentUrl\":\"https:\/\/secure.gravatar.com\/avatar\/c7850e06d3ff63cdbaee88b7fc16e2f0?s=96&d=mm&r=g\",\"caption\":\"Damien Dellerba\"},\"url\":\"https:\/\/www.ladiagonale.net\/index.php\/author\/damien\/\"}]}<\/script>\n<!-- \/ Yoast SEO plugin. -->","yoast_head_json":{"title":"Milan aurait rehauss\u00e9 son offre pour Fofana - La Diagonale","robots":{"index":"index","follow":"follow","max-snippet":"max-snippet:-1","max-image-preview":"max-image-preview:large","max-video-preview":"max-video-preview:-1"},"canonical":"https:\/\/www.ladiagonale.net\/index.php\/2024\/08\/15\/milan-aurait-rehausse-son-offre-pour-fofana\/","og_locale":"fr_FR","og_type":"article","og_title":"Milan aurait rehauss\u00e9 son offre pour Fofana - La Diagonale","og_description":"Les n\u00e9gociations dans le dossier Youssouf Fofana pourraient bien entrer dans leur phase d\u00e9cisive. Depuis quelques jours, l&rsquo;AS Monaco et l&rsquo;AC Milan ont quelque peu band\u00e9 leurs muscles dans la presse mais la tendance pourrait davantage \u00eatre \u00e0 la conciliation. Selon plusieurs sources, Milan aurait revu son offre \u00e0 la hausse pour se rapprocher des [...]","og_url":"https:\/\/www.ladiagonale.net\/index.php\/2024\/08\/15\/milan-aurait-rehausse-son-offre-pour-fofana\/","og_site_name":"La Diagonale","article_published_time":"2024-08-15T11:34:06+00:00","article_modified_time":"2024-08-15T15:21:28+00:00","og_image":[{"width":1160,"height":650,"url":"https:\/\/www.ladiagonale.net\/wp-content\/uploads\/2023\/08\/fofana2.png","type":"image\/png"}],"author":"Damien Dellerba","twitter_card":"summary_large_image","twitter_image":"https:\/\/www.ladiagonale.net\/wp-content\/uploads\/2023\/08\/fofana2.png","twitter_misc":{"\u00c9crit par":"Damien Dellerba","Dur\u00e9e de lecture estim\u00e9e":"2 minutes"},"schema":{"@context":"https:\/\/schema.org","@graph":[{"@type":"WebPage","@id":"https:\/\/www.ladiagonale.net\/index.php\/2024\/08\/15\/milan-aurait-rehausse-son-offre-pour-fofana\/","url":"https:\/\/www.ladiagonale.net\/index.php\/2024\/08\/15\/milan-aurait-rehausse-son-offre-pour-fofana\/","name":"Milan aurait rehauss\u00e9 son offre pour Fofana - La Diagonale","isPartOf":{"@id":"https:\/\/www.ladiagonale.net\/#website"},"datePublished":"2024-08-15T11:34:06+00:00","dateModified":"2024-08-15T15:21:28+00:00","author":{"@id":"https:\/\/www.ladiagonale.net\/#\/schema\/person\/79ff1e7b0853ed01b2aa26e64ad300bf"},"breadcrumb":{"@id":"https:\/\/www.ladiagonale.net\/index.php\/2024\/08\/15\/milan-aurait-rehausse-son-offre-pour-fofana\/#breadcrumb"},"inLanguage":"fr-FR","potentialAction":[{"@type":"ReadAction","target":["https:\/\/www.ladiagonale.net\/index.php\/2024\/08\/15\/milan-aurait-rehausse-son-offre-pour-fofana\/"]}]},{"@type":"BreadcrumbList","@id":"https:\/\/www.ladiagonale.net\/index.php\/2024\/08\/15\/milan-aurait-rehausse-son-offre-pour-fofana\/#breadcrumb","itemListElement":[{"@type":"ListItem","position":1,"name":"Accueil","item":"https:\/\/www.ladiagonale.net\/"},{"@type":"ListItem","position":2,"name":"Milan aurait rehauss\u00e9 son offre pour Fofana"}]},{"@type":"WebSite","@id":"https:\/\/www.ladiagonale.net\/#website","url":"https:\/\/www.ladiagonale.net\/","name":"La Diagonale","description":"Le site des supporters de l&#039;AS Monaco FC","potentialAction":[{"@type":"SearchAction","target":{"@type":"EntryPoint","urlTemplate":"https:\/\/www.ladiagonale.net\/?s={search_term_string}"},"query-input":"required name=search_term_string"}],"inLanguage":"fr-FR"},{"@type":"Person","@id":"https:\/\/www.ladiagonale.net\/#\/schema\/person\/79ff1e7b0853ed01b2aa26e64ad300bf","name":"Damien Dellerba","image":{"@type":"ImageObject","inLanguage":"fr-FR","@id":"https:\/\/www.ladiagonale.net\/#\/schema\/person\/image\/","url":"https:\/\/secure.gravatar.com\/avatar\/c7850e06d3ff63cdbaee88b7fc16e2f0?s=96&d=mm&r=g","contentUrl":"https:\/\/secure.gravatar.com\/avatar\/c7850e06d3ff63cdbaee88b7fc16e2f0?s=96&d=mm&r=g","caption":"Damien Dellerba"},"url":"https:\/\/www.ladiagonale.net\/index.php\/author\/damien\/"}]}},"_links":{"self":[{"href":"https:\/\/www.ladiagonale.net\/index.php\/wp-json\/wp\/v2\/posts\/24963"}],"collection":[{"href":"https:\/\/www.ladiagonale.net\/index.php\/wp-json\/wp\/v2\/posts"}],"about":[{"href":"https:\/\/www.ladiagonale.net\/index.php\/wp-json\/wp\/v2\/types\/post"}],"author":[{"embeddable":true,"href":"https:\/\/www.ladiagonale.net\/index.php\/wp-json\/wp\/v2\/users\/2"}],"replies":[{"embeddable":true,"href":"https:\/\/www.ladiagonale.net\/index.php\/wp-json\/wp\/v2\/comments?post=24963"}],"version-history":[{"count":4,"href":"https:\/\/www.ladiagonale.net\/index.php\/wp-json\/wp\/v2\/posts\/24963\/revisions"}],"predecessor-version":[{"id":24972,"href":"https:\/\/www.ladiagonale.net\/index.php\/wp-json\/wp\/v2\/posts\/24963\/revisions\/24972"}],"wp:attachment":[{"href":"https:\/\/www.ladiagonale.net\/index.php\/wp-json\/wp\/v2\/media?parent=24963"}],"wp:term":[{"taxonomy":"category","embeddable":true,"href":"https:\/\/www.ladiagonale.net\/index.php\/wp-json\/wp\/v2\/categories?post=24963"},{"taxonomy":"post_tag","embeddable":true,"href":"https:\/\/www.ladiagonale.net\/index.php\/wp-json\/wp\/v2\/tags?post=24963"}],"curies":[{"name":"wp","href":"https:\/\/api.w.org\/{rel}","templated":true}]}}