{"id":24975,"date":"2024-08-15T17:56:03","date_gmt":"2024-08-15T15:56:03","guid":{"rendered":"https:\/\/www.ladiagonale.net\/?p=24975"},"modified":"2024-08-15T17:56:04","modified_gmt":"2024-08-15T15:56:04","slug":"une-deuxieme-chance-pour-kohn","status":"publish","type":"post","link":"https:\/\/www.ladiagonale.net\/index.php\/2024\/08\/15\/une-deuxieme-chance-pour-kohn\/","title":{"rendered":"Une deuxi\u00e8me chance pour K\u00f6hn"},"content":{"rendered":"\n\n\n<p>L\u2019absence de Radoslaw Majecki <a href=\"https:\/\/www.ladiagonale.net\/index.php\/2024\/08\/15\/golovin-pas-remis-pour-saint-etienne\/\" target=\"_blank\" rel=\"noreferrer noopener\">pour encore un mois au moins<\/a>, touch\u00e9 s\u00e9v\u00e8rement \u00e0 la cheville droite lors d\u2019un entra\u00eenement, a constitu\u00e9 un coup dur pour l\u2019AS Monaco. Le portier polonais avait fait beaucoup de bien \u00e0 l\u2019\u00e9quipe la saison derni\u00e8re en devenant le nouveau titulaire en cours d&rsquo;ann\u00e9e \u00e0 la place du friable Philipp K\u00f6hn. Le Suisse sera pourtant bien dans les buts ces prochaines semaines pour assurer l\u2019int\u00e9rim et en conf\u00e9rence de presse, Adi H\u00fctter a indiqu\u00e9 qu\u2019il s\u2019agissait d\u2019une seconde chance pour lui.<\/p>\n\n\n\n<p>\u00ab\u00a0<em>C\u2019est forc\u00e9ment une situation triste que Radoslaw se soit bless\u00e9, mais c\u2019est le football malheureusement. En fin de saison derni\u00e8re nous avions v\u00e9cu cette situation en perdant Denis Zakaria et Aleksandr Golovin, deux joueurs exp\u00e9riment\u00e9s, dans le sprint final. Et puis c\u2019est aussi la possibilit\u00e9 pour Philipp K\u00f6hn d\u2019avoir une deuxi\u00e8me chance, en tout cas nous avons une enti\u00e8re confiance en lui. Nous esp\u00e9rons que Radeck se remettra le plus vite possible encore une fois, mais nous croyons en Philipp !<\/em>\u00a0\u00bb<\/p>\n\n\n\n<p>Source : <em>AS Monaco<\/em><\/p>\n","protected":false},"excerpt":{"rendered":"<p>L\u2019absence de Radoslaw Majecki pour encore un mois au moins, touch\u00e9 s\u00e9v\u00e8rement \u00e0 la cheville droite lors d\u2019un entra\u00eenement, a constitu\u00e9 un coup dur pour l\u2019AS Monaco. Le portier polonais avait fait beaucoup de bien \u00e0 l\u2019\u00e9quipe la saison derni\u00e8re en devenant le nouveau titulaire en cours d&rsquo;ann\u00e9e \u00e0 la place du friable Philipp K\u00f6hn. [&#8230;]\n","protected":false},"author":2,"featured_media":0,"comment_status":"open","ping_status":"open","sticky":false,"template":"","format":"standard","meta":[],"categories":[6],"tags":[576,86,94,615,430],"yoast_head":"<!-- This site is optimized with the Yoast SEO plugin v19.8 - https:\/\/yoast.com\/wordpress\/plugins\/seo\/ -->\n<title>Une deuxi\u00e8me chance pour K\u00f6hn - La Diagonale<\/title>\n<meta name=\"robots\" content=\"index, follow, max-snippet:-1, max-image-preview:large, max-video-preview:-1\" \/>\n<link rel=\"canonical\" href=\"https:\/\/www.ladiagonale.net\/index.php\/2024\/08\/15\/une-deuxieme-chance-pour-kohn\/\" \/>\n<meta property=\"og:locale\" content=\"fr_FR\" \/>\n<meta property=\"og:type\" content=\"article\" \/>\n<meta property=\"og:title\" content=\"Une deuxi\u00e8me chance pour K\u00f6hn - La Diagonale\" \/>\n<meta property=\"og:description\" content=\"L\u2019absence de Radoslaw Majecki pour encore un mois au moins, touch\u00e9 s\u00e9v\u00e8rement \u00e0 la cheville droite lors d\u2019un entra\u00eenement, a constitu\u00e9 un coup dur pour l\u2019AS Monaco. Le portier polonais avait fait beaucoup de bien \u00e0 l\u2019\u00e9quipe la saison derni\u00e8re en devenant le nouveau titulaire en cours d&rsquo;ann\u00e9e \u00e0 la place du friable Philipp K\u00f6hn. [...]\" \/>\n<meta property=\"og:url\" content=\"https:\/\/www.ladiagonale.net\/index.php\/2024\/08\/15\/une-deuxieme-chance-pour-kohn\/\" \/>\n<meta property=\"og:site_name\" content=\"La Diagonale\" \/>\n<meta property=\"article:published_time\" content=\"2024-08-15T15:56:03+00:00\" \/>\n<meta property=\"article:modified_time\" content=\"2024-08-15T15:56:04+00:00\" \/>\n<meta property=\"og:image\" content=\"https:\/\/www.ladiagonale.net\/wp-content\/uploads\/2023\/08\/kohn2.png\" \/>\n\t<meta property=\"og:image:width\" content=\"1160\" \/>\n\t<meta property=\"og:image:height\" content=\"650\" \/>\n\t<meta property=\"og:image:type\" content=\"image\/png\" \/>\n<meta name=\"author\" content=\"Damien Dellerba\" \/>\n<meta name=\"twitter:card\" content=\"summary_large_image\" \/>\n<meta name=\"twitter:image\" content=\"https:\/\/www.ladiagonale.net\/wp-content\/uploads\/2023\/08\/kohn2.png\" \/>\n<meta name=\"twitter:label1\" content=\"\u00c9crit par\" \/>\n\t<meta name=\"twitter:data1\" content=\"Damien Dellerba\" \/>\n\t<meta name=\"twitter:label2\" content=\"Dur\u00e9e de lecture estim\u00e9e\" \/>\n\t<meta name=\"twitter:data2\" content=\"1 minute\" \/>\n<script type=\"application\/ld+json\" class=\"yoast-schema-graph\">{\"@context\":\"https:\/\/schema.org\",\"@graph\":[{\"@type\":\"WebPage\",\"@id\":\"https:\/\/www.ladiagonale.net\/index.php\/2024\/08\/15\/une-deuxieme-chance-pour-kohn\/\",\"url\":\"https:\/\/www.ladiagonale.net\/index.php\/2024\/08\/15\/une-deuxieme-chance-pour-kohn\/\",\"name\":\"Une deuxi\u00e8me chance pour K\u00f6hn - La Diagonale\",\"isPartOf\":{\"@id\":\"https:\/\/www.ladiagonale.net\/#website\"},\"datePublished\":\"2024-08-15T15:56:03+00:00\",\"dateModified\":\"2024-08-15T15:56:04+00:00\",\"author\":{\"@id\":\"https:\/\/www.ladiagonale.net\/#\/schema\/person\/79ff1e7b0853ed01b2aa26e64ad300bf\"},\"breadcrumb\":{\"@id\":\"https:\/\/www.ladiagonale.net\/index.php\/2024\/08\/15\/une-deuxieme-chance-pour-kohn\/#breadcrumb\"},\"inLanguage\":\"fr-FR\",\"potentialAction\":[{\"@type\":\"ReadAction\",\"target\":[\"https:\/\/www.ladiagonale.net\/index.php\/2024\/08\/15\/une-deuxieme-chance-pour-kohn\/\"]}]},{\"@type\":\"BreadcrumbList\",\"@id\":\"https:\/\/www.ladiagonale.net\/index.php\/2024\/08\/15\/une-deuxieme-chance-pour-kohn\/#breadcrumb\",\"itemListElement\":[{\"@type\":\"ListItem\",\"position\":1,\"name\":\"Accueil\",\"item\":\"https:\/\/www.ladiagonale.net\/\"},{\"@type\":\"ListItem\",\"position\":2,\"name\":\"Une deuxi\u00e8me chance pour K\u00f6hn\"}]},{\"@type\":\"WebSite\",\"@id\":\"https:\/\/www.ladiagonale.net\/#website\",\"url\":\"https:\/\/www.ladiagonale.net\/\",\"name\":\"La Diagonale\",\"description\":\"Le site des supporters de l&#039;AS Monaco FC\",\"potentialAction\":[{\"@type\":\"SearchAction\",\"target\":{\"@type\":\"EntryPoint\",\"urlTemplate\":\"https:\/\/www.ladiagonale.net\/?s={search_term_string}\"},\"query-input\":\"required name=search_term_string\"}],\"inLanguage\":\"fr-FR\"},{\"@type\":\"Person\",\"@id\":\"https:\/\/www.ladiagonale.net\/#\/schema\/person\/79ff1e7b0853ed01b2aa26e64ad300bf\",\"name\":\"Damien Dellerba\",\"image\":{\"@type\":\"ImageObject\",\"inLanguage\":\"fr-FR\",\"@id\":\"https:\/\/www.ladiagonale.net\/#\/schema\/person\/image\/\",\"url\":\"https:\/\/secure.gravatar.com\/avatar\/c7850e06d3ff63cdbaee88b7fc16e2f0?s=96&d=mm&r=g\",\"contentUrl\":\"https:\/\/secure.gravatar.com\/avatar\/c7850e06d3ff63cdbaee88b7fc16e2f0?s=96&d=mm&r=g\",\"caption\":\"Damien Dellerba\"},\"url\":\"https:\/\/www.ladiagonale.net\/index.php\/author\/damien\/\"}]}<\/script>\n<!-- \/ Yoast SEO plugin. -->","yoast_head_json":{"title":"Une deuxi\u00e8me chance pour K\u00f6hn - La Diagonale","robots":{"index":"index","follow":"follow","max-snippet":"max-snippet:-1","max-image-preview":"max-image-preview:large","max-video-preview":"max-video-preview:-1"},"canonical":"https:\/\/www.ladiagonale.net\/index.php\/2024\/08\/15\/une-deuxieme-chance-pour-kohn\/","og_locale":"fr_FR","og_type":"article","og_title":"Une deuxi\u00e8me chance pour K\u00f6hn - La Diagonale","og_description":"L\u2019absence de Radoslaw Majecki pour encore un mois au moins, touch\u00e9 s\u00e9v\u00e8rement \u00e0 la cheville droite lors d\u2019un entra\u00eenement, a constitu\u00e9 un coup dur pour l\u2019AS Monaco. Le portier polonais avait fait beaucoup de bien \u00e0 l\u2019\u00e9quipe la saison derni\u00e8re en devenant le nouveau titulaire en cours d&rsquo;ann\u00e9e \u00e0 la place du friable Philipp K\u00f6hn. [...]","og_url":"https:\/\/www.ladiagonale.net\/index.php\/2024\/08\/15\/une-deuxieme-chance-pour-kohn\/","og_site_name":"La Diagonale","article_published_time":"2024-08-15T15:56:03+00:00","article_modified_time":"2024-08-15T15:56:04+00:00","og_image":[{"width":1160,"height":650,"url":"https:\/\/www.ladiagonale.net\/wp-content\/uploads\/2023\/08\/kohn2.png","type":"image\/png"}],"author":"Damien Dellerba","twitter_card":"summary_large_image","twitter_image":"https:\/\/www.ladiagonale.net\/wp-content\/uploads\/2023\/08\/kohn2.png","twitter_misc":{"\u00c9crit par":"Damien Dellerba","Dur\u00e9e de lecture estim\u00e9e":"1 minute"},"schema":{"@context":"https:\/\/schema.org","@graph":[{"@type":"WebPage","@id":"https:\/\/www.ladiagonale.net\/index.php\/2024\/08\/15\/une-deuxieme-chance-pour-kohn\/","url":"https:\/\/www.ladiagonale.net\/index.php\/2024\/08\/15\/une-deuxieme-chance-pour-kohn\/","name":"Une deuxi\u00e8me chance pour K\u00f6hn - La Diagonale","isPartOf":{"@id":"https:\/\/www.ladiagonale.net\/#website"},"datePublished":"2024-08-15T15:56:03+00:00","dateModified":"2024-08-15T15:56:04+00:00","author":{"@id":"https:\/\/www.ladiagonale.net\/#\/schema\/person\/79ff1e7b0853ed01b2aa26e64ad300bf"},"breadcrumb":{"@id":"https:\/\/www.ladiagonale.net\/index.php\/2024\/08\/15\/une-deuxieme-chance-pour-kohn\/#breadcrumb"},"inLanguage":"fr-FR","potentialAction":[{"@type":"ReadAction","target":["https:\/\/www.ladiagonale.net\/index.php\/2024\/08\/15\/une-deuxieme-chance-pour-kohn\/"]}]},{"@type":"BreadcrumbList","@id":"https:\/\/www.ladiagonale.net\/index.php\/2024\/08\/15\/une-deuxieme-chance-pour-kohn\/#breadcrumb","itemListElement":[{"@type":"ListItem","position":1,"name":"Accueil","item":"https:\/\/www.ladiagonale.net\/"},{"@type":"ListItem","position":2,"name":"Une deuxi\u00e8me chance pour K\u00f6hn"}]},{"@type":"WebSite","@id":"https:\/\/www.ladiagonale.net\/#website","url":"https:\/\/www.ladiagonale.net\/","name":"La Diagonale","description":"Le site des supporters de l&#039;AS Monaco FC","potentialAction":[{"@type":"SearchAction","target":{"@type":"EntryPoint","urlTemplate":"https:\/\/www.ladiagonale.net\/?s={search_term_string}"},"query-input":"required name=search_term_string"}],"inLanguage":"fr-FR"},{"@type":"Person","@id":"https:\/\/www.ladiagonale.net\/#\/schema\/person\/79ff1e7b0853ed01b2aa26e64ad300bf","name":"Damien Dellerba","image":{"@type":"ImageObject","inLanguage":"fr-FR","@id":"https:\/\/www.ladiagonale.net\/#\/schema\/person\/image\/","url":"https:\/\/secure.gravatar.com\/avatar\/c7850e06d3ff63cdbaee88b7fc16e2f0?s=96&d=mm&r=g","contentUrl":"https:\/\/secure.gravatar.com\/avatar\/c7850e06d3ff63cdbaee88b7fc16e2f0?s=96&d=mm&r=g","caption":"Damien Dellerba"},"url":"https:\/\/www.ladiagonale.net\/index.php\/author\/damien\/"}]}},"_links":{"self":[{"href":"https:\/\/www.ladiagonale.net\/index.php\/wp-json\/wp\/v2\/posts\/24975"}],"collection":[{"href":"https:\/\/www.ladiagonale.net\/index.php\/wp-json\/wp\/v2\/posts"}],"about":[{"href":"https:\/\/www.ladiagonale.net\/index.php\/wp-json\/wp\/v2\/types\/post"}],"author":[{"embeddable":true,"href":"https:\/\/www.ladiagonale.net\/index.php\/wp-json\/wp\/v2\/users\/2"}],"replies":[{"embeddable":true,"href":"https:\/\/www.ladiagonale.net\/index.php\/wp-json\/wp\/v2\/comments?post=24975"}],"version-history":[{"count":1,"href":"https:\/\/www.ladiagonale.net\/index.php\/wp-json\/wp\/v2\/posts\/24975\/revisions"}],"predecessor-version":[{"id":24976,"href":"https:\/\/www.ladiagonale.net\/index.php\/wp-json\/wp\/v2\/posts\/24975\/revisions\/24976"}],"wp:attachment":[{"href":"https:\/\/www.ladiagonale.net\/index.php\/wp-json\/wp\/v2\/media?parent=24975"}],"wp:term":[{"taxonomy":"category","embeddable":true,"href":"https:\/\/www.ladiagonale.net\/index.php\/wp-json\/wp\/v2\/categories?post=24975"},{"taxonomy":"post_tag","embeddable":true,"href":"https:\/\/www.ladiagonale.net\/index.php\/wp-json\/wp\/v2\/tags?post=24975"}],"curies":[{"name":"wp","href":"https:\/\/api.w.org\/{rel}","templated":true}]}}