{"id":24977,"date":"2024-08-15T18:08:12","date_gmt":"2024-08-15T16:08:12","guid":{"rendered":"https:\/\/www.ladiagonale.net\/?p=24977"},"modified":"2024-08-16T15:34:02","modified_gmt":"2024-08-16T13:34:02","slug":"zakaria-capitaine-kehrer-vice-capitaine","status":"publish","type":"post","link":"https:\/\/www.ladiagonale.net\/index.php\/2024\/08\/15\/zakaria-capitaine-kehrer-vice-capitaine\/","title":{"rendered":"Zakaria d\u00e9sign\u00e9 capitaine, Kehrer vice-capitaine"},"content":{"rendered":"\n\n\n<p>Avec les d\u00e9parts de Wissam Ben Yedder en juin \u00e0 la fin de son contrat et celui \u00e0 venir de Youssouf Fofana, l\u2019AS Monaco avait besoin d\u2019un autre capitaine pour cette saison, alors que l\u2019avenir de Guillermo Maripan est incertain et que sa place dans le onze loin d\u2019\u00eatre assur\u00e9e. Sans grande surprise, Adi H\u00fctter a confi\u00e9 le brassard \u00e0 l\u2019un de ses hommes de confiance, Denis Zakaria, qu\u2019il a lanc\u00e9 chez les pros aux Young Boys et retrouv\u00e9 en Allemagne \u00e0 M\u00f6nchengladbach. Thilo Kehrer, qui a aussi fait preuve de caract\u00e8re lors de ses premiers mois en pr\u00eat, sera vice-capitaine.<\/p>\n\n\n\n<p>\u00ab&nbsp;<em>Nous \u00e9tions tr\u00e8s impressionn\u00e9s la saison derni\u00e8re quand il (Zakaria) est arriv\u00e9, vis-\u00e0-vis de son int\u00e9gration tr\u00e8s rapide<\/em>, a avanc\u00e9 H\u00fctter en conf\u00e9rence de presse. <em>C\u2019est un joueur cl\u00e9, qui est tr\u00e8s exp\u00e9riment\u00e9 et qui parle plusieurs langues. J\u2019aime aussi avoir une bonne connexion avec le capitaine. Nous \u00e9tions tous d\u2019accord au Club, pour dire que Denis devait endosser ce r\u00f4le avec Thilo Kehrer pour l\u2019assister. Et quand nous aurons besoin d\u2019un troisi\u00e8me, nous le trouverons.<\/em>&nbsp;\u00bb<\/p>\n\n\n\n<p>Contre le FC Barcelone, lundi, Zakaria avait effectivement port\u00e9 le brassard de capitaine avant de le confier \u00e0 Thilo Kehrer dans les derni\u00e8res minutes de la rencontre apr\u00e8s sa sortie.<\/p>\n\n\n\n<p>Source : <em>AS Monaco<\/em><\/p>\n","protected":false},"excerpt":{"rendered":"<p>Avec les d\u00e9parts de Wissam Ben Yedder en juin \u00e0 la fin de son contrat et celui \u00e0 venir de Youssouf Fofana, l\u2019AS Monaco avait besoin d\u2019un autre capitaine pour cette saison, alors que l\u2019avenir de Guillermo Maripan est incertain et que sa place dans le onze loin d\u2019\u00eatre assur\u00e9e. Sans grande surprise, Adi H\u00fctter [&#8230;]\n","protected":false},"author":2,"featured_media":0,"comment_status":"open","ping_status":"open","sticky":false,"template":"","format":"standard","meta":[],"categories":[4,6],"tags":[86,790,631,756],"yoast_head":"<!-- This site is optimized with the Yoast SEO plugin v19.8 - https:\/\/yoast.com\/wordpress\/plugins\/seo\/ -->\n<title>Zakaria d\u00e9sign\u00e9 capitaine, Kehrer vice-capitaine - La Diagonale<\/title>\n<meta name=\"robots\" content=\"index, follow, max-snippet:-1, max-image-preview:large, max-video-preview:-1\" \/>\n<link rel=\"canonical\" href=\"https:\/\/www.ladiagonale.net\/index.php\/2024\/08\/15\/zakaria-capitaine-kehrer-vice-capitaine\/\" \/>\n<meta property=\"og:locale\" content=\"fr_FR\" \/>\n<meta property=\"og:type\" content=\"article\" \/>\n<meta property=\"og:title\" content=\"Zakaria d\u00e9sign\u00e9 capitaine, Kehrer vice-capitaine - La Diagonale\" \/>\n<meta property=\"og:description\" content=\"Avec les d\u00e9parts de Wissam Ben Yedder en juin \u00e0 la fin de son contrat et celui \u00e0 venir de Youssouf Fofana, l\u2019AS Monaco avait besoin d\u2019un autre capitaine pour cette saison, alors que l\u2019avenir de Guillermo Maripan est incertain et que sa place dans le onze loin d\u2019\u00eatre assur\u00e9e. Sans grande surprise, Adi H\u00fctter [...]\" \/>\n<meta property=\"og:url\" content=\"https:\/\/www.ladiagonale.net\/index.php\/2024\/08\/15\/zakaria-capitaine-kehrer-vice-capitaine\/\" \/>\n<meta property=\"og:site_name\" content=\"La Diagonale\" \/>\n<meta property=\"article:published_time\" content=\"2024-08-15T16:08:12+00:00\" \/>\n<meta property=\"article:modified_time\" content=\"2024-08-16T13:34:02+00:00\" \/>\n<meta property=\"og:image\" content=\"https:\/\/www.ladiagonale.net\/wp-content\/uploads\/2024\/08\/zakcap.png\" \/>\n\t<meta property=\"og:image:width\" content=\"1160\" \/>\n\t<meta property=\"og:image:height\" content=\"650\" \/>\n\t<meta property=\"og:image:type\" content=\"image\/png\" \/>\n<meta name=\"author\" content=\"Damien Dellerba\" \/>\n<meta name=\"twitter:card\" content=\"summary_large_image\" \/>\n<meta name=\"twitter:image\" content=\"https:\/\/www.ladiagonale.net\/wp-content\/uploads\/2024\/08\/zakcap.png\" \/>\n<meta name=\"twitter:label1\" content=\"\u00c9crit par\" \/>\n\t<meta name=\"twitter:data1\" content=\"Damien Dellerba\" \/>\n\t<meta name=\"twitter:label2\" content=\"Dur\u00e9e de lecture estim\u00e9e\" \/>\n\t<meta name=\"twitter:data2\" content=\"2 minutes\" \/>\n<script type=\"application\/ld+json\" class=\"yoast-schema-graph\">{\"@context\":\"https:\/\/schema.org\",\"@graph\":[{\"@type\":\"WebPage\",\"@id\":\"https:\/\/www.ladiagonale.net\/index.php\/2024\/08\/15\/zakaria-capitaine-kehrer-vice-capitaine\/\",\"url\":\"https:\/\/www.ladiagonale.net\/index.php\/2024\/08\/15\/zakaria-capitaine-kehrer-vice-capitaine\/\",\"name\":\"Zakaria d\u00e9sign\u00e9 capitaine, Kehrer vice-capitaine - La Diagonale\",\"isPartOf\":{\"@id\":\"https:\/\/www.ladiagonale.net\/#website\"},\"datePublished\":\"2024-08-15T16:08:12+00:00\",\"dateModified\":\"2024-08-16T13:34:02+00:00\",\"author\":{\"@id\":\"https:\/\/www.ladiagonale.net\/#\/schema\/person\/79ff1e7b0853ed01b2aa26e64ad300bf\"},\"breadcrumb\":{\"@id\":\"https:\/\/www.ladiagonale.net\/index.php\/2024\/08\/15\/zakaria-capitaine-kehrer-vice-capitaine\/#breadcrumb\"},\"inLanguage\":\"fr-FR\",\"potentialAction\":[{\"@type\":\"ReadAction\",\"target\":[\"https:\/\/www.ladiagonale.net\/index.php\/2024\/08\/15\/zakaria-capitaine-kehrer-vice-capitaine\/\"]}]},{\"@type\":\"BreadcrumbList\",\"@id\":\"https:\/\/www.ladiagonale.net\/index.php\/2024\/08\/15\/zakaria-capitaine-kehrer-vice-capitaine\/#breadcrumb\",\"itemListElement\":[{\"@type\":\"ListItem\",\"position\":1,\"name\":\"Accueil\",\"item\":\"https:\/\/www.ladiagonale.net\/\"},{\"@type\":\"ListItem\",\"position\":2,\"name\":\"Zakaria d\u00e9sign\u00e9 capitaine, Kehrer vice-capitaine\"}]},{\"@type\":\"WebSite\",\"@id\":\"https:\/\/www.ladiagonale.net\/#website\",\"url\":\"https:\/\/www.ladiagonale.net\/\",\"name\":\"La Diagonale\",\"description\":\"Le site des supporters de l&#039;AS Monaco FC\",\"potentialAction\":[{\"@type\":\"SearchAction\",\"target\":{\"@type\":\"EntryPoint\",\"urlTemplate\":\"https:\/\/www.ladiagonale.net\/?s={search_term_string}\"},\"query-input\":\"required name=search_term_string\"}],\"inLanguage\":\"fr-FR\"},{\"@type\":\"Person\",\"@id\":\"https:\/\/www.ladiagonale.net\/#\/schema\/person\/79ff1e7b0853ed01b2aa26e64ad300bf\",\"name\":\"Damien Dellerba\",\"image\":{\"@type\":\"ImageObject\",\"inLanguage\":\"fr-FR\",\"@id\":\"https:\/\/www.ladiagonale.net\/#\/schema\/person\/image\/\",\"url\":\"https:\/\/secure.gravatar.com\/avatar\/c7850e06d3ff63cdbaee88b7fc16e2f0?s=96&d=mm&r=g\",\"contentUrl\":\"https:\/\/secure.gravatar.com\/avatar\/c7850e06d3ff63cdbaee88b7fc16e2f0?s=96&d=mm&r=g\",\"caption\":\"Damien Dellerba\"},\"url\":\"https:\/\/www.ladiagonale.net\/index.php\/author\/damien\/\"}]}<\/script>\n<!-- \/ Yoast SEO plugin. -->","yoast_head_json":{"title":"Zakaria d\u00e9sign\u00e9 capitaine, Kehrer vice-capitaine - La Diagonale","robots":{"index":"index","follow":"follow","max-snippet":"max-snippet:-1","max-image-preview":"max-image-preview:large","max-video-preview":"max-video-preview:-1"},"canonical":"https:\/\/www.ladiagonale.net\/index.php\/2024\/08\/15\/zakaria-capitaine-kehrer-vice-capitaine\/","og_locale":"fr_FR","og_type":"article","og_title":"Zakaria d\u00e9sign\u00e9 capitaine, Kehrer vice-capitaine - La Diagonale","og_description":"Avec les d\u00e9parts de Wissam Ben Yedder en juin \u00e0 la fin de son contrat et celui \u00e0 venir de Youssouf Fofana, l\u2019AS Monaco avait besoin d\u2019un autre capitaine pour cette saison, alors que l\u2019avenir de Guillermo Maripan est incertain et que sa place dans le onze loin d\u2019\u00eatre assur\u00e9e. Sans grande surprise, Adi H\u00fctter [...]","og_url":"https:\/\/www.ladiagonale.net\/index.php\/2024\/08\/15\/zakaria-capitaine-kehrer-vice-capitaine\/","og_site_name":"La Diagonale","article_published_time":"2024-08-15T16:08:12+00:00","article_modified_time":"2024-08-16T13:34:02+00:00","og_image":[{"width":1160,"height":650,"url":"https:\/\/www.ladiagonale.net\/wp-content\/uploads\/2024\/08\/zakcap.png","type":"image\/png"}],"author":"Damien Dellerba","twitter_card":"summary_large_image","twitter_image":"https:\/\/www.ladiagonale.net\/wp-content\/uploads\/2024\/08\/zakcap.png","twitter_misc":{"\u00c9crit par":"Damien Dellerba","Dur\u00e9e de lecture estim\u00e9e":"2 minutes"},"schema":{"@context":"https:\/\/schema.org","@graph":[{"@type":"WebPage","@id":"https:\/\/www.ladiagonale.net\/index.php\/2024\/08\/15\/zakaria-capitaine-kehrer-vice-capitaine\/","url":"https:\/\/www.ladiagonale.net\/index.php\/2024\/08\/15\/zakaria-capitaine-kehrer-vice-capitaine\/","name":"Zakaria d\u00e9sign\u00e9 capitaine, Kehrer vice-capitaine - La Diagonale","isPartOf":{"@id":"https:\/\/www.ladiagonale.net\/#website"},"datePublished":"2024-08-15T16:08:12+00:00","dateModified":"2024-08-16T13:34:02+00:00","author":{"@id":"https:\/\/www.ladiagonale.net\/#\/schema\/person\/79ff1e7b0853ed01b2aa26e64ad300bf"},"breadcrumb":{"@id":"https:\/\/www.ladiagonale.net\/index.php\/2024\/08\/15\/zakaria-capitaine-kehrer-vice-capitaine\/#breadcrumb"},"inLanguage":"fr-FR","potentialAction":[{"@type":"ReadAction","target":["https:\/\/www.ladiagonale.net\/index.php\/2024\/08\/15\/zakaria-capitaine-kehrer-vice-capitaine\/"]}]},{"@type":"BreadcrumbList","@id":"https:\/\/www.ladiagonale.net\/index.php\/2024\/08\/15\/zakaria-capitaine-kehrer-vice-capitaine\/#breadcrumb","itemListElement":[{"@type":"ListItem","position":1,"name":"Accueil","item":"https:\/\/www.ladiagonale.net\/"},{"@type":"ListItem","position":2,"name":"Zakaria d\u00e9sign\u00e9 capitaine, Kehrer vice-capitaine"}]},{"@type":"WebSite","@id":"https:\/\/www.ladiagonale.net\/#website","url":"https:\/\/www.ladiagonale.net\/","name":"La Diagonale","description":"Le site des supporters de l&#039;AS Monaco FC","potentialAction":[{"@type":"SearchAction","target":{"@type":"EntryPoint","urlTemplate":"https:\/\/www.ladiagonale.net\/?s={search_term_string}"},"query-input":"required name=search_term_string"}],"inLanguage":"fr-FR"},{"@type":"Person","@id":"https:\/\/www.ladiagonale.net\/#\/schema\/person\/79ff1e7b0853ed01b2aa26e64ad300bf","name":"Damien Dellerba","image":{"@type":"ImageObject","inLanguage":"fr-FR","@id":"https:\/\/www.ladiagonale.net\/#\/schema\/person\/image\/","url":"https:\/\/secure.gravatar.com\/avatar\/c7850e06d3ff63cdbaee88b7fc16e2f0?s=96&d=mm&r=g","contentUrl":"https:\/\/secure.gravatar.com\/avatar\/c7850e06d3ff63cdbaee88b7fc16e2f0?s=96&d=mm&r=g","caption":"Damien Dellerba"},"url":"https:\/\/www.ladiagonale.net\/index.php\/author\/damien\/"}]}},"_links":{"self":[{"href":"https:\/\/www.ladiagonale.net\/index.php\/wp-json\/wp\/v2\/posts\/24977"}],"collection":[{"href":"https:\/\/www.ladiagonale.net\/index.php\/wp-json\/wp\/v2\/posts"}],"about":[{"href":"https:\/\/www.ladiagonale.net\/index.php\/wp-json\/wp\/v2\/types\/post"}],"author":[{"embeddable":true,"href":"https:\/\/www.ladiagonale.net\/index.php\/wp-json\/wp\/v2\/users\/2"}],"replies":[{"embeddable":true,"href":"https:\/\/www.ladiagonale.net\/index.php\/wp-json\/wp\/v2\/comments?post=24977"}],"version-history":[{"count":4,"href":"https:\/\/www.ladiagonale.net\/index.php\/wp-json\/wp\/v2\/posts\/24977\/revisions"}],"predecessor-version":[{"id":25014,"href":"https:\/\/www.ladiagonale.net\/index.php\/wp-json\/wp\/v2\/posts\/24977\/revisions\/25014"}],"wp:attachment":[{"href":"https:\/\/www.ladiagonale.net\/index.php\/wp-json\/wp\/v2\/media?parent=24977"}],"wp:term":[{"taxonomy":"category","embeddable":true,"href":"https:\/\/www.ladiagonale.net\/index.php\/wp-json\/wp\/v2\/categories?post=24977"},{"taxonomy":"post_tag","embeddable":true,"href":"https:\/\/www.ladiagonale.net\/index.php\/wp-json\/wp\/v2\/tags?post=24977"}],"curies":[{"name":"wp","href":"https:\/\/api.w.org\/{rel}","templated":true}]}}