{"id":24982,"date":"2024-08-15T21:41:22","date_gmt":"2024-08-15T19:41:22","guid":{"rendered":"https:\/\/www.ladiagonale.net\/?p=24982"},"modified":"2024-08-16T15:34:50","modified_gmt":"2024-08-16T13:34:50","slug":"hutter-nous-sommes-tres-clairs-dans-nos-objectifs","status":"publish","type":"post","link":"https:\/\/www.ladiagonale.net\/index.php\/2024\/08\/15\/hutter-nous-sommes-tres-clairs-dans-nos-objectifs\/","title":{"rendered":"H\u00fctter : \u00ab\u00a0Nous sommes tr\u00e8s clairs dans nos objectifs\u00a0\u00bb"},"content":{"rendered":"\n\n\n<p>La saison de Ligue 1 reprend ce samedi pour l\u2019AS Monaco, face \u00e0 Saint-\u00c9tienne. Un long marathon de 34 journ\u00e9es d\u00e9bute pour le club de la Principaut\u00e9, et l\u2019objectif sera de rester en haut du classement en Ligue 1 notamment : \u00ab\u00a0<em>Nous pouvons toujours r\u00eaver de titres dans la vie, c\u2019est dans la nature humaine, <\/em>a expliqu\u00e9 Adi H\u00fctter en conf\u00e9rence de presse.<em> Mais nous sommes surtout tr\u00e8s clairs dans nos objectifs, nous voulons rester tout en haut du classement et pourquoi pas passer les poules en C1 <\/em>(il s&rsquo;agit d\u00e9sormais d&rsquo;une poule unique, NDLR)<em>. L\u2019AS Monaco a toujours \u00e9t\u00e9 un club ambitieux, et nous avons une tr\u00e8s bonne \u00e9quipe cette saison, mais c\u2019est encore un challenge diff\u00e9rent de l\u2019an pass\u00e9.<\/em>\u00a0\u00bb<\/p>\n\n\n\n<p>Mais Monaco aura aussi un calendrier plus charg\u00e9 que la saison pass\u00e9e, avec huit rencontres de plus en Ligue des champions, ce qui pourrait rendre la t\u00e2che des Mon\u00e9gasques plus ardue. Et selon le technicien autrichien, il faudra aussi compter sur des adversaires plus forts dans l\u2019\u00e9lite : \u00ab&nbsp;<em>D\u00e9sormais nous sommes engag\u00e9s en Ligue des Champions, la comp\u00e9tition la plus difficile. Et puis certaines \u00e9quipes se sont renforc\u00e9es, comme l\u2019Olympique de Marseille, avec son nouveau coach, ou encore Lyon, qui a \u00e9t\u00e9 tr\u00e8s actif. Sans parler du PSG et des autres \u00e9quipes. C\u2019est donc un nouveau d\u00e9fi pour nous, mais nous gardons des ambitions \u00e9lev\u00e9es.<\/em>&nbsp;\u00bb<\/p>\n\n\n\n<p>H\u00fctter s\u2019est aussi projet\u00e9 sur la premi\u00e8re rencontre de la saison face \u00e0 l\u2019ASSE et sur l\u2019importance de bien r\u00e9ussir l\u2019entame de championnat : \u00ab&nbsp;<em>Nous nous attendons \u00e0 ce qu\u2019ils jouent en 4-3-3 avec Sissoko devant, un attaquant solide sur lequel ils jouent des longs ballons. Nous aurons certainement davantage la possession et devrons trouver des solutions pour les maintenir sous pression, tout en pratiquant notre style de jeu. La saison derni\u00e8re nous avons perdu beaucoup de points en route pour nous mettre \u00e0 l\u2019abri, nous devrons donc faire attention pour r\u00e9duire l\u2019\u00e9cart avec le Paris Saint-Germain notamment et les meilleures \u00e9quipes.&nbsp;<\/em>\u00bb<\/p>\n","protected":false},"excerpt":{"rendered":"<p>La saison de Ligue 1 reprend ce samedi pour l\u2019AS Monaco, face \u00e0 Saint-\u00c9tienne. Un long marathon de 34 journ\u00e9es d\u00e9bute pour le club de la Principaut\u00e9, et l\u2019objectif sera de rester en haut du classement en Ligue 1 notamment : \u00ab\u00a0Nous pouvons toujours r\u00eaver de titres dans la vie, c\u2019est dans la nature humaine, [&#8230;]\n","protected":false},"author":2,"featured_media":0,"comment_status":"open","ping_status":"open","sticky":false,"template":"","format":"standard","meta":[],"categories":[6],"tags":[576,86,94,871],"yoast_head":"<!-- This site is optimized with the Yoast SEO plugin v19.8 - https:\/\/yoast.com\/wordpress\/plugins\/seo\/ -->\n<title>H\u00fctter : \u00ab\u00a0Nous sommes tr\u00e8s clairs dans nos objectifs\u00a0\u00bb - La Diagonale<\/title>\n<meta name=\"robots\" content=\"index, follow, max-snippet:-1, max-image-preview:large, max-video-preview:-1\" \/>\n<link rel=\"canonical\" href=\"https:\/\/www.ladiagonale.net\/index.php\/2024\/08\/15\/hutter-nous-sommes-tres-clairs-dans-nos-objectifs\/\" \/>\n<meta property=\"og:locale\" content=\"fr_FR\" \/>\n<meta property=\"og:type\" content=\"article\" \/>\n<meta property=\"og:title\" content=\"H\u00fctter : \u00ab\u00a0Nous sommes tr\u00e8s clairs dans nos objectifs\u00a0\u00bb - La Diagonale\" \/>\n<meta property=\"og:description\" content=\"La saison de Ligue 1 reprend ce samedi pour l\u2019AS Monaco, face \u00e0 Saint-\u00c9tienne. Un long marathon de 34 journ\u00e9es d\u00e9bute pour le club de la Principaut\u00e9, et l\u2019objectif sera de rester en haut du classement en Ligue 1 notamment : \u00ab\u00a0Nous pouvons toujours r\u00eaver de titres dans la vie, c\u2019est dans la nature humaine, [...]\" \/>\n<meta property=\"og:url\" content=\"https:\/\/www.ladiagonale.net\/index.php\/2024\/08\/15\/hutter-nous-sommes-tres-clairs-dans-nos-objectifs\/\" \/>\n<meta property=\"og:site_name\" content=\"La Diagonale\" \/>\n<meta property=\"article:published_time\" content=\"2024-08-15T19:41:22+00:00\" \/>\n<meta property=\"article:modified_time\" content=\"2024-08-16T13:34:50+00:00\" \/>\n<meta property=\"og:image\" content=\"https:\/\/www.ladiagonale.net\/wp-content\/uploads\/2024\/07\/Hu\u0308tter-training.png\" \/>\n\t<meta property=\"og:image:width\" content=\"1160\" \/>\n\t<meta property=\"og:image:height\" content=\"650\" \/>\n\t<meta property=\"og:image:type\" content=\"image\/png\" \/>\n<meta name=\"author\" content=\"Damien Dellerba\" \/>\n<meta name=\"twitter:card\" content=\"summary_large_image\" \/>\n<meta name=\"twitter:image\" content=\"https:\/\/www.ladiagonale.net\/wp-content\/uploads\/2024\/07\/Hu\u0308tter-training.png\" \/>\n<meta name=\"twitter:label1\" content=\"\u00c9crit par\" \/>\n\t<meta name=\"twitter:data1\" content=\"Damien Dellerba\" \/>\n\t<meta name=\"twitter:label2\" content=\"Dur\u00e9e de lecture estim\u00e9e\" \/>\n\t<meta name=\"twitter:data2\" content=\"2 minutes\" \/>\n<script type=\"application\/ld+json\" class=\"yoast-schema-graph\">{\"@context\":\"https:\/\/schema.org\",\"@graph\":[{\"@type\":\"WebPage\",\"@id\":\"https:\/\/www.ladiagonale.net\/index.php\/2024\/08\/15\/hutter-nous-sommes-tres-clairs-dans-nos-objectifs\/\",\"url\":\"https:\/\/www.ladiagonale.net\/index.php\/2024\/08\/15\/hutter-nous-sommes-tres-clairs-dans-nos-objectifs\/\",\"name\":\"H\u00fctter : \u00ab\u00a0Nous sommes tr\u00e8s clairs dans nos objectifs\u00a0\u00bb - La Diagonale\",\"isPartOf\":{\"@id\":\"https:\/\/www.ladiagonale.net\/#website\"},\"datePublished\":\"2024-08-15T19:41:22+00:00\",\"dateModified\":\"2024-08-16T13:34:50+00:00\",\"author\":{\"@id\":\"https:\/\/www.ladiagonale.net\/#\/schema\/person\/79ff1e7b0853ed01b2aa26e64ad300bf\"},\"breadcrumb\":{\"@id\":\"https:\/\/www.ladiagonale.net\/index.php\/2024\/08\/15\/hutter-nous-sommes-tres-clairs-dans-nos-objectifs\/#breadcrumb\"},\"inLanguage\":\"fr-FR\",\"potentialAction\":[{\"@type\":\"ReadAction\",\"target\":[\"https:\/\/www.ladiagonale.net\/index.php\/2024\/08\/15\/hutter-nous-sommes-tres-clairs-dans-nos-objectifs\/\"]}]},{\"@type\":\"BreadcrumbList\",\"@id\":\"https:\/\/www.ladiagonale.net\/index.php\/2024\/08\/15\/hutter-nous-sommes-tres-clairs-dans-nos-objectifs\/#breadcrumb\",\"itemListElement\":[{\"@type\":\"ListItem\",\"position\":1,\"name\":\"Accueil\",\"item\":\"https:\/\/www.ladiagonale.net\/\"},{\"@type\":\"ListItem\",\"position\":2,\"name\":\"H\u00fctter : \u00ab\u00a0Nous sommes tr\u00e8s clairs dans nos objectifs\u00a0\u00bb\"}]},{\"@type\":\"WebSite\",\"@id\":\"https:\/\/www.ladiagonale.net\/#website\",\"url\":\"https:\/\/www.ladiagonale.net\/\",\"name\":\"La Diagonale\",\"description\":\"Le site des supporters de l&#039;AS Monaco FC\",\"potentialAction\":[{\"@type\":\"SearchAction\",\"target\":{\"@type\":\"EntryPoint\",\"urlTemplate\":\"https:\/\/www.ladiagonale.net\/?s={search_term_string}\"},\"query-input\":\"required name=search_term_string\"}],\"inLanguage\":\"fr-FR\"},{\"@type\":\"Person\",\"@id\":\"https:\/\/www.ladiagonale.net\/#\/schema\/person\/79ff1e7b0853ed01b2aa26e64ad300bf\",\"name\":\"Damien Dellerba\",\"image\":{\"@type\":\"ImageObject\",\"inLanguage\":\"fr-FR\",\"@id\":\"https:\/\/www.ladiagonale.net\/#\/schema\/person\/image\/\",\"url\":\"https:\/\/secure.gravatar.com\/avatar\/c7850e06d3ff63cdbaee88b7fc16e2f0?s=96&d=mm&r=g\",\"contentUrl\":\"https:\/\/secure.gravatar.com\/avatar\/c7850e06d3ff63cdbaee88b7fc16e2f0?s=96&d=mm&r=g\",\"caption\":\"Damien Dellerba\"},\"url\":\"https:\/\/www.ladiagonale.net\/index.php\/author\/damien\/\"}]}<\/script>\n<!-- \/ Yoast SEO plugin. -->","yoast_head_json":{"title":"H\u00fctter : \u00ab\u00a0Nous sommes tr\u00e8s clairs dans nos objectifs\u00a0\u00bb - La Diagonale","robots":{"index":"index","follow":"follow","max-snippet":"max-snippet:-1","max-image-preview":"max-image-preview:large","max-video-preview":"max-video-preview:-1"},"canonical":"https:\/\/www.ladiagonale.net\/index.php\/2024\/08\/15\/hutter-nous-sommes-tres-clairs-dans-nos-objectifs\/","og_locale":"fr_FR","og_type":"article","og_title":"H\u00fctter : \u00ab\u00a0Nous sommes tr\u00e8s clairs dans nos objectifs\u00a0\u00bb - La Diagonale","og_description":"La saison de Ligue 1 reprend ce samedi pour l\u2019AS Monaco, face \u00e0 Saint-\u00c9tienne. Un long marathon de 34 journ\u00e9es d\u00e9bute pour le club de la Principaut\u00e9, et l\u2019objectif sera de rester en haut du classement en Ligue 1 notamment : \u00ab\u00a0Nous pouvons toujours r\u00eaver de titres dans la vie, c\u2019est dans la nature humaine, [...]","og_url":"https:\/\/www.ladiagonale.net\/index.php\/2024\/08\/15\/hutter-nous-sommes-tres-clairs-dans-nos-objectifs\/","og_site_name":"La Diagonale","article_published_time":"2024-08-15T19:41:22+00:00","article_modified_time":"2024-08-16T13:34:50+00:00","og_image":[{"width":1160,"height":650,"url":"https:\/\/www.ladiagonale.net\/wp-content\/uploads\/2024\/07\/Hu\u0308tter-training.png","type":"image\/png"}],"author":"Damien Dellerba","twitter_card":"summary_large_image","twitter_image":"https:\/\/www.ladiagonale.net\/wp-content\/uploads\/2024\/07\/Hu\u0308tter-training.png","twitter_misc":{"\u00c9crit par":"Damien Dellerba","Dur\u00e9e de lecture estim\u00e9e":"2 minutes"},"schema":{"@context":"https:\/\/schema.org","@graph":[{"@type":"WebPage","@id":"https:\/\/www.ladiagonale.net\/index.php\/2024\/08\/15\/hutter-nous-sommes-tres-clairs-dans-nos-objectifs\/","url":"https:\/\/www.ladiagonale.net\/index.php\/2024\/08\/15\/hutter-nous-sommes-tres-clairs-dans-nos-objectifs\/","name":"H\u00fctter : \u00ab\u00a0Nous sommes tr\u00e8s clairs dans nos objectifs\u00a0\u00bb - La Diagonale","isPartOf":{"@id":"https:\/\/www.ladiagonale.net\/#website"},"datePublished":"2024-08-15T19:41:22+00:00","dateModified":"2024-08-16T13:34:50+00:00","author":{"@id":"https:\/\/www.ladiagonale.net\/#\/schema\/person\/79ff1e7b0853ed01b2aa26e64ad300bf"},"breadcrumb":{"@id":"https:\/\/www.ladiagonale.net\/index.php\/2024\/08\/15\/hutter-nous-sommes-tres-clairs-dans-nos-objectifs\/#breadcrumb"},"inLanguage":"fr-FR","potentialAction":[{"@type":"ReadAction","target":["https:\/\/www.ladiagonale.net\/index.php\/2024\/08\/15\/hutter-nous-sommes-tres-clairs-dans-nos-objectifs\/"]}]},{"@type":"BreadcrumbList","@id":"https:\/\/www.ladiagonale.net\/index.php\/2024\/08\/15\/hutter-nous-sommes-tres-clairs-dans-nos-objectifs\/#breadcrumb","itemListElement":[{"@type":"ListItem","position":1,"name":"Accueil","item":"https:\/\/www.ladiagonale.net\/"},{"@type":"ListItem","position":2,"name":"H\u00fctter : \u00ab\u00a0Nous sommes tr\u00e8s clairs dans nos objectifs\u00a0\u00bb"}]},{"@type":"WebSite","@id":"https:\/\/www.ladiagonale.net\/#website","url":"https:\/\/www.ladiagonale.net\/","name":"La Diagonale","description":"Le site des supporters de l&#039;AS Monaco FC","potentialAction":[{"@type":"SearchAction","target":{"@type":"EntryPoint","urlTemplate":"https:\/\/www.ladiagonale.net\/?s={search_term_string}"},"query-input":"required name=search_term_string"}],"inLanguage":"fr-FR"},{"@type":"Person","@id":"https:\/\/www.ladiagonale.net\/#\/schema\/person\/79ff1e7b0853ed01b2aa26e64ad300bf","name":"Damien Dellerba","image":{"@type":"ImageObject","inLanguage":"fr-FR","@id":"https:\/\/www.ladiagonale.net\/#\/schema\/person\/image\/","url":"https:\/\/secure.gravatar.com\/avatar\/c7850e06d3ff63cdbaee88b7fc16e2f0?s=96&d=mm&r=g","contentUrl":"https:\/\/secure.gravatar.com\/avatar\/c7850e06d3ff63cdbaee88b7fc16e2f0?s=96&d=mm&r=g","caption":"Damien Dellerba"},"url":"https:\/\/www.ladiagonale.net\/index.php\/author\/damien\/"}]}},"_links":{"self":[{"href":"https:\/\/www.ladiagonale.net\/index.php\/wp-json\/wp\/v2\/posts\/24982"}],"collection":[{"href":"https:\/\/www.ladiagonale.net\/index.php\/wp-json\/wp\/v2\/posts"}],"about":[{"href":"https:\/\/www.ladiagonale.net\/index.php\/wp-json\/wp\/v2\/types\/post"}],"author":[{"embeddable":true,"href":"https:\/\/www.ladiagonale.net\/index.php\/wp-json\/wp\/v2\/users\/2"}],"replies":[{"embeddable":true,"href":"https:\/\/www.ladiagonale.net\/index.php\/wp-json\/wp\/v2\/comments?post=24982"}],"version-history":[{"count":3,"href":"https:\/\/www.ladiagonale.net\/index.php\/wp-json\/wp\/v2\/posts\/24982\/revisions"}],"predecessor-version":[{"id":25016,"href":"https:\/\/www.ladiagonale.net\/index.php\/wp-json\/wp\/v2\/posts\/24982\/revisions\/25016"}],"wp:attachment":[{"href":"https:\/\/www.ladiagonale.net\/index.php\/wp-json\/wp\/v2\/media?parent=24982"}],"wp:term":[{"taxonomy":"category","embeddable":true,"href":"https:\/\/www.ladiagonale.net\/index.php\/wp-json\/wp\/v2\/categories?post=24982"},{"taxonomy":"post_tag","embeddable":true,"href":"https:\/\/www.ladiagonale.net\/index.php\/wp-json\/wp\/v2\/tags?post=24982"}],"curies":[{"name":"wp","href":"https:\/\/api.w.org\/{rel}","templated":true}]}}