{"id":25027,"date":"2024-08-16T17:35:55","date_gmt":"2024-08-16T15:35:55","guid":{"rendered":"https:\/\/www.ladiagonale.net\/?p=25027"},"modified":"2024-08-16T17:35:57","modified_gmt":"2024-08-16T15:35:57","slug":"fonseca-annonce-larrivee-de-fofana-a-milan","status":"publish","type":"post","link":"https:\/\/www.ladiagonale.net\/index.php\/2024\/08\/16\/fonseca-annonce-larrivee-de-fofana-a-milan\/","title":{"rendered":"Fonseca annonce l&rsquo;arriv\u00e9e de Fofana \u00e0 Milan"},"content":{"rendered":"\n\n\n<p>Les derni\u00e8res informations allaient <a href=\"https:\/\/www.ladiagonale.net\/index.php\/2024\/08\/15\/milan-aurait-rehausse-son-offre-pour-fofana\/\">dans le sens d&rsquo;un d\u00e9blocage<\/a> du dossier Youssouf Fofana et l&rsquo;entra\u00eeneur de l&rsquo;AC Milan Paulo Fonseca s&rsquo;est exprim\u00e9 en ce sens, vendredi, en conf\u00e9rence de presse, dans des propos relay\u00e9s par <em>Milan News<\/em> : \u00ab\u00a0<em>Je ne veux pas parler avant la visite m\u00e9dicale. Apr\u00e8s cela, nous pourrons parler de Fofana. Mais ce n&rsquo;est pas un secret qu&rsquo;il va arriver et je suis satisfait des recrues<\/em> \u00bb, ajoutant que le Mon\u00e9gasque serait probablement la derni\u00e8re recrue du club lombard.<\/p>\n\n\n\n<p>Ces derniers jours, les positions se sont rapproch\u00e9es entre l&rsquo;AS Monaco et Milan. Le second a revu son offre initiale \u00e0 la hausse pour atteindre 25 millions d&rsquo;euros bonus compris, tandis que du c\u00f4t\u00e9 de l&rsquo;ASM, les exigences financi\u00e8res (30 millions minimum) ont \u00e9t\u00e9 baiss\u00e9es pour favoriser le d\u00e9part du milieu de terrain de 25 ans, qui n&rsquo;avait plus qu&rsquo;un an de contrat. L&rsquo;officialisation du d\u00e9part de Fofana chez le 2<sup>e<\/sup> du dernier exercice de <em>Serie A<\/em> pourrait donc intervenir dans les prochains jours.<\/p>\n","protected":false},"excerpt":{"rendered":"<p>Les derni\u00e8res informations allaient dans le sens d&rsquo;un d\u00e9blocage du dossier Youssouf Fofana et l&rsquo;entra\u00eeneur de l&rsquo;AC Milan Paulo Fonseca s&rsquo;est exprim\u00e9 en ce sens, vendredi, en conf\u00e9rence de presse, dans des propos relay\u00e9s par Milan News : \u00ab\u00a0Je ne veux pas parler avant la visite m\u00e9dicale. Apr\u00e8s cela, nous pourrons parler de Fofana. Mais [&#8230;]\n","protected":false},"author":2,"featured_media":0,"comment_status":"open","ping_status":"open","sticky":false,"template":"","format":"standard","meta":[],"categories":[6],"tags":[86,111,263,110,176],"yoast_head":"<!-- This site is optimized with the Yoast SEO plugin v19.8 - https:\/\/yoast.com\/wordpress\/plugins\/seo\/ -->\n<title>Fonseca annonce l&#039;arriv\u00e9e de Fofana \u00e0 Milan - La Diagonale<\/title>\n<meta name=\"robots\" content=\"index, follow, max-snippet:-1, max-image-preview:large, max-video-preview:-1\" \/>\n<link rel=\"canonical\" href=\"https:\/\/www.ladiagonale.net\/index.php\/2024\/08\/16\/fonseca-annonce-larrivee-de-fofana-a-milan\/\" \/>\n<meta property=\"og:locale\" content=\"fr_FR\" \/>\n<meta property=\"og:type\" content=\"article\" \/>\n<meta property=\"og:title\" content=\"Fonseca annonce l&#039;arriv\u00e9e de Fofana \u00e0 Milan - La Diagonale\" \/>\n<meta property=\"og:description\" content=\"Les derni\u00e8res informations allaient dans le sens d&rsquo;un d\u00e9blocage du dossier Youssouf Fofana et l&rsquo;entra\u00eeneur de l&rsquo;AC Milan Paulo Fonseca s&rsquo;est exprim\u00e9 en ce sens, vendredi, en conf\u00e9rence de presse, dans des propos relay\u00e9s par Milan News : \u00ab\u00a0Je ne veux pas parler avant la visite m\u00e9dicale. Apr\u00e8s cela, nous pourrons parler de Fofana. Mais [...]\" \/>\n<meta property=\"og:url\" content=\"https:\/\/www.ladiagonale.net\/index.php\/2024\/08\/16\/fonseca-annonce-larrivee-de-fofana-a-milan\/\" \/>\n<meta property=\"og:site_name\" content=\"La Diagonale\" \/>\n<meta property=\"article:published_time\" content=\"2024-08-16T15:35:55+00:00\" \/>\n<meta property=\"article:modified_time\" content=\"2024-08-16T15:35:57+00:00\" \/>\n<meta property=\"og:image\" content=\"https:\/\/www.ladiagonale.net\/wp-content\/uploads\/2024\/08\/fonseca2.png\" \/>\n\t<meta property=\"og:image:width\" content=\"1160\" \/>\n\t<meta property=\"og:image:height\" content=\"650\" \/>\n\t<meta property=\"og:image:type\" content=\"image\/png\" \/>\n<meta name=\"author\" content=\"Damien Dellerba\" \/>\n<meta name=\"twitter:card\" content=\"summary_large_image\" \/>\n<meta name=\"twitter:image\" content=\"https:\/\/www.ladiagonale.net\/wp-content\/uploads\/2024\/08\/fonseca2.png\" \/>\n<meta name=\"twitter:label1\" content=\"\u00c9crit par\" \/>\n\t<meta name=\"twitter:data1\" content=\"Damien Dellerba\" \/>\n\t<meta name=\"twitter:label2\" content=\"Dur\u00e9e de lecture estim\u00e9e\" \/>\n\t<meta name=\"twitter:data2\" content=\"1 minute\" \/>\n<script type=\"application\/ld+json\" class=\"yoast-schema-graph\">{\"@context\":\"https:\/\/schema.org\",\"@graph\":[{\"@type\":\"WebPage\",\"@id\":\"https:\/\/www.ladiagonale.net\/index.php\/2024\/08\/16\/fonseca-annonce-larrivee-de-fofana-a-milan\/\",\"url\":\"https:\/\/www.ladiagonale.net\/index.php\/2024\/08\/16\/fonseca-annonce-larrivee-de-fofana-a-milan\/\",\"name\":\"Fonseca annonce l'arriv\u00e9e de Fofana \u00e0 Milan - La Diagonale\",\"isPartOf\":{\"@id\":\"https:\/\/www.ladiagonale.net\/#website\"},\"datePublished\":\"2024-08-16T15:35:55+00:00\",\"dateModified\":\"2024-08-16T15:35:57+00:00\",\"author\":{\"@id\":\"https:\/\/www.ladiagonale.net\/#\/schema\/person\/79ff1e7b0853ed01b2aa26e64ad300bf\"},\"breadcrumb\":{\"@id\":\"https:\/\/www.ladiagonale.net\/index.php\/2024\/08\/16\/fonseca-annonce-larrivee-de-fofana-a-milan\/#breadcrumb\"},\"inLanguage\":\"fr-FR\",\"potentialAction\":[{\"@type\":\"ReadAction\",\"target\":[\"https:\/\/www.ladiagonale.net\/index.php\/2024\/08\/16\/fonseca-annonce-larrivee-de-fofana-a-milan\/\"]}]},{\"@type\":\"BreadcrumbList\",\"@id\":\"https:\/\/www.ladiagonale.net\/index.php\/2024\/08\/16\/fonseca-annonce-larrivee-de-fofana-a-milan\/#breadcrumb\",\"itemListElement\":[{\"@type\":\"ListItem\",\"position\":1,\"name\":\"Accueil\",\"item\":\"https:\/\/www.ladiagonale.net\/\"},{\"@type\":\"ListItem\",\"position\":2,\"name\":\"Fonseca annonce l&rsquo;arriv\u00e9e de Fofana \u00e0 Milan\"}]},{\"@type\":\"WebSite\",\"@id\":\"https:\/\/www.ladiagonale.net\/#website\",\"url\":\"https:\/\/www.ladiagonale.net\/\",\"name\":\"La Diagonale\",\"description\":\"Le site des supporters de l&#039;AS Monaco FC\",\"potentialAction\":[{\"@type\":\"SearchAction\",\"target\":{\"@type\":\"EntryPoint\",\"urlTemplate\":\"https:\/\/www.ladiagonale.net\/?s={search_term_string}\"},\"query-input\":\"required name=search_term_string\"}],\"inLanguage\":\"fr-FR\"},{\"@type\":\"Person\",\"@id\":\"https:\/\/www.ladiagonale.net\/#\/schema\/person\/79ff1e7b0853ed01b2aa26e64ad300bf\",\"name\":\"Damien Dellerba\",\"image\":{\"@type\":\"ImageObject\",\"inLanguage\":\"fr-FR\",\"@id\":\"https:\/\/www.ladiagonale.net\/#\/schema\/person\/image\/\",\"url\":\"https:\/\/secure.gravatar.com\/avatar\/c7850e06d3ff63cdbaee88b7fc16e2f0?s=96&d=mm&r=g\",\"contentUrl\":\"https:\/\/secure.gravatar.com\/avatar\/c7850e06d3ff63cdbaee88b7fc16e2f0?s=96&d=mm&r=g\",\"caption\":\"Damien Dellerba\"},\"url\":\"https:\/\/www.ladiagonale.net\/index.php\/author\/damien\/\"}]}<\/script>\n<!-- \/ Yoast SEO plugin. -->","yoast_head_json":{"title":"Fonseca annonce l'arriv\u00e9e de Fofana \u00e0 Milan - La Diagonale","robots":{"index":"index","follow":"follow","max-snippet":"max-snippet:-1","max-image-preview":"max-image-preview:large","max-video-preview":"max-video-preview:-1"},"canonical":"https:\/\/www.ladiagonale.net\/index.php\/2024\/08\/16\/fonseca-annonce-larrivee-de-fofana-a-milan\/","og_locale":"fr_FR","og_type":"article","og_title":"Fonseca annonce l'arriv\u00e9e de Fofana \u00e0 Milan - La Diagonale","og_description":"Les derni\u00e8res informations allaient dans le sens d&rsquo;un d\u00e9blocage du dossier Youssouf Fofana et l&rsquo;entra\u00eeneur de l&rsquo;AC Milan Paulo Fonseca s&rsquo;est exprim\u00e9 en ce sens, vendredi, en conf\u00e9rence de presse, dans des propos relay\u00e9s par Milan News : \u00ab\u00a0Je ne veux pas parler avant la visite m\u00e9dicale. Apr\u00e8s cela, nous pourrons parler de Fofana. Mais [...]","og_url":"https:\/\/www.ladiagonale.net\/index.php\/2024\/08\/16\/fonseca-annonce-larrivee-de-fofana-a-milan\/","og_site_name":"La Diagonale","article_published_time":"2024-08-16T15:35:55+00:00","article_modified_time":"2024-08-16T15:35:57+00:00","og_image":[{"width":1160,"height":650,"url":"https:\/\/www.ladiagonale.net\/wp-content\/uploads\/2024\/08\/fonseca2.png","type":"image\/png"}],"author":"Damien Dellerba","twitter_card":"summary_large_image","twitter_image":"https:\/\/www.ladiagonale.net\/wp-content\/uploads\/2024\/08\/fonseca2.png","twitter_misc":{"\u00c9crit par":"Damien Dellerba","Dur\u00e9e de lecture estim\u00e9e":"1 minute"},"schema":{"@context":"https:\/\/schema.org","@graph":[{"@type":"WebPage","@id":"https:\/\/www.ladiagonale.net\/index.php\/2024\/08\/16\/fonseca-annonce-larrivee-de-fofana-a-milan\/","url":"https:\/\/www.ladiagonale.net\/index.php\/2024\/08\/16\/fonseca-annonce-larrivee-de-fofana-a-milan\/","name":"Fonseca annonce l'arriv\u00e9e de Fofana \u00e0 Milan - La Diagonale","isPartOf":{"@id":"https:\/\/www.ladiagonale.net\/#website"},"datePublished":"2024-08-16T15:35:55+00:00","dateModified":"2024-08-16T15:35:57+00:00","author":{"@id":"https:\/\/www.ladiagonale.net\/#\/schema\/person\/79ff1e7b0853ed01b2aa26e64ad300bf"},"breadcrumb":{"@id":"https:\/\/www.ladiagonale.net\/index.php\/2024\/08\/16\/fonseca-annonce-larrivee-de-fofana-a-milan\/#breadcrumb"},"inLanguage":"fr-FR","potentialAction":[{"@type":"ReadAction","target":["https:\/\/www.ladiagonale.net\/index.php\/2024\/08\/16\/fonseca-annonce-larrivee-de-fofana-a-milan\/"]}]},{"@type":"BreadcrumbList","@id":"https:\/\/www.ladiagonale.net\/index.php\/2024\/08\/16\/fonseca-annonce-larrivee-de-fofana-a-milan\/#breadcrumb","itemListElement":[{"@type":"ListItem","position":1,"name":"Accueil","item":"https:\/\/www.ladiagonale.net\/"},{"@type":"ListItem","position":2,"name":"Fonseca annonce l&rsquo;arriv\u00e9e de Fofana \u00e0 Milan"}]},{"@type":"WebSite","@id":"https:\/\/www.ladiagonale.net\/#website","url":"https:\/\/www.ladiagonale.net\/","name":"La Diagonale","description":"Le site des supporters de l&#039;AS Monaco FC","potentialAction":[{"@type":"SearchAction","target":{"@type":"EntryPoint","urlTemplate":"https:\/\/www.ladiagonale.net\/?s={search_term_string}"},"query-input":"required name=search_term_string"}],"inLanguage":"fr-FR"},{"@type":"Person","@id":"https:\/\/www.ladiagonale.net\/#\/schema\/person\/79ff1e7b0853ed01b2aa26e64ad300bf","name":"Damien Dellerba","image":{"@type":"ImageObject","inLanguage":"fr-FR","@id":"https:\/\/www.ladiagonale.net\/#\/schema\/person\/image\/","url":"https:\/\/secure.gravatar.com\/avatar\/c7850e06d3ff63cdbaee88b7fc16e2f0?s=96&d=mm&r=g","contentUrl":"https:\/\/secure.gravatar.com\/avatar\/c7850e06d3ff63cdbaee88b7fc16e2f0?s=96&d=mm&r=g","caption":"Damien Dellerba"},"url":"https:\/\/www.ladiagonale.net\/index.php\/author\/damien\/"}]}},"_links":{"self":[{"href":"https:\/\/www.ladiagonale.net\/index.php\/wp-json\/wp\/v2\/posts\/25027"}],"collection":[{"href":"https:\/\/www.ladiagonale.net\/index.php\/wp-json\/wp\/v2\/posts"}],"about":[{"href":"https:\/\/www.ladiagonale.net\/index.php\/wp-json\/wp\/v2\/types\/post"}],"author":[{"embeddable":true,"href":"https:\/\/www.ladiagonale.net\/index.php\/wp-json\/wp\/v2\/users\/2"}],"replies":[{"embeddable":true,"href":"https:\/\/www.ladiagonale.net\/index.php\/wp-json\/wp\/v2\/comments?post=25027"}],"version-history":[{"count":1,"href":"https:\/\/www.ladiagonale.net\/index.php\/wp-json\/wp\/v2\/posts\/25027\/revisions"}],"predecessor-version":[{"id":25028,"href":"https:\/\/www.ladiagonale.net\/index.php\/wp-json\/wp\/v2\/posts\/25027\/revisions\/25028"}],"wp:attachment":[{"href":"https:\/\/www.ladiagonale.net\/index.php\/wp-json\/wp\/v2\/media?parent=25027"}],"wp:term":[{"taxonomy":"category","embeddable":true,"href":"https:\/\/www.ladiagonale.net\/index.php\/wp-json\/wp\/v2\/categories?post=25027"},{"taxonomy":"post_tag","embeddable":true,"href":"https:\/\/www.ladiagonale.net\/index.php\/wp-json\/wp\/v2\/tags?post=25027"}],"curies":[{"name":"wp","href":"https:\/\/api.w.org\/{rel}","templated":true}]}}