{"id":25106,"date":"2024-08-22T23:42:59","date_gmt":"2024-08-22T21:42:59","guid":{"rendered":"https:\/\/www.ladiagonale.net\/?p=25106"},"modified":"2024-08-23T09:27:22","modified_gmt":"2024-08-23T07:27:22","slug":"diop-blesse-plusieurs-semaines-golovin-de-retour-apres-la-treve","status":"publish","type":"post","link":"https:\/\/www.ladiagonale.net\/index.php\/2024\/08\/22\/diop-blesse-plusieurs-semaines-golovin-de-retour-apres-la-treve\/","title":{"rendered":"Diop bless\u00e9 plusieurs semaines, Golovin de retour apr\u00e8s la tr\u00eave"},"content":{"rendered":"\n<p>Edan Diop sera indisponible pour plusieurs semaines. Le milieu de terrain de l\u2019AS Monaco souffre d\u2019une fracture de fatigue \u00e0 un pied, a annonc\u00e9 Adi H\u00fctter en conf\u00e9rence de presse. Une blessure similaire \u00e0 celle qu\u2019il avait eue la saison derni\u00e8re, \u00e0 la m\u00eame \u00e9poque, et qui l\u2019avait tenu \u00e9loign\u00e9 des terrains pendant 8 semaines : \u00ab\u00a0<em>Mauvaise nouvelle pour Edan Diop<\/em>, a r\u00e9agi H\u00fctter. <em>Il a eu le m\u00eame probl\u00e8me que la saison derni\u00e8re, une fracture de fatigue. Il est indisponible mais je ne sais pas pour combien de temps. Je suis triste pour lui car c\u2019est un joueur talentueux et que c\u2019est la seconde fois au m\u00eame pied en deux saisons que \u00e7a lui arrive.<\/em>\u00a0\u00bb<\/p>\n\n\n\n<p>L\u2019entra\u00eeneur autrichien ne pourra pas davantage compter sur Aleksandr Golovin pour ce d\u00e9placement \u00e0 Lyon. Le Russe souffre toujours de son entorse \u00e0 la cheville droite et son retour ne devrait pas \u00eatre effectif avant la fin de la tr\u00eave internationale : \u00ab&nbsp;<em>On va attendre Aleksandr Golovin, qui devrait \u00eatre disponible d\u2019ici une dizaine de jours.<\/em>&nbsp;\u00bb En revanche, Kr\u00e9pin Diatta devrait bien \u00eatre dans le groupe : \u00ab&nbsp;C<em>\u2019\u00e9tait son premier entra\u00eenement aujourd\u2019hui (jeudi)<\/em>&nbsp;\u00bb, s\u2019est f\u00e9licit\u00e9 H\u00fctter.&nbsp;<\/p>\n\n\n\n<p>Une inqui\u00e9tude s\u2019est fait ressentir concernant Breel Embolo qui s\u2019est entra\u00een\u00e9 en salle ce jeudi. Mais H\u00fctter a vite balay\u00e9 les doutes, expliquant que cela faisait partie de sa fa\u00e7on de travailler : \u00ab&nbsp;<em>Pour Embolo, c\u2019\u00e9tait un jour de r\u00e9cup\u00e9ration, il s\u2019est bien entra\u00een\u00e9 lors des deux derniers jours, avec une grosse intensit\u00e9 et des charges importantes. Je leur permets d\u2019avoir un jour un peu plus l\u00e9ger, et certains joueurs choisissent de s\u2019entra\u00eener en int\u00e9rieur.<\/em>&nbsp;\u00bb&nbsp;<\/p>\n\n\n","protected":false},"excerpt":{"rendered":"<p>Edan Diop sera indisponible pour plusieurs semaines. Le milieu de terrain de l\u2019AS Monaco souffre d\u2019une fracture de fatigue \u00e0 un pied, a annonc\u00e9 Adi H\u00fctter en conf\u00e9rence de presse. Une blessure similaire \u00e0 celle qu\u2019il avait eue la saison derni\u00e8re, \u00e0 la m\u00eame \u00e9poque, et qui l\u2019avait tenu \u00e9loign\u00e9 des terrains pendant 8 semaines [&#8230;]\n","protected":false},"author":2,"featured_media":0,"comment_status":"open","ping_status":"open","sticky":false,"template":"","format":"standard","meta":[],"categories":[4,6],"tags":[184,86,80,196,94,515],"yoast_head":"<!-- This site is optimized with the Yoast SEO plugin v19.8 - https:\/\/yoast.com\/wordpress\/plugins\/seo\/ -->\n<title>Diop bless\u00e9 plusieurs semaines, Golovin de retour apr\u00e8s la tr\u00eave - La Diagonale<\/title>\n<meta name=\"robots\" content=\"index, follow, max-snippet:-1, max-image-preview:large, max-video-preview:-1\" \/>\n<link rel=\"canonical\" href=\"https:\/\/www.ladiagonale.net\/index.php\/2024\/08\/22\/diop-blesse-plusieurs-semaines-golovin-de-retour-apres-la-treve\/\" \/>\n<meta property=\"og:locale\" content=\"fr_FR\" \/>\n<meta property=\"og:type\" content=\"article\" \/>\n<meta property=\"og:title\" content=\"Diop bless\u00e9 plusieurs semaines, Golovin de retour apr\u00e8s la tr\u00eave - La Diagonale\" \/>\n<meta property=\"og:description\" content=\"Edan Diop sera indisponible pour plusieurs semaines. Le milieu de terrain de l\u2019AS Monaco souffre d\u2019une fracture de fatigue \u00e0 un pied, a annonc\u00e9 Adi H\u00fctter en conf\u00e9rence de presse. Une blessure similaire \u00e0 celle qu\u2019il avait eue la saison derni\u00e8re, \u00e0 la m\u00eame \u00e9poque, et qui l\u2019avait tenu \u00e9loign\u00e9 des terrains pendant 8 semaines [...]\" \/>\n<meta property=\"og:url\" content=\"https:\/\/www.ladiagonale.net\/index.php\/2024\/08\/22\/diop-blesse-plusieurs-semaines-golovin-de-retour-apres-la-treve\/\" \/>\n<meta property=\"og:site_name\" content=\"La Diagonale\" \/>\n<meta property=\"article:published_time\" content=\"2024-08-22T21:42:59+00:00\" \/>\n<meta property=\"article:modified_time\" content=\"2024-08-23T07:27:22+00:00\" \/>\n<meta property=\"og:image\" content=\"https:\/\/www.ladiagonale.net\/wp-content\/uploads\/2024\/06\/ediop.png\" \/>\n\t<meta property=\"og:image:width\" content=\"1160\" \/>\n\t<meta property=\"og:image:height\" content=\"650\" \/>\n\t<meta property=\"og:image:type\" content=\"image\/png\" \/>\n<meta name=\"author\" content=\"Damien Dellerba\" \/>\n<meta name=\"twitter:card\" content=\"summary_large_image\" \/>\n<meta name=\"twitter:image\" content=\"https:\/\/www.ladiagonale.net\/wp-content\/uploads\/2024\/06\/ediop.png\" \/>\n<meta name=\"twitter:label1\" content=\"\u00c9crit par\" \/>\n\t<meta name=\"twitter:data1\" content=\"Damien Dellerba\" \/>\n\t<meta name=\"twitter:label2\" content=\"Dur\u00e9e de lecture estim\u00e9e\" \/>\n\t<meta name=\"twitter:data2\" content=\"2 minutes\" \/>\n<script type=\"application\/ld+json\" class=\"yoast-schema-graph\">{\"@context\":\"https:\/\/schema.org\",\"@graph\":[{\"@type\":\"WebPage\",\"@id\":\"https:\/\/www.ladiagonale.net\/index.php\/2024\/08\/22\/diop-blesse-plusieurs-semaines-golovin-de-retour-apres-la-treve\/\",\"url\":\"https:\/\/www.ladiagonale.net\/index.php\/2024\/08\/22\/diop-blesse-plusieurs-semaines-golovin-de-retour-apres-la-treve\/\",\"name\":\"Diop bless\u00e9 plusieurs semaines, Golovin de retour apr\u00e8s la tr\u00eave - La Diagonale\",\"isPartOf\":{\"@id\":\"https:\/\/www.ladiagonale.net\/#website\"},\"datePublished\":\"2024-08-22T21:42:59+00:00\",\"dateModified\":\"2024-08-23T07:27:22+00:00\",\"author\":{\"@id\":\"https:\/\/www.ladiagonale.net\/#\/schema\/person\/79ff1e7b0853ed01b2aa26e64ad300bf\"},\"breadcrumb\":{\"@id\":\"https:\/\/www.ladiagonale.net\/index.php\/2024\/08\/22\/diop-blesse-plusieurs-semaines-golovin-de-retour-apres-la-treve\/#breadcrumb\"},\"inLanguage\":\"fr-FR\",\"potentialAction\":[{\"@type\":\"ReadAction\",\"target\":[\"https:\/\/www.ladiagonale.net\/index.php\/2024\/08\/22\/diop-blesse-plusieurs-semaines-golovin-de-retour-apres-la-treve\/\"]}]},{\"@type\":\"BreadcrumbList\",\"@id\":\"https:\/\/www.ladiagonale.net\/index.php\/2024\/08\/22\/diop-blesse-plusieurs-semaines-golovin-de-retour-apres-la-treve\/#breadcrumb\",\"itemListElement\":[{\"@type\":\"ListItem\",\"position\":1,\"name\":\"Accueil\",\"item\":\"https:\/\/www.ladiagonale.net\/\"},{\"@type\":\"ListItem\",\"position\":2,\"name\":\"Diop bless\u00e9 plusieurs semaines, Golovin de retour apr\u00e8s la tr\u00eave\"}]},{\"@type\":\"WebSite\",\"@id\":\"https:\/\/www.ladiagonale.net\/#website\",\"url\":\"https:\/\/www.ladiagonale.net\/\",\"name\":\"La Diagonale\",\"description\":\"Le site des supporters de l&#039;AS Monaco FC\",\"potentialAction\":[{\"@type\":\"SearchAction\",\"target\":{\"@type\":\"EntryPoint\",\"urlTemplate\":\"https:\/\/www.ladiagonale.net\/?s={search_term_string}\"},\"query-input\":\"required name=search_term_string\"}],\"inLanguage\":\"fr-FR\"},{\"@type\":\"Person\",\"@id\":\"https:\/\/www.ladiagonale.net\/#\/schema\/person\/79ff1e7b0853ed01b2aa26e64ad300bf\",\"name\":\"Damien Dellerba\",\"image\":{\"@type\":\"ImageObject\",\"inLanguage\":\"fr-FR\",\"@id\":\"https:\/\/www.ladiagonale.net\/#\/schema\/person\/image\/\",\"url\":\"https:\/\/secure.gravatar.com\/avatar\/c7850e06d3ff63cdbaee88b7fc16e2f0?s=96&d=mm&r=g\",\"contentUrl\":\"https:\/\/secure.gravatar.com\/avatar\/c7850e06d3ff63cdbaee88b7fc16e2f0?s=96&d=mm&r=g\",\"caption\":\"Damien Dellerba\"},\"url\":\"https:\/\/www.ladiagonale.net\/index.php\/author\/damien\/\"}]}<\/script>\n<!-- \/ Yoast SEO plugin. -->","yoast_head_json":{"title":"Diop bless\u00e9 plusieurs semaines, Golovin de retour apr\u00e8s la tr\u00eave - La Diagonale","robots":{"index":"index","follow":"follow","max-snippet":"max-snippet:-1","max-image-preview":"max-image-preview:large","max-video-preview":"max-video-preview:-1"},"canonical":"https:\/\/www.ladiagonale.net\/index.php\/2024\/08\/22\/diop-blesse-plusieurs-semaines-golovin-de-retour-apres-la-treve\/","og_locale":"fr_FR","og_type":"article","og_title":"Diop bless\u00e9 plusieurs semaines, Golovin de retour apr\u00e8s la tr\u00eave - La Diagonale","og_description":"Edan Diop sera indisponible pour plusieurs semaines. Le milieu de terrain de l\u2019AS Monaco souffre d\u2019une fracture de fatigue \u00e0 un pied, a annonc\u00e9 Adi H\u00fctter en conf\u00e9rence de presse. Une blessure similaire \u00e0 celle qu\u2019il avait eue la saison derni\u00e8re, \u00e0 la m\u00eame \u00e9poque, et qui l\u2019avait tenu \u00e9loign\u00e9 des terrains pendant 8 semaines [...]","og_url":"https:\/\/www.ladiagonale.net\/index.php\/2024\/08\/22\/diop-blesse-plusieurs-semaines-golovin-de-retour-apres-la-treve\/","og_site_name":"La Diagonale","article_published_time":"2024-08-22T21:42:59+00:00","article_modified_time":"2024-08-23T07:27:22+00:00","og_image":[{"width":1160,"height":650,"url":"https:\/\/www.ladiagonale.net\/wp-content\/uploads\/2024\/06\/ediop.png","type":"image\/png"}],"author":"Damien Dellerba","twitter_card":"summary_large_image","twitter_image":"https:\/\/www.ladiagonale.net\/wp-content\/uploads\/2024\/06\/ediop.png","twitter_misc":{"\u00c9crit par":"Damien Dellerba","Dur\u00e9e de lecture estim\u00e9e":"2 minutes"},"schema":{"@context":"https:\/\/schema.org","@graph":[{"@type":"WebPage","@id":"https:\/\/www.ladiagonale.net\/index.php\/2024\/08\/22\/diop-blesse-plusieurs-semaines-golovin-de-retour-apres-la-treve\/","url":"https:\/\/www.ladiagonale.net\/index.php\/2024\/08\/22\/diop-blesse-plusieurs-semaines-golovin-de-retour-apres-la-treve\/","name":"Diop bless\u00e9 plusieurs semaines, Golovin de retour apr\u00e8s la tr\u00eave - La Diagonale","isPartOf":{"@id":"https:\/\/www.ladiagonale.net\/#website"},"datePublished":"2024-08-22T21:42:59+00:00","dateModified":"2024-08-23T07:27:22+00:00","author":{"@id":"https:\/\/www.ladiagonale.net\/#\/schema\/person\/79ff1e7b0853ed01b2aa26e64ad300bf"},"breadcrumb":{"@id":"https:\/\/www.ladiagonale.net\/index.php\/2024\/08\/22\/diop-blesse-plusieurs-semaines-golovin-de-retour-apres-la-treve\/#breadcrumb"},"inLanguage":"fr-FR","potentialAction":[{"@type":"ReadAction","target":["https:\/\/www.ladiagonale.net\/index.php\/2024\/08\/22\/diop-blesse-plusieurs-semaines-golovin-de-retour-apres-la-treve\/"]}]},{"@type":"BreadcrumbList","@id":"https:\/\/www.ladiagonale.net\/index.php\/2024\/08\/22\/diop-blesse-plusieurs-semaines-golovin-de-retour-apres-la-treve\/#breadcrumb","itemListElement":[{"@type":"ListItem","position":1,"name":"Accueil","item":"https:\/\/www.ladiagonale.net\/"},{"@type":"ListItem","position":2,"name":"Diop bless\u00e9 plusieurs semaines, Golovin de retour apr\u00e8s la tr\u00eave"}]},{"@type":"WebSite","@id":"https:\/\/www.ladiagonale.net\/#website","url":"https:\/\/www.ladiagonale.net\/","name":"La Diagonale","description":"Le site des supporters de l&#039;AS Monaco FC","potentialAction":[{"@type":"SearchAction","target":{"@type":"EntryPoint","urlTemplate":"https:\/\/www.ladiagonale.net\/?s={search_term_string}"},"query-input":"required name=search_term_string"}],"inLanguage":"fr-FR"},{"@type":"Person","@id":"https:\/\/www.ladiagonale.net\/#\/schema\/person\/79ff1e7b0853ed01b2aa26e64ad300bf","name":"Damien Dellerba","image":{"@type":"ImageObject","inLanguage":"fr-FR","@id":"https:\/\/www.ladiagonale.net\/#\/schema\/person\/image\/","url":"https:\/\/secure.gravatar.com\/avatar\/c7850e06d3ff63cdbaee88b7fc16e2f0?s=96&d=mm&r=g","contentUrl":"https:\/\/secure.gravatar.com\/avatar\/c7850e06d3ff63cdbaee88b7fc16e2f0?s=96&d=mm&r=g","caption":"Damien Dellerba"},"url":"https:\/\/www.ladiagonale.net\/index.php\/author\/damien\/"}]}},"_links":{"self":[{"href":"https:\/\/www.ladiagonale.net\/index.php\/wp-json\/wp\/v2\/posts\/25106"}],"collection":[{"href":"https:\/\/www.ladiagonale.net\/index.php\/wp-json\/wp\/v2\/posts"}],"about":[{"href":"https:\/\/www.ladiagonale.net\/index.php\/wp-json\/wp\/v2\/types\/post"}],"author":[{"embeddable":true,"href":"https:\/\/www.ladiagonale.net\/index.php\/wp-json\/wp\/v2\/users\/2"}],"replies":[{"embeddable":true,"href":"https:\/\/www.ladiagonale.net\/index.php\/wp-json\/wp\/v2\/comments?post=25106"}],"version-history":[{"count":2,"href":"https:\/\/www.ladiagonale.net\/index.php\/wp-json\/wp\/v2\/posts\/25106\/revisions"}],"predecessor-version":[{"id":25114,"href":"https:\/\/www.ladiagonale.net\/index.php\/wp-json\/wp\/v2\/posts\/25106\/revisions\/25114"}],"wp:attachment":[{"href":"https:\/\/www.ladiagonale.net\/index.php\/wp-json\/wp\/v2\/media?parent=25106"}],"wp:term":[{"taxonomy":"category","embeddable":true,"href":"https:\/\/www.ladiagonale.net\/index.php\/wp-json\/wp\/v2\/categories?post=25106"},{"taxonomy":"post_tag","embeddable":true,"href":"https:\/\/www.ladiagonale.net\/index.php\/wp-json\/wp\/v2\/tags?post=25106"}],"curies":[{"name":"wp","href":"https:\/\/api.w.org\/{rel}","templated":true}]}}