{"id":25244,"date":"2024-08-29T02:56:48","date_gmt":"2024-08-29T00:56:48","guid":{"rendered":"https:\/\/www.ladiagonale.net\/?p=25244"},"modified":"2024-08-29T02:56:48","modified_gmt":"2024-08-29T00:56:48","slug":"un-match-de-suspension-pour-camara","status":"publish","type":"post","link":"https:\/\/www.ladiagonale.net\/index.php\/2024\/08\/29\/un-match-de-suspension-pour-camara\/","title":{"rendered":"Un match de suspension pour Camara"},"content":{"rendered":"\n\n\n<p>Premi\u00e8re commission de discipline de la saison pour un Mon\u00e9gasque. Exclu contre Lyon pour deux avertissements re\u00e7us dans le temps additionnel, samedi dernier, Lamine Camara va manquer la rencontre de ce dimanche contre Lens. Sa peine ne se prolongera pas au-del\u00e0, puisque la commission de discipline de la LFP lui a inflig\u00e9 une rencontre de suspension. Le S\u00e9n\u00e9galais pourra donc faire son retour apr\u00e8s la tr\u00eave contre Auxerre.<\/p>\n\n\n\n<p>Pour Adi H\u00fctter, le casse-t\u00eate pour trouver un bin\u00f4me \u00e0 Denis Zakaria, ou une autre alternative tactique, risque bien de se poursuivre encore un peu. Aleksandr Golovin est sur le retour mais risque d&rsquo;\u00eatre trop juste, tandis qu&rsquo;Edan Diop est bless\u00e9. Eliot Matazo ne semble quant \u00e0 lui pas dans les plans du coach autrichien et faute de recrue, Soungoutou Magassa semble \u00eatre la solution la plus \u00e9vidente \u00e0 l&rsquo;heure actuelle.<\/p>\n","protected":false},"excerpt":{"rendered":"<p>Premi\u00e8re commission de discipline de la saison pour un Mon\u00e9gasque. Exclu contre Lyon pour deux avertissements re\u00e7us dans le temps additionnel, samedi dernier, Lamine Camara va manquer la rencontre de ce dimanche contre Lens. Sa peine ne se prolongera pas au-del\u00e0, puisque la commission de discipline de la LFP lui a inflig\u00e9 une rencontre de [&#8230;]\n","protected":false},"author":2,"featured_media":0,"comment_status":"open","ping_status":"open","sticky":false,"template":"","format":"standard","meta":[],"categories":[4,6],"tags":[86,257,894,94],"yoast_head":"<!-- This site is optimized with the Yoast SEO plugin v19.8 - https:\/\/yoast.com\/wordpress\/plugins\/seo\/ -->\n<title>Un match de suspension pour Camara - La Diagonale<\/title>\n<meta name=\"robots\" content=\"index, follow, max-snippet:-1, max-image-preview:large, max-video-preview:-1\" \/>\n<link rel=\"canonical\" href=\"https:\/\/www.ladiagonale.net\/index.php\/2024\/08\/29\/un-match-de-suspension-pour-camara\/\" \/>\n<meta property=\"og:locale\" content=\"fr_FR\" \/>\n<meta property=\"og:type\" content=\"article\" \/>\n<meta property=\"og:title\" content=\"Un match de suspension pour Camara - La Diagonale\" \/>\n<meta property=\"og:description\" content=\"Premi\u00e8re commission de discipline de la saison pour un Mon\u00e9gasque. Exclu contre Lyon pour deux avertissements re\u00e7us dans le temps additionnel, samedi dernier, Lamine Camara va manquer la rencontre de ce dimanche contre Lens. Sa peine ne se prolongera pas au-del\u00e0, puisque la commission de discipline de la LFP lui a inflig\u00e9 une rencontre de [...]\" \/>\n<meta property=\"og:url\" content=\"https:\/\/www.ladiagonale.net\/index.php\/2024\/08\/29\/un-match-de-suspension-pour-camara\/\" \/>\n<meta property=\"og:site_name\" content=\"La Diagonale\" \/>\n<meta property=\"article:published_time\" content=\"2024-08-29T00:56:48+00:00\" \/>\n<meta property=\"og:image\" content=\"https:\/\/www.ladiagonale.net\/wp-content\/uploads\/2024\/08\/LCamara.png\" \/>\n\t<meta property=\"og:image:width\" content=\"1160\" \/>\n\t<meta property=\"og:image:height\" content=\"650\" \/>\n\t<meta property=\"og:image:type\" content=\"image\/png\" \/>\n<meta name=\"author\" content=\"Damien Dellerba\" \/>\n<meta name=\"twitter:card\" content=\"summary_large_image\" \/>\n<meta name=\"twitter:image\" content=\"https:\/\/www.ladiagonale.net\/wp-content\/uploads\/2024\/08\/LCamara.png\" \/>\n<meta name=\"twitter:label1\" content=\"\u00c9crit par\" \/>\n\t<meta name=\"twitter:data1\" content=\"Damien Dellerba\" \/>\n\t<meta name=\"twitter:label2\" content=\"Dur\u00e9e de lecture estim\u00e9e\" \/>\n\t<meta name=\"twitter:data2\" content=\"1 minute\" \/>\n<script type=\"application\/ld+json\" class=\"yoast-schema-graph\">{\"@context\":\"https:\/\/schema.org\",\"@graph\":[{\"@type\":\"WebPage\",\"@id\":\"https:\/\/www.ladiagonale.net\/index.php\/2024\/08\/29\/un-match-de-suspension-pour-camara\/\",\"url\":\"https:\/\/www.ladiagonale.net\/index.php\/2024\/08\/29\/un-match-de-suspension-pour-camara\/\",\"name\":\"Un match de suspension pour Camara - La Diagonale\",\"isPartOf\":{\"@id\":\"https:\/\/www.ladiagonale.net\/#website\"},\"datePublished\":\"2024-08-29T00:56:48+00:00\",\"dateModified\":\"2024-08-29T00:56:48+00:00\",\"author\":{\"@id\":\"https:\/\/www.ladiagonale.net\/#\/schema\/person\/79ff1e7b0853ed01b2aa26e64ad300bf\"},\"breadcrumb\":{\"@id\":\"https:\/\/www.ladiagonale.net\/index.php\/2024\/08\/29\/un-match-de-suspension-pour-camara\/#breadcrumb\"},\"inLanguage\":\"fr-FR\",\"potentialAction\":[{\"@type\":\"ReadAction\",\"target\":[\"https:\/\/www.ladiagonale.net\/index.php\/2024\/08\/29\/un-match-de-suspension-pour-camara\/\"]}]},{\"@type\":\"BreadcrumbList\",\"@id\":\"https:\/\/www.ladiagonale.net\/index.php\/2024\/08\/29\/un-match-de-suspension-pour-camara\/#breadcrumb\",\"itemListElement\":[{\"@type\":\"ListItem\",\"position\":1,\"name\":\"Accueil\",\"item\":\"https:\/\/www.ladiagonale.net\/\"},{\"@type\":\"ListItem\",\"position\":2,\"name\":\"Un match de suspension pour Camara\"}]},{\"@type\":\"WebSite\",\"@id\":\"https:\/\/www.ladiagonale.net\/#website\",\"url\":\"https:\/\/www.ladiagonale.net\/\",\"name\":\"La Diagonale\",\"description\":\"Le site des supporters de l&#039;AS Monaco FC\",\"potentialAction\":[{\"@type\":\"SearchAction\",\"target\":{\"@type\":\"EntryPoint\",\"urlTemplate\":\"https:\/\/www.ladiagonale.net\/?s={search_term_string}\"},\"query-input\":\"required name=search_term_string\"}],\"inLanguage\":\"fr-FR\"},{\"@type\":\"Person\",\"@id\":\"https:\/\/www.ladiagonale.net\/#\/schema\/person\/79ff1e7b0853ed01b2aa26e64ad300bf\",\"name\":\"Damien Dellerba\",\"image\":{\"@type\":\"ImageObject\",\"inLanguage\":\"fr-FR\",\"@id\":\"https:\/\/www.ladiagonale.net\/#\/schema\/person\/image\/\",\"url\":\"https:\/\/secure.gravatar.com\/avatar\/c7850e06d3ff63cdbaee88b7fc16e2f0?s=96&d=mm&r=g\",\"contentUrl\":\"https:\/\/secure.gravatar.com\/avatar\/c7850e06d3ff63cdbaee88b7fc16e2f0?s=96&d=mm&r=g\",\"caption\":\"Damien Dellerba\"},\"url\":\"https:\/\/www.ladiagonale.net\/index.php\/author\/damien\/\"}]}<\/script>\n<!-- \/ Yoast SEO plugin. -->","yoast_head_json":{"title":"Un match de suspension pour Camara - La Diagonale","robots":{"index":"index","follow":"follow","max-snippet":"max-snippet:-1","max-image-preview":"max-image-preview:large","max-video-preview":"max-video-preview:-1"},"canonical":"https:\/\/www.ladiagonale.net\/index.php\/2024\/08\/29\/un-match-de-suspension-pour-camara\/","og_locale":"fr_FR","og_type":"article","og_title":"Un match de suspension pour Camara - La Diagonale","og_description":"Premi\u00e8re commission de discipline de la saison pour un Mon\u00e9gasque. Exclu contre Lyon pour deux avertissements re\u00e7us dans le temps additionnel, samedi dernier, Lamine Camara va manquer la rencontre de ce dimanche contre Lens. Sa peine ne se prolongera pas au-del\u00e0, puisque la commission de discipline de la LFP lui a inflig\u00e9 une rencontre de [...]","og_url":"https:\/\/www.ladiagonale.net\/index.php\/2024\/08\/29\/un-match-de-suspension-pour-camara\/","og_site_name":"La Diagonale","article_published_time":"2024-08-29T00:56:48+00:00","og_image":[{"width":1160,"height":650,"url":"https:\/\/www.ladiagonale.net\/wp-content\/uploads\/2024\/08\/LCamara.png","type":"image\/png"}],"author":"Damien Dellerba","twitter_card":"summary_large_image","twitter_image":"https:\/\/www.ladiagonale.net\/wp-content\/uploads\/2024\/08\/LCamara.png","twitter_misc":{"\u00c9crit par":"Damien Dellerba","Dur\u00e9e de lecture estim\u00e9e":"1 minute"},"schema":{"@context":"https:\/\/schema.org","@graph":[{"@type":"WebPage","@id":"https:\/\/www.ladiagonale.net\/index.php\/2024\/08\/29\/un-match-de-suspension-pour-camara\/","url":"https:\/\/www.ladiagonale.net\/index.php\/2024\/08\/29\/un-match-de-suspension-pour-camara\/","name":"Un match de suspension pour Camara - La Diagonale","isPartOf":{"@id":"https:\/\/www.ladiagonale.net\/#website"},"datePublished":"2024-08-29T00:56:48+00:00","dateModified":"2024-08-29T00:56:48+00:00","author":{"@id":"https:\/\/www.ladiagonale.net\/#\/schema\/person\/79ff1e7b0853ed01b2aa26e64ad300bf"},"breadcrumb":{"@id":"https:\/\/www.ladiagonale.net\/index.php\/2024\/08\/29\/un-match-de-suspension-pour-camara\/#breadcrumb"},"inLanguage":"fr-FR","potentialAction":[{"@type":"ReadAction","target":["https:\/\/www.ladiagonale.net\/index.php\/2024\/08\/29\/un-match-de-suspension-pour-camara\/"]}]},{"@type":"BreadcrumbList","@id":"https:\/\/www.ladiagonale.net\/index.php\/2024\/08\/29\/un-match-de-suspension-pour-camara\/#breadcrumb","itemListElement":[{"@type":"ListItem","position":1,"name":"Accueil","item":"https:\/\/www.ladiagonale.net\/"},{"@type":"ListItem","position":2,"name":"Un match de suspension pour Camara"}]},{"@type":"WebSite","@id":"https:\/\/www.ladiagonale.net\/#website","url":"https:\/\/www.ladiagonale.net\/","name":"La Diagonale","description":"Le site des supporters de l&#039;AS Monaco FC","potentialAction":[{"@type":"SearchAction","target":{"@type":"EntryPoint","urlTemplate":"https:\/\/www.ladiagonale.net\/?s={search_term_string}"},"query-input":"required name=search_term_string"}],"inLanguage":"fr-FR"},{"@type":"Person","@id":"https:\/\/www.ladiagonale.net\/#\/schema\/person\/79ff1e7b0853ed01b2aa26e64ad300bf","name":"Damien Dellerba","image":{"@type":"ImageObject","inLanguage":"fr-FR","@id":"https:\/\/www.ladiagonale.net\/#\/schema\/person\/image\/","url":"https:\/\/secure.gravatar.com\/avatar\/c7850e06d3ff63cdbaee88b7fc16e2f0?s=96&d=mm&r=g","contentUrl":"https:\/\/secure.gravatar.com\/avatar\/c7850e06d3ff63cdbaee88b7fc16e2f0?s=96&d=mm&r=g","caption":"Damien Dellerba"},"url":"https:\/\/www.ladiagonale.net\/index.php\/author\/damien\/"}]}},"_links":{"self":[{"href":"https:\/\/www.ladiagonale.net\/index.php\/wp-json\/wp\/v2\/posts\/25244"}],"collection":[{"href":"https:\/\/www.ladiagonale.net\/index.php\/wp-json\/wp\/v2\/posts"}],"about":[{"href":"https:\/\/www.ladiagonale.net\/index.php\/wp-json\/wp\/v2\/types\/post"}],"author":[{"embeddable":true,"href":"https:\/\/www.ladiagonale.net\/index.php\/wp-json\/wp\/v2\/users\/2"}],"replies":[{"embeddable":true,"href":"https:\/\/www.ladiagonale.net\/index.php\/wp-json\/wp\/v2\/comments?post=25244"}],"version-history":[{"count":1,"href":"https:\/\/www.ladiagonale.net\/index.php\/wp-json\/wp\/v2\/posts\/25244\/revisions"}],"predecessor-version":[{"id":25246,"href":"https:\/\/www.ladiagonale.net\/index.php\/wp-json\/wp\/v2\/posts\/25244\/revisions\/25246"}],"wp:attachment":[{"href":"https:\/\/www.ladiagonale.net\/index.php\/wp-json\/wp\/v2\/media?parent=25244"}],"wp:term":[{"taxonomy":"category","embeddable":true,"href":"https:\/\/www.ladiagonale.net\/index.php\/wp-json\/wp\/v2\/categories?post=25244"},{"taxonomy":"post_tag","embeddable":true,"href":"https:\/\/www.ladiagonale.net\/index.php\/wp-json\/wp\/v2\/tags?post=25244"}],"curies":[{"name":"wp","href":"https:\/\/api.w.org\/{rel}","templated":true}]}}