{"id":25252,"date":"2024-08-29T15:02:18","date_gmt":"2024-08-29T13:02:18","guid":{"rendered":"https:\/\/www.ladiagonale.net\/?p=25252"},"modified":"2024-08-29T15:02:19","modified_gmt":"2024-08-29T13:02:19","slug":"singo-en-selection-avec-la-cote-divoire","status":"publish","type":"post","link":"https:\/\/www.ladiagonale.net\/index.php\/2024\/08\/29\/singo-en-selection-avec-la-cote-divoire\/","title":{"rendered":"Singo en s\u00e9lection avec la C\u00f4te d&rsquo;Ivoire"},"content":{"rendered":"\n\n\n<p>Vainqueur de la Coupe d&rsquo;Afrique des Nations, la C\u00f4te d&rsquo;Ivoire de Wilfried Singo remettra son titre en jeu \u00e0 partir de d\u00e9cembre 2025. Mais il faudra d&rsquo;abord se qualifier pour d\u00e9fendre leurs chances et les Ivoiriens n&rsquo;auront pas de passe-droit, au contraire du Maroc de Ben Seghir, pays organisateur et d\u00e9j\u00e0 qualifi\u00e9. Le d\u00e9fenseur de l&rsquo;AS Monaco a \u00e9t\u00e9 appel\u00e9 par Emerse Fa\u00e9 pour d\u00e9buter les \u00e9liminatoires de la prochaine CAN lors de la tr\u00eave internationale.<\/p>\n\n\n\n<p>Pour leurs deux premiers matches, les <em>\u00c9l\u00e9phants<\/em> affronteront la Zambie le 6 septembre (21h) puis le Tchad le 10 (21h). <\/p>\n","protected":false},"excerpt":{"rendered":"<p>Vainqueur de la Coupe d&rsquo;Afrique des Nations, la C\u00f4te d&rsquo;Ivoire de Wilfried Singo remettra son titre en jeu \u00e0 partir de d\u00e9cembre 2025. Mais il faudra d&rsquo;abord se qualifier pour d\u00e9fendre leurs chances et les Ivoiriens n&rsquo;auront pas de passe-droit, au contraire du Maroc de Ben Seghir, pays organisateur et d\u00e9j\u00e0 qualifi\u00e9. Le d\u00e9fenseur de [&#8230;]\n","protected":false},"author":2,"featured_media":0,"comment_status":"open","ping_status":"open","sticky":false,"template":"","format":"standard","meta":[],"categories":[6],"tags":[86,684,116,665],"yoast_head":"<!-- This site is optimized with the Yoast SEO plugin v19.8 - https:\/\/yoast.com\/wordpress\/plugins\/seo\/ -->\n<title>Singo en s\u00e9lection avec la C\u00f4te d&#039;Ivoire - La Diagonale<\/title>\n<meta name=\"robots\" content=\"index, follow, max-snippet:-1, max-image-preview:large, max-video-preview:-1\" \/>\n<link rel=\"canonical\" href=\"https:\/\/www.ladiagonale.net\/index.php\/2024\/08\/29\/singo-en-selection-avec-la-cote-divoire\/\" \/>\n<meta property=\"og:locale\" content=\"fr_FR\" \/>\n<meta property=\"og:type\" content=\"article\" \/>\n<meta property=\"og:title\" content=\"Singo en s\u00e9lection avec la C\u00f4te d&#039;Ivoire - La Diagonale\" \/>\n<meta property=\"og:description\" content=\"Vainqueur de la Coupe d&rsquo;Afrique des Nations, la C\u00f4te d&rsquo;Ivoire de Wilfried Singo remettra son titre en jeu \u00e0 partir de d\u00e9cembre 2025. Mais il faudra d&rsquo;abord se qualifier pour d\u00e9fendre leurs chances et les Ivoiriens n&rsquo;auront pas de passe-droit, au contraire du Maroc de Ben Seghir, pays organisateur et d\u00e9j\u00e0 qualifi\u00e9. Le d\u00e9fenseur de [...]\" \/>\n<meta property=\"og:url\" content=\"https:\/\/www.ladiagonale.net\/index.php\/2024\/08\/29\/singo-en-selection-avec-la-cote-divoire\/\" \/>\n<meta property=\"og:site_name\" content=\"La Diagonale\" \/>\n<meta property=\"article:published_time\" content=\"2024-08-29T13:02:18+00:00\" \/>\n<meta property=\"article:modified_time\" content=\"2024-08-29T13:02:19+00:00\" \/>\n<meta property=\"og:image\" content=\"https:\/\/www.ladiagonale.net\/wp-content\/uploads\/2023\/08\/singo-2.png\" \/>\n\t<meta property=\"og:image:width\" content=\"1160\" \/>\n\t<meta property=\"og:image:height\" content=\"650\" \/>\n\t<meta property=\"og:image:type\" content=\"image\/png\" \/>\n<meta name=\"author\" content=\"Damien Dellerba\" \/>\n<meta name=\"twitter:card\" content=\"summary_large_image\" \/>\n<meta name=\"twitter:image\" content=\"https:\/\/www.ladiagonale.net\/wp-content\/uploads\/2023\/08\/singo-2.png\" \/>\n<meta name=\"twitter:label1\" content=\"\u00c9crit par\" \/>\n\t<meta name=\"twitter:data1\" content=\"Damien Dellerba\" \/>\n\t<meta name=\"twitter:label2\" content=\"Dur\u00e9e de lecture estim\u00e9e\" \/>\n\t<meta name=\"twitter:data2\" content=\"1 minute\" \/>\n<script type=\"application\/ld+json\" class=\"yoast-schema-graph\">{\"@context\":\"https:\/\/schema.org\",\"@graph\":[{\"@type\":\"WebPage\",\"@id\":\"https:\/\/www.ladiagonale.net\/index.php\/2024\/08\/29\/singo-en-selection-avec-la-cote-divoire\/\",\"url\":\"https:\/\/www.ladiagonale.net\/index.php\/2024\/08\/29\/singo-en-selection-avec-la-cote-divoire\/\",\"name\":\"Singo en s\u00e9lection avec la C\u00f4te d'Ivoire - La Diagonale\",\"isPartOf\":{\"@id\":\"https:\/\/www.ladiagonale.net\/#website\"},\"datePublished\":\"2024-08-29T13:02:18+00:00\",\"dateModified\":\"2024-08-29T13:02:19+00:00\",\"author\":{\"@id\":\"https:\/\/www.ladiagonale.net\/#\/schema\/person\/79ff1e7b0853ed01b2aa26e64ad300bf\"},\"breadcrumb\":{\"@id\":\"https:\/\/www.ladiagonale.net\/index.php\/2024\/08\/29\/singo-en-selection-avec-la-cote-divoire\/#breadcrumb\"},\"inLanguage\":\"fr-FR\",\"potentialAction\":[{\"@type\":\"ReadAction\",\"target\":[\"https:\/\/www.ladiagonale.net\/index.php\/2024\/08\/29\/singo-en-selection-avec-la-cote-divoire\/\"]}]},{\"@type\":\"BreadcrumbList\",\"@id\":\"https:\/\/www.ladiagonale.net\/index.php\/2024\/08\/29\/singo-en-selection-avec-la-cote-divoire\/#breadcrumb\",\"itemListElement\":[{\"@type\":\"ListItem\",\"position\":1,\"name\":\"Accueil\",\"item\":\"https:\/\/www.ladiagonale.net\/\"},{\"@type\":\"ListItem\",\"position\":2,\"name\":\"Singo en s\u00e9lection avec la C\u00f4te d&rsquo;Ivoire\"}]},{\"@type\":\"WebSite\",\"@id\":\"https:\/\/www.ladiagonale.net\/#website\",\"url\":\"https:\/\/www.ladiagonale.net\/\",\"name\":\"La Diagonale\",\"description\":\"Le site des supporters de l&#039;AS Monaco FC\",\"potentialAction\":[{\"@type\":\"SearchAction\",\"target\":{\"@type\":\"EntryPoint\",\"urlTemplate\":\"https:\/\/www.ladiagonale.net\/?s={search_term_string}\"},\"query-input\":\"required name=search_term_string\"}],\"inLanguage\":\"fr-FR\"},{\"@type\":\"Person\",\"@id\":\"https:\/\/www.ladiagonale.net\/#\/schema\/person\/79ff1e7b0853ed01b2aa26e64ad300bf\",\"name\":\"Damien Dellerba\",\"image\":{\"@type\":\"ImageObject\",\"inLanguage\":\"fr-FR\",\"@id\":\"https:\/\/www.ladiagonale.net\/#\/schema\/person\/image\/\",\"url\":\"https:\/\/secure.gravatar.com\/avatar\/c7850e06d3ff63cdbaee88b7fc16e2f0?s=96&d=mm&r=g\",\"contentUrl\":\"https:\/\/secure.gravatar.com\/avatar\/c7850e06d3ff63cdbaee88b7fc16e2f0?s=96&d=mm&r=g\",\"caption\":\"Damien Dellerba\"},\"url\":\"https:\/\/www.ladiagonale.net\/index.php\/author\/damien\/\"}]}<\/script>\n<!-- \/ Yoast SEO plugin. -->","yoast_head_json":{"title":"Singo en s\u00e9lection avec la C\u00f4te d'Ivoire - La Diagonale","robots":{"index":"index","follow":"follow","max-snippet":"max-snippet:-1","max-image-preview":"max-image-preview:large","max-video-preview":"max-video-preview:-1"},"canonical":"https:\/\/www.ladiagonale.net\/index.php\/2024\/08\/29\/singo-en-selection-avec-la-cote-divoire\/","og_locale":"fr_FR","og_type":"article","og_title":"Singo en s\u00e9lection avec la C\u00f4te d'Ivoire - La Diagonale","og_description":"Vainqueur de la Coupe d&rsquo;Afrique des Nations, la C\u00f4te d&rsquo;Ivoire de Wilfried Singo remettra son titre en jeu \u00e0 partir de d\u00e9cembre 2025. Mais il faudra d&rsquo;abord se qualifier pour d\u00e9fendre leurs chances et les Ivoiriens n&rsquo;auront pas de passe-droit, au contraire du Maroc de Ben Seghir, pays organisateur et d\u00e9j\u00e0 qualifi\u00e9. Le d\u00e9fenseur de [...]","og_url":"https:\/\/www.ladiagonale.net\/index.php\/2024\/08\/29\/singo-en-selection-avec-la-cote-divoire\/","og_site_name":"La Diagonale","article_published_time":"2024-08-29T13:02:18+00:00","article_modified_time":"2024-08-29T13:02:19+00:00","og_image":[{"width":1160,"height":650,"url":"https:\/\/www.ladiagonale.net\/wp-content\/uploads\/2023\/08\/singo-2.png","type":"image\/png"}],"author":"Damien Dellerba","twitter_card":"summary_large_image","twitter_image":"https:\/\/www.ladiagonale.net\/wp-content\/uploads\/2023\/08\/singo-2.png","twitter_misc":{"\u00c9crit par":"Damien Dellerba","Dur\u00e9e de lecture estim\u00e9e":"1 minute"},"schema":{"@context":"https:\/\/schema.org","@graph":[{"@type":"WebPage","@id":"https:\/\/www.ladiagonale.net\/index.php\/2024\/08\/29\/singo-en-selection-avec-la-cote-divoire\/","url":"https:\/\/www.ladiagonale.net\/index.php\/2024\/08\/29\/singo-en-selection-avec-la-cote-divoire\/","name":"Singo en s\u00e9lection avec la C\u00f4te d'Ivoire - La Diagonale","isPartOf":{"@id":"https:\/\/www.ladiagonale.net\/#website"},"datePublished":"2024-08-29T13:02:18+00:00","dateModified":"2024-08-29T13:02:19+00:00","author":{"@id":"https:\/\/www.ladiagonale.net\/#\/schema\/person\/79ff1e7b0853ed01b2aa26e64ad300bf"},"breadcrumb":{"@id":"https:\/\/www.ladiagonale.net\/index.php\/2024\/08\/29\/singo-en-selection-avec-la-cote-divoire\/#breadcrumb"},"inLanguage":"fr-FR","potentialAction":[{"@type":"ReadAction","target":["https:\/\/www.ladiagonale.net\/index.php\/2024\/08\/29\/singo-en-selection-avec-la-cote-divoire\/"]}]},{"@type":"BreadcrumbList","@id":"https:\/\/www.ladiagonale.net\/index.php\/2024\/08\/29\/singo-en-selection-avec-la-cote-divoire\/#breadcrumb","itemListElement":[{"@type":"ListItem","position":1,"name":"Accueil","item":"https:\/\/www.ladiagonale.net\/"},{"@type":"ListItem","position":2,"name":"Singo en s\u00e9lection avec la C\u00f4te d&rsquo;Ivoire"}]},{"@type":"WebSite","@id":"https:\/\/www.ladiagonale.net\/#website","url":"https:\/\/www.ladiagonale.net\/","name":"La Diagonale","description":"Le site des supporters de l&#039;AS Monaco FC","potentialAction":[{"@type":"SearchAction","target":{"@type":"EntryPoint","urlTemplate":"https:\/\/www.ladiagonale.net\/?s={search_term_string}"},"query-input":"required name=search_term_string"}],"inLanguage":"fr-FR"},{"@type":"Person","@id":"https:\/\/www.ladiagonale.net\/#\/schema\/person\/79ff1e7b0853ed01b2aa26e64ad300bf","name":"Damien Dellerba","image":{"@type":"ImageObject","inLanguage":"fr-FR","@id":"https:\/\/www.ladiagonale.net\/#\/schema\/person\/image\/","url":"https:\/\/secure.gravatar.com\/avatar\/c7850e06d3ff63cdbaee88b7fc16e2f0?s=96&d=mm&r=g","contentUrl":"https:\/\/secure.gravatar.com\/avatar\/c7850e06d3ff63cdbaee88b7fc16e2f0?s=96&d=mm&r=g","caption":"Damien Dellerba"},"url":"https:\/\/www.ladiagonale.net\/index.php\/author\/damien\/"}]}},"_links":{"self":[{"href":"https:\/\/www.ladiagonale.net\/index.php\/wp-json\/wp\/v2\/posts\/25252"}],"collection":[{"href":"https:\/\/www.ladiagonale.net\/index.php\/wp-json\/wp\/v2\/posts"}],"about":[{"href":"https:\/\/www.ladiagonale.net\/index.php\/wp-json\/wp\/v2\/types\/post"}],"author":[{"embeddable":true,"href":"https:\/\/www.ladiagonale.net\/index.php\/wp-json\/wp\/v2\/users\/2"}],"replies":[{"embeddable":true,"href":"https:\/\/www.ladiagonale.net\/index.php\/wp-json\/wp\/v2\/comments?post=25252"}],"version-history":[{"count":1,"href":"https:\/\/www.ladiagonale.net\/index.php\/wp-json\/wp\/v2\/posts\/25252\/revisions"}],"predecessor-version":[{"id":25253,"href":"https:\/\/www.ladiagonale.net\/index.php\/wp-json\/wp\/v2\/posts\/25252\/revisions\/25253"}],"wp:attachment":[{"href":"https:\/\/www.ladiagonale.net\/index.php\/wp-json\/wp\/v2\/media?parent=25252"}],"wp:term":[{"taxonomy":"category","embeddable":true,"href":"https:\/\/www.ladiagonale.net\/index.php\/wp-json\/wp\/v2\/categories?post=25252"},{"taxonomy":"post_tag","embeddable":true,"href":"https:\/\/www.ladiagonale.net\/index.php\/wp-json\/wp\/v2\/tags?post=25252"}],"curies":[{"name":"wp","href":"https:\/\/api.w.org\/{rel}","templated":true}]}}