{"id":25302,"date":"2024-08-30T15:45:35","date_gmt":"2024-08-30T13:45:35","guid":{"rendered":"https:\/\/www.ladiagonale.net\/?p=25302"},"modified":"2024-08-30T16:41:23","modified_gmt":"2024-08-30T14:41:23","slug":"officiel-matsima-file-en-pret-a-augsbourg","status":"publish","type":"post","link":"https:\/\/www.ladiagonale.net\/index.php\/2024\/08\/30\/officiel-matsima-file-en-pret-a-augsbourg\/","title":{"rendered":"Officiel : Matsima file en pr\u00eat \u00e0 Augsbourg"},"content":{"rendered":"\n\n\n<p>Chrislain Matsima disputera la saison 2024-2025 en Allemagne, en <em>Bundesliga<\/em>. L&rsquo;AS Monaco a annonc\u00e9 le pr\u00eat avec option d&rsquo;achat de son d\u00e9fenseur de 22 ans \u00e0 Augsbourg. Selon les derni\u00e8res informations r\u00e9v\u00e9l\u00e9es par la presse, l&rsquo;option serait \u00e9valu\u00e9e \u00e0 5,5 millions d\u2019euros et elle serait rendue obligatoire sous certaines conditions. Il y pourrait \u00e9galement y avoir un million d\u2019euros en bonus et un pourcentage \u00e0 la revente.<\/p>\n\n\n\n<p>Sous contrat avec l\u2019AS Monaco jusqu\u2019en juin 2026, Matsima n\u2019apparaissait pas dans les plans d\u2019Adi H\u00fctter. Pour les deux premi\u00e8res journ\u00e9es de championnat, le m\u00e9daill\u00e9 d\u2019argent des Jeux Olympiques n\u2019avait pas \u00e9t\u00e9 retenu dans le groupe mon\u00e9gasque. La saison derni\u00e8re, apr\u00e8s seulement sept matches jou\u00e9s dont quatre titularisations, il avait \u00e9t\u00e9 pr\u00eat\u00e9 en janvier \u00e0 Clermont.<\/p>\n\n\n\n<blockquote class=\"twitter-tweet\"><p lang=\"de\" dir=\"ltr\">Neues Abenteuer, ich kann es kaum erwarten, loszulegen \u2764\ufe0f\ud83d\udc9a <a href=\"https:\/\/t.co\/7amUf79cxe\">pic.twitter.com\/7amUf79cxe<\/a><\/p>&mdash; Matsima Chrislain (@MatsimaChrisla1) <a href=\"https:\/\/twitter.com\/MatsimaChrisla1\/status\/1829526149359382818?ref_src=twsrc%5Etfw\">August 30, 2024<\/a><\/blockquote> <script async src=\"https:\/\/platform.twitter.com\/widgets.js\" charset=\"utf-8\"><\/script> \n","protected":false},"excerpt":{"rendered":"<p>Chrislain Matsima disputera la saison 2024-2025 en Allemagne, en Bundesliga. L&rsquo;AS Monaco a annonc\u00e9 le pr\u00eat avec option d&rsquo;achat de son d\u00e9fenseur de 22 ans \u00e0 Augsbourg. Selon les derni\u00e8res informations r\u00e9v\u00e9l\u00e9es par la presse, l&rsquo;option serait \u00e9valu\u00e9e \u00e0 5,5 millions d\u2019euros et elle serait rendue obligatoire sous certaines conditions. Il y pourrait \u00e9galement y [&#8230;]\n","protected":false},"author":2,"featured_media":0,"comment_status":"open","ping_status":"open","sticky":false,"template":"","format":"standard","meta":[],"categories":[4,6],"tags":[86,392,111,110],"yoast_head":"<!-- This site is optimized with the Yoast SEO plugin v19.8 - https:\/\/yoast.com\/wordpress\/plugins\/seo\/ -->\n<title>Officiel : Matsima file en pr\u00eat \u00e0 Augsbourg - La Diagonale<\/title>\n<meta name=\"robots\" content=\"index, follow, max-snippet:-1, max-image-preview:large, max-video-preview:-1\" \/>\n<link rel=\"canonical\" href=\"https:\/\/www.ladiagonale.net\/index.php\/2024\/08\/30\/officiel-matsima-file-en-pret-a-augsbourg\/\" \/>\n<meta property=\"og:locale\" content=\"fr_FR\" \/>\n<meta property=\"og:type\" content=\"article\" \/>\n<meta property=\"og:title\" content=\"Officiel : Matsima file en pr\u00eat \u00e0 Augsbourg - La Diagonale\" \/>\n<meta property=\"og:description\" content=\"Chrislain Matsima disputera la saison 2024-2025 en Allemagne, en Bundesliga. L&rsquo;AS Monaco a annonc\u00e9 le pr\u00eat avec option d&rsquo;achat de son d\u00e9fenseur de 22 ans \u00e0 Augsbourg. Selon les derni\u00e8res informations r\u00e9v\u00e9l\u00e9es par la presse, l&rsquo;option serait \u00e9valu\u00e9e \u00e0 5,5 millions d\u2019euros et elle serait rendue obligatoire sous certaines conditions. Il y pourrait \u00e9galement y [...]\" \/>\n<meta property=\"og:url\" content=\"https:\/\/www.ladiagonale.net\/index.php\/2024\/08\/30\/officiel-matsima-file-en-pret-a-augsbourg\/\" \/>\n<meta property=\"og:site_name\" content=\"La Diagonale\" \/>\n<meta property=\"article:published_time\" content=\"2024-08-30T13:45:35+00:00\" \/>\n<meta property=\"article:modified_time\" content=\"2024-08-30T14:41:23+00:00\" \/>\n<meta property=\"og:image\" content=\"https:\/\/www.ladiagonale.net\/wp-content\/uploads\/2023\/10\/matsima.png\" \/>\n\t<meta property=\"og:image:width\" content=\"1160\" \/>\n\t<meta property=\"og:image:height\" content=\"650\" \/>\n\t<meta property=\"og:image:type\" content=\"image\/png\" \/>\n<meta name=\"author\" content=\"Damien Dellerba\" \/>\n<meta name=\"twitter:card\" content=\"summary_large_image\" \/>\n<meta name=\"twitter:image\" content=\"https:\/\/www.ladiagonale.net\/wp-content\/uploads\/2023\/10\/matsima.png\" \/>\n<meta name=\"twitter:label1\" content=\"\u00c9crit par\" \/>\n\t<meta name=\"twitter:data1\" content=\"Damien Dellerba\" \/>\n\t<meta name=\"twitter:label2\" content=\"Dur\u00e9e de lecture estim\u00e9e\" \/>\n\t<meta name=\"twitter:data2\" content=\"1 minute\" \/>\n<script type=\"application\/ld+json\" class=\"yoast-schema-graph\">{\"@context\":\"https:\/\/schema.org\",\"@graph\":[{\"@type\":\"WebPage\",\"@id\":\"https:\/\/www.ladiagonale.net\/index.php\/2024\/08\/30\/officiel-matsima-file-en-pret-a-augsbourg\/\",\"url\":\"https:\/\/www.ladiagonale.net\/index.php\/2024\/08\/30\/officiel-matsima-file-en-pret-a-augsbourg\/\",\"name\":\"Officiel : Matsima file en pr\u00eat \u00e0 Augsbourg - La Diagonale\",\"isPartOf\":{\"@id\":\"https:\/\/www.ladiagonale.net\/#website\"},\"datePublished\":\"2024-08-30T13:45:35+00:00\",\"dateModified\":\"2024-08-30T14:41:23+00:00\",\"author\":{\"@id\":\"https:\/\/www.ladiagonale.net\/#\/schema\/person\/79ff1e7b0853ed01b2aa26e64ad300bf\"},\"breadcrumb\":{\"@id\":\"https:\/\/www.ladiagonale.net\/index.php\/2024\/08\/30\/officiel-matsima-file-en-pret-a-augsbourg\/#breadcrumb\"},\"inLanguage\":\"fr-FR\",\"potentialAction\":[{\"@type\":\"ReadAction\",\"target\":[\"https:\/\/www.ladiagonale.net\/index.php\/2024\/08\/30\/officiel-matsima-file-en-pret-a-augsbourg\/\"]}]},{\"@type\":\"BreadcrumbList\",\"@id\":\"https:\/\/www.ladiagonale.net\/index.php\/2024\/08\/30\/officiel-matsima-file-en-pret-a-augsbourg\/#breadcrumb\",\"itemListElement\":[{\"@type\":\"ListItem\",\"position\":1,\"name\":\"Accueil\",\"item\":\"https:\/\/www.ladiagonale.net\/\"},{\"@type\":\"ListItem\",\"position\":2,\"name\":\"Officiel : Matsima file en pr\u00eat \u00e0 Augsbourg\"}]},{\"@type\":\"WebSite\",\"@id\":\"https:\/\/www.ladiagonale.net\/#website\",\"url\":\"https:\/\/www.ladiagonale.net\/\",\"name\":\"La Diagonale\",\"description\":\"Le site des supporters de l&#039;AS Monaco FC\",\"potentialAction\":[{\"@type\":\"SearchAction\",\"target\":{\"@type\":\"EntryPoint\",\"urlTemplate\":\"https:\/\/www.ladiagonale.net\/?s={search_term_string}\"},\"query-input\":\"required name=search_term_string\"}],\"inLanguage\":\"fr-FR\"},{\"@type\":\"Person\",\"@id\":\"https:\/\/www.ladiagonale.net\/#\/schema\/person\/79ff1e7b0853ed01b2aa26e64ad300bf\",\"name\":\"Damien Dellerba\",\"image\":{\"@type\":\"ImageObject\",\"inLanguage\":\"fr-FR\",\"@id\":\"https:\/\/www.ladiagonale.net\/#\/schema\/person\/image\/\",\"url\":\"https:\/\/secure.gravatar.com\/avatar\/c7850e06d3ff63cdbaee88b7fc16e2f0?s=96&d=mm&r=g\",\"contentUrl\":\"https:\/\/secure.gravatar.com\/avatar\/c7850e06d3ff63cdbaee88b7fc16e2f0?s=96&d=mm&r=g\",\"caption\":\"Damien Dellerba\"},\"url\":\"https:\/\/www.ladiagonale.net\/index.php\/author\/damien\/\"}]}<\/script>\n<!-- \/ Yoast SEO plugin. -->","yoast_head_json":{"title":"Officiel : Matsima file en pr\u00eat \u00e0 Augsbourg - La Diagonale","robots":{"index":"index","follow":"follow","max-snippet":"max-snippet:-1","max-image-preview":"max-image-preview:large","max-video-preview":"max-video-preview:-1"},"canonical":"https:\/\/www.ladiagonale.net\/index.php\/2024\/08\/30\/officiel-matsima-file-en-pret-a-augsbourg\/","og_locale":"fr_FR","og_type":"article","og_title":"Officiel : Matsima file en pr\u00eat \u00e0 Augsbourg - La Diagonale","og_description":"Chrislain Matsima disputera la saison 2024-2025 en Allemagne, en Bundesliga. L&rsquo;AS Monaco a annonc\u00e9 le pr\u00eat avec option d&rsquo;achat de son d\u00e9fenseur de 22 ans \u00e0 Augsbourg. Selon les derni\u00e8res informations r\u00e9v\u00e9l\u00e9es par la presse, l&rsquo;option serait \u00e9valu\u00e9e \u00e0 5,5 millions d\u2019euros et elle serait rendue obligatoire sous certaines conditions. Il y pourrait \u00e9galement y [...]","og_url":"https:\/\/www.ladiagonale.net\/index.php\/2024\/08\/30\/officiel-matsima-file-en-pret-a-augsbourg\/","og_site_name":"La Diagonale","article_published_time":"2024-08-30T13:45:35+00:00","article_modified_time":"2024-08-30T14:41:23+00:00","og_image":[{"width":1160,"height":650,"url":"https:\/\/www.ladiagonale.net\/wp-content\/uploads\/2023\/10\/matsima.png","type":"image\/png"}],"author":"Damien Dellerba","twitter_card":"summary_large_image","twitter_image":"https:\/\/www.ladiagonale.net\/wp-content\/uploads\/2023\/10\/matsima.png","twitter_misc":{"\u00c9crit par":"Damien Dellerba","Dur\u00e9e de lecture estim\u00e9e":"1 minute"},"schema":{"@context":"https:\/\/schema.org","@graph":[{"@type":"WebPage","@id":"https:\/\/www.ladiagonale.net\/index.php\/2024\/08\/30\/officiel-matsima-file-en-pret-a-augsbourg\/","url":"https:\/\/www.ladiagonale.net\/index.php\/2024\/08\/30\/officiel-matsima-file-en-pret-a-augsbourg\/","name":"Officiel : Matsima file en pr\u00eat \u00e0 Augsbourg - La Diagonale","isPartOf":{"@id":"https:\/\/www.ladiagonale.net\/#website"},"datePublished":"2024-08-30T13:45:35+00:00","dateModified":"2024-08-30T14:41:23+00:00","author":{"@id":"https:\/\/www.ladiagonale.net\/#\/schema\/person\/79ff1e7b0853ed01b2aa26e64ad300bf"},"breadcrumb":{"@id":"https:\/\/www.ladiagonale.net\/index.php\/2024\/08\/30\/officiel-matsima-file-en-pret-a-augsbourg\/#breadcrumb"},"inLanguage":"fr-FR","potentialAction":[{"@type":"ReadAction","target":["https:\/\/www.ladiagonale.net\/index.php\/2024\/08\/30\/officiel-matsima-file-en-pret-a-augsbourg\/"]}]},{"@type":"BreadcrumbList","@id":"https:\/\/www.ladiagonale.net\/index.php\/2024\/08\/30\/officiel-matsima-file-en-pret-a-augsbourg\/#breadcrumb","itemListElement":[{"@type":"ListItem","position":1,"name":"Accueil","item":"https:\/\/www.ladiagonale.net\/"},{"@type":"ListItem","position":2,"name":"Officiel : Matsima file en pr\u00eat \u00e0 Augsbourg"}]},{"@type":"WebSite","@id":"https:\/\/www.ladiagonale.net\/#website","url":"https:\/\/www.ladiagonale.net\/","name":"La Diagonale","description":"Le site des supporters de l&#039;AS Monaco FC","potentialAction":[{"@type":"SearchAction","target":{"@type":"EntryPoint","urlTemplate":"https:\/\/www.ladiagonale.net\/?s={search_term_string}"},"query-input":"required name=search_term_string"}],"inLanguage":"fr-FR"},{"@type":"Person","@id":"https:\/\/www.ladiagonale.net\/#\/schema\/person\/79ff1e7b0853ed01b2aa26e64ad300bf","name":"Damien Dellerba","image":{"@type":"ImageObject","inLanguage":"fr-FR","@id":"https:\/\/www.ladiagonale.net\/#\/schema\/person\/image\/","url":"https:\/\/secure.gravatar.com\/avatar\/c7850e06d3ff63cdbaee88b7fc16e2f0?s=96&d=mm&r=g","contentUrl":"https:\/\/secure.gravatar.com\/avatar\/c7850e06d3ff63cdbaee88b7fc16e2f0?s=96&d=mm&r=g","caption":"Damien Dellerba"},"url":"https:\/\/www.ladiagonale.net\/index.php\/author\/damien\/"}]}},"_links":{"self":[{"href":"https:\/\/www.ladiagonale.net\/index.php\/wp-json\/wp\/v2\/posts\/25302"}],"collection":[{"href":"https:\/\/www.ladiagonale.net\/index.php\/wp-json\/wp\/v2\/posts"}],"about":[{"href":"https:\/\/www.ladiagonale.net\/index.php\/wp-json\/wp\/v2\/types\/post"}],"author":[{"embeddable":true,"href":"https:\/\/www.ladiagonale.net\/index.php\/wp-json\/wp\/v2\/users\/2"}],"replies":[{"embeddable":true,"href":"https:\/\/www.ladiagonale.net\/index.php\/wp-json\/wp\/v2\/comments?post=25302"}],"version-history":[{"count":3,"href":"https:\/\/www.ladiagonale.net\/index.php\/wp-json\/wp\/v2\/posts\/25302\/revisions"}],"predecessor-version":[{"id":25315,"href":"https:\/\/www.ladiagonale.net\/index.php\/wp-json\/wp\/v2\/posts\/25302\/revisions\/25315"}],"wp:attachment":[{"href":"https:\/\/www.ladiagonale.net\/index.php\/wp-json\/wp\/v2\/media?parent=25302"}],"wp:term":[{"taxonomy":"category","embeddable":true,"href":"https:\/\/www.ladiagonale.net\/index.php\/wp-json\/wp\/v2\/categories?post=25302"},{"taxonomy":"post_tag","embeddable":true,"href":"https:\/\/www.ladiagonale.net\/index.php\/wp-json\/wp\/v2\/tags?post=25302"}],"curies":[{"name":"wp","href":"https:\/\/api.w.org\/{rel}","templated":true}]}}