{"id":25322,"date":"2024-08-30T19:11:16","date_gmt":"2024-08-30T17:11:16","guid":{"rendered":"https:\/\/www.ladiagonale.net\/?p=25322"},"modified":"2024-08-30T19:11:59","modified_gmt":"2024-08-30T17:11:59","slug":"valme-vers-un-pret-a-annecy","status":"publish","type":"post","link":"https:\/\/www.ladiagonale.net\/index.php\/2024\/08\/30\/valme-vers-un-pret-a-annecy\/","title":{"rendered":"Valme vers un pr\u00eat \u00e0 Annecy"},"content":{"rendered":"\n<p>Depuis de nombreuses semaines, un pr\u00eat de Ritchy Valme semblait \u00e0 l\u2019\u00e9tude, et celui-ci devrait bien se concr\u00e9tiser dans la derni\u00e8re ligne droite du mercato. Selon <em>L\u2019\u00c9quipe,<\/em> le d\u00e9fenseur central de 19 ans devrait atterrir \u00e0 Annecy, pensionnaire de Ligue 2. Son contrat avec l\u2019AS Monaco expire en 2025 et il serait logique que le pr\u00eat soit d\u2019abord pr\u00e9c\u00e9d\u00e9 d\u2019une prolongation de contrat pour un des Espoirs de l\u2019Academy.<\/p>\n\n\n\n<p>Le joueur du Groupe \u00c9lite a pris part \u00e0 cinq rencontres amicales durant la pr\u00e9paration mais n\u2019est pas rest\u00e9 dans le groupe d\u2019Adi H\u00fctter pour la reprise des comp\u00e9titions, le secteur d\u00e9fensif \u00e9tant particuli\u00e8rement fourni.<\/p>\n","protected":false},"excerpt":{"rendered":"<p>Depuis de nombreuses semaines, un pr\u00eat de Ritchy Valme semblait \u00e0 l\u2019\u00e9tude, et celui-ci devrait bien se concr\u00e9tiser dans la derni\u00e8re ligne droite du mercato. Selon L\u2019\u00c9quipe, le d\u00e9fenseur central de 19 ans devrait atterrir \u00e0 Annecy, pensionnaire de Ligue 2. Son contrat avec l\u2019AS Monaco expire en 2025 et il serait logique que le [&#8230;]\n","protected":false},"author":2,"featured_media":0,"comment_status":"closed","ping_status":"open","sticky":false,"template":"","format":"standard","meta":[],"categories":[6],"tags":[86,111,409,110],"yoast_head":"<!-- This site is optimized with the Yoast SEO plugin v19.8 - https:\/\/yoast.com\/wordpress\/plugins\/seo\/ -->\n<title>Valme vers un pr\u00eat \u00e0 Annecy - La Diagonale<\/title>\n<meta name=\"robots\" content=\"index, follow, max-snippet:-1, max-image-preview:large, max-video-preview:-1\" \/>\n<link rel=\"canonical\" href=\"https:\/\/www.ladiagonale.net\/index.php\/2024\/08\/30\/valme-vers-un-pret-a-annecy\/\" \/>\n<meta property=\"og:locale\" content=\"fr_FR\" \/>\n<meta property=\"og:type\" content=\"article\" \/>\n<meta property=\"og:title\" content=\"Valme vers un pr\u00eat \u00e0 Annecy - La Diagonale\" \/>\n<meta property=\"og:description\" content=\"Depuis de nombreuses semaines, un pr\u00eat de Ritchy Valme semblait \u00e0 l\u2019\u00e9tude, et celui-ci devrait bien se concr\u00e9tiser dans la derni\u00e8re ligne droite du mercato. Selon L\u2019\u00c9quipe, le d\u00e9fenseur central de 19 ans devrait atterrir \u00e0 Annecy, pensionnaire de Ligue 2. Son contrat avec l\u2019AS Monaco expire en 2025 et il serait logique que le [...]\" \/>\n<meta property=\"og:url\" content=\"https:\/\/www.ladiagonale.net\/index.php\/2024\/08\/30\/valme-vers-un-pret-a-annecy\/\" \/>\n<meta property=\"og:site_name\" content=\"La Diagonale\" \/>\n<meta property=\"article:published_time\" content=\"2024-08-30T17:11:16+00:00\" \/>\n<meta property=\"article:modified_time\" content=\"2024-08-30T17:11:59+00:00\" \/>\n<meta property=\"og:image\" content=\"https:\/\/www.ladiagonale.net\/wp-content\/uploads\/2023\/09\/valme23.png\" \/>\n\t<meta property=\"og:image:width\" content=\"1160\" \/>\n\t<meta property=\"og:image:height\" content=\"650\" \/>\n\t<meta property=\"og:image:type\" content=\"image\/png\" \/>\n<meta name=\"author\" content=\"Damien Dellerba\" \/>\n<meta name=\"twitter:card\" content=\"summary_large_image\" \/>\n<meta name=\"twitter:image\" content=\"https:\/\/www.ladiagonale.net\/wp-content\/uploads\/2023\/09\/valme23.png\" \/>\n<meta name=\"twitter:label1\" content=\"\u00c9crit par\" \/>\n\t<meta name=\"twitter:data1\" content=\"Damien Dellerba\" \/>\n\t<meta name=\"twitter:label2\" content=\"Dur\u00e9e de lecture estim\u00e9e\" \/>\n\t<meta name=\"twitter:data2\" content=\"1 minute\" \/>\n<script type=\"application\/ld+json\" class=\"yoast-schema-graph\">{\"@context\":\"https:\/\/schema.org\",\"@graph\":[{\"@type\":\"WebPage\",\"@id\":\"https:\/\/www.ladiagonale.net\/index.php\/2024\/08\/30\/valme-vers-un-pret-a-annecy\/\",\"url\":\"https:\/\/www.ladiagonale.net\/index.php\/2024\/08\/30\/valme-vers-un-pret-a-annecy\/\",\"name\":\"Valme vers un pr\u00eat \u00e0 Annecy - La Diagonale\",\"isPartOf\":{\"@id\":\"https:\/\/www.ladiagonale.net\/#website\"},\"datePublished\":\"2024-08-30T17:11:16+00:00\",\"dateModified\":\"2024-08-30T17:11:59+00:00\",\"author\":{\"@id\":\"https:\/\/www.ladiagonale.net\/#\/schema\/person\/79ff1e7b0853ed01b2aa26e64ad300bf\"},\"breadcrumb\":{\"@id\":\"https:\/\/www.ladiagonale.net\/index.php\/2024\/08\/30\/valme-vers-un-pret-a-annecy\/#breadcrumb\"},\"inLanguage\":\"fr-FR\",\"potentialAction\":[{\"@type\":\"ReadAction\",\"target\":[\"https:\/\/www.ladiagonale.net\/index.php\/2024\/08\/30\/valme-vers-un-pret-a-annecy\/\"]}]},{\"@type\":\"BreadcrumbList\",\"@id\":\"https:\/\/www.ladiagonale.net\/index.php\/2024\/08\/30\/valme-vers-un-pret-a-annecy\/#breadcrumb\",\"itemListElement\":[{\"@type\":\"ListItem\",\"position\":1,\"name\":\"Accueil\",\"item\":\"https:\/\/www.ladiagonale.net\/\"},{\"@type\":\"ListItem\",\"position\":2,\"name\":\"Valme vers un pr\u00eat \u00e0 Annecy\"}]},{\"@type\":\"WebSite\",\"@id\":\"https:\/\/www.ladiagonale.net\/#website\",\"url\":\"https:\/\/www.ladiagonale.net\/\",\"name\":\"La Diagonale\",\"description\":\"Le site des supporters de l&#039;AS Monaco FC\",\"potentialAction\":[{\"@type\":\"SearchAction\",\"target\":{\"@type\":\"EntryPoint\",\"urlTemplate\":\"https:\/\/www.ladiagonale.net\/?s={search_term_string}\"},\"query-input\":\"required name=search_term_string\"}],\"inLanguage\":\"fr-FR\"},{\"@type\":\"Person\",\"@id\":\"https:\/\/www.ladiagonale.net\/#\/schema\/person\/79ff1e7b0853ed01b2aa26e64ad300bf\",\"name\":\"Damien Dellerba\",\"image\":{\"@type\":\"ImageObject\",\"inLanguage\":\"fr-FR\",\"@id\":\"https:\/\/www.ladiagonale.net\/#\/schema\/person\/image\/\",\"url\":\"https:\/\/secure.gravatar.com\/avatar\/c7850e06d3ff63cdbaee88b7fc16e2f0?s=96&d=mm&r=g\",\"contentUrl\":\"https:\/\/secure.gravatar.com\/avatar\/c7850e06d3ff63cdbaee88b7fc16e2f0?s=96&d=mm&r=g\",\"caption\":\"Damien Dellerba\"},\"url\":\"https:\/\/www.ladiagonale.net\/index.php\/author\/damien\/\"}]}<\/script>\n<!-- \/ Yoast SEO plugin. -->","yoast_head_json":{"title":"Valme vers un pr\u00eat \u00e0 Annecy - La Diagonale","robots":{"index":"index","follow":"follow","max-snippet":"max-snippet:-1","max-image-preview":"max-image-preview:large","max-video-preview":"max-video-preview:-1"},"canonical":"https:\/\/www.ladiagonale.net\/index.php\/2024\/08\/30\/valme-vers-un-pret-a-annecy\/","og_locale":"fr_FR","og_type":"article","og_title":"Valme vers un pr\u00eat \u00e0 Annecy - La Diagonale","og_description":"Depuis de nombreuses semaines, un pr\u00eat de Ritchy Valme semblait \u00e0 l\u2019\u00e9tude, et celui-ci devrait bien se concr\u00e9tiser dans la derni\u00e8re ligne droite du mercato. Selon L\u2019\u00c9quipe, le d\u00e9fenseur central de 19 ans devrait atterrir \u00e0 Annecy, pensionnaire de Ligue 2. Son contrat avec l\u2019AS Monaco expire en 2025 et il serait logique que le [...]","og_url":"https:\/\/www.ladiagonale.net\/index.php\/2024\/08\/30\/valme-vers-un-pret-a-annecy\/","og_site_name":"La Diagonale","article_published_time":"2024-08-30T17:11:16+00:00","article_modified_time":"2024-08-30T17:11:59+00:00","og_image":[{"width":1160,"height":650,"url":"https:\/\/www.ladiagonale.net\/wp-content\/uploads\/2023\/09\/valme23.png","type":"image\/png"}],"author":"Damien Dellerba","twitter_card":"summary_large_image","twitter_image":"https:\/\/www.ladiagonale.net\/wp-content\/uploads\/2023\/09\/valme23.png","twitter_misc":{"\u00c9crit par":"Damien Dellerba","Dur\u00e9e de lecture estim\u00e9e":"1 minute"},"schema":{"@context":"https:\/\/schema.org","@graph":[{"@type":"WebPage","@id":"https:\/\/www.ladiagonale.net\/index.php\/2024\/08\/30\/valme-vers-un-pret-a-annecy\/","url":"https:\/\/www.ladiagonale.net\/index.php\/2024\/08\/30\/valme-vers-un-pret-a-annecy\/","name":"Valme vers un pr\u00eat \u00e0 Annecy - La Diagonale","isPartOf":{"@id":"https:\/\/www.ladiagonale.net\/#website"},"datePublished":"2024-08-30T17:11:16+00:00","dateModified":"2024-08-30T17:11:59+00:00","author":{"@id":"https:\/\/www.ladiagonale.net\/#\/schema\/person\/79ff1e7b0853ed01b2aa26e64ad300bf"},"breadcrumb":{"@id":"https:\/\/www.ladiagonale.net\/index.php\/2024\/08\/30\/valme-vers-un-pret-a-annecy\/#breadcrumb"},"inLanguage":"fr-FR","potentialAction":[{"@type":"ReadAction","target":["https:\/\/www.ladiagonale.net\/index.php\/2024\/08\/30\/valme-vers-un-pret-a-annecy\/"]}]},{"@type":"BreadcrumbList","@id":"https:\/\/www.ladiagonale.net\/index.php\/2024\/08\/30\/valme-vers-un-pret-a-annecy\/#breadcrumb","itemListElement":[{"@type":"ListItem","position":1,"name":"Accueil","item":"https:\/\/www.ladiagonale.net\/"},{"@type":"ListItem","position":2,"name":"Valme vers un pr\u00eat \u00e0 Annecy"}]},{"@type":"WebSite","@id":"https:\/\/www.ladiagonale.net\/#website","url":"https:\/\/www.ladiagonale.net\/","name":"La Diagonale","description":"Le site des supporters de l&#039;AS Monaco FC","potentialAction":[{"@type":"SearchAction","target":{"@type":"EntryPoint","urlTemplate":"https:\/\/www.ladiagonale.net\/?s={search_term_string}"},"query-input":"required name=search_term_string"}],"inLanguage":"fr-FR"},{"@type":"Person","@id":"https:\/\/www.ladiagonale.net\/#\/schema\/person\/79ff1e7b0853ed01b2aa26e64ad300bf","name":"Damien Dellerba","image":{"@type":"ImageObject","inLanguage":"fr-FR","@id":"https:\/\/www.ladiagonale.net\/#\/schema\/person\/image\/","url":"https:\/\/secure.gravatar.com\/avatar\/c7850e06d3ff63cdbaee88b7fc16e2f0?s=96&d=mm&r=g","contentUrl":"https:\/\/secure.gravatar.com\/avatar\/c7850e06d3ff63cdbaee88b7fc16e2f0?s=96&d=mm&r=g","caption":"Damien Dellerba"},"url":"https:\/\/www.ladiagonale.net\/index.php\/author\/damien\/"}]}},"_links":{"self":[{"href":"https:\/\/www.ladiagonale.net\/index.php\/wp-json\/wp\/v2\/posts\/25322"}],"collection":[{"href":"https:\/\/www.ladiagonale.net\/index.php\/wp-json\/wp\/v2\/posts"}],"about":[{"href":"https:\/\/www.ladiagonale.net\/index.php\/wp-json\/wp\/v2\/types\/post"}],"author":[{"embeddable":true,"href":"https:\/\/www.ladiagonale.net\/index.php\/wp-json\/wp\/v2\/users\/2"}],"replies":[{"embeddable":true,"href":"https:\/\/www.ladiagonale.net\/index.php\/wp-json\/wp\/v2\/comments?post=25322"}],"version-history":[{"count":3,"href":"https:\/\/www.ladiagonale.net\/index.php\/wp-json\/wp\/v2\/posts\/25322\/revisions"}],"predecessor-version":[{"id":25326,"href":"https:\/\/www.ladiagonale.net\/index.php\/wp-json\/wp\/v2\/posts\/25322\/revisions\/25326"}],"wp:attachment":[{"href":"https:\/\/www.ladiagonale.net\/index.php\/wp-json\/wp\/v2\/media?parent=25322"}],"wp:term":[{"taxonomy":"category","embeddable":true,"href":"https:\/\/www.ladiagonale.net\/index.php\/wp-json\/wp\/v2\/categories?post=25322"},{"taxonomy":"post_tag","embeddable":true,"href":"https:\/\/www.ladiagonale.net\/index.php\/wp-json\/wp\/v2\/tags?post=25322"}],"curies":[{"name":"wp","href":"https:\/\/api.w.org\/{rel}","templated":true}]}}