{"id":25374,"date":"2024-08-31T19:51:49","date_gmt":"2024-08-31T17:51:49","guid":{"rendered":"https:\/\/www.ladiagonale.net\/?p=25374"},"modified":"2024-08-31T19:52:50","modified_gmt":"2024-08-31T17:52:50","slug":"le-groupe-monegasque-golovin-de-retour-jakobs-absent","status":"publish","type":"post","link":"https:\/\/www.ladiagonale.net\/index.php\/2024\/08\/31\/le-groupe-monegasque-golovin-de-retour-jakobs-absent\/","title":{"rendered":"Le groupe mon\u00e9gasque : Golovin de retour, Jakobs absent"},"content":{"rendered":"\n\n\n<p>Comme annonc\u00e9 par Adi H\u00fctter en conf\u00e9rence de presse, Aleksandr Golovin et Kr\u00e9pin Diatta effectuent leur retour dans le groupe pour le match de ce dimanche contre Lens (15h). En revanche, Ismail Jakobs a disparu, lui qui est annonc\u00e9 du c\u00f4t\u00e9 de Galatasaray. Malgr\u00e9 les absences au milieu, celles de Lamine Camara, suspendu, et d&rsquo;Edan Diop, bless\u00e9, Eliot Matazo est toujours sur la touche.<\/p>\n\n\n\n<h3>Le groupe mon\u00e9gasque<\/h3>\n\n\n\n<ul><li><strong>Gardiens :<\/strong> K\u00f6hn, Lienard, Stawiecki.<\/li><li><strong>D\u00e9fenseurs :<\/strong> C. Henrique, Kehrer, Mawissa, Ouattara, Salisu, Singo, Teze, Vanderson.<\/li><li><strong>Milieux :<\/strong> Akliouche, Ben Seghir, Diatta, Golovin, Magassa, Minamino, Zakaria.<\/li><li><strong>Attaquants :<\/strong> Balogun, Embolo, Ilenikhena.<\/li><\/ul>\n\n\n\n<p><em>Absents :<\/em> Camara (suspendu), Majecki, Diop (bless\u00e9s), Jakobs (en instance de d\u00e9part), Matazo (choix).\u00a0<\/p>\n","protected":false},"excerpt":{"rendered":"<p>Comme annonc\u00e9 par Adi H\u00fctter en conf\u00e9rence de presse, Aleksandr Golovin et Kr\u00e9pin Diatta effectuent leur retour dans le groupe pour le match de ce dimanche contre Lens (15h). En revanche, Ismail Jakobs a disparu, lui qui est annonc\u00e9 du c\u00f4t\u00e9 de Galatasaray. Malgr\u00e9 les absences au milieu, celles de Lamine Camara, suspendu, et d&rsquo;Edan [&#8230;]\n","protected":false},"author":2,"featured_media":0,"comment_status":"open","ping_status":"open","sticky":false,"template":"","format":"standard","meta":[],"categories":[4,6],"tags":[86,225,94,647],"yoast_head":"<!-- This site is optimized with the Yoast SEO plugin v19.8 - https:\/\/yoast.com\/wordpress\/plugins\/seo\/ -->\n<title>Le groupe mon\u00e9gasque : Golovin de retour, Jakobs absent - La Diagonale<\/title>\n<meta name=\"robots\" content=\"index, follow, max-snippet:-1, max-image-preview:large, max-video-preview:-1\" \/>\n<link rel=\"canonical\" href=\"https:\/\/www.ladiagonale.net\/index.php\/2024\/08\/31\/le-groupe-monegasque-golovin-de-retour-jakobs-absent\/\" \/>\n<meta property=\"og:locale\" content=\"fr_FR\" \/>\n<meta property=\"og:type\" content=\"article\" \/>\n<meta property=\"og:title\" content=\"Le groupe mon\u00e9gasque : Golovin de retour, Jakobs absent - La Diagonale\" \/>\n<meta property=\"og:description\" content=\"Comme annonc\u00e9 par Adi H\u00fctter en conf\u00e9rence de presse, Aleksandr Golovin et Kr\u00e9pin Diatta effectuent leur retour dans le groupe pour le match de ce dimanche contre Lens (15h). En revanche, Ismail Jakobs a disparu, lui qui est annonc\u00e9 du c\u00f4t\u00e9 de Galatasaray. Malgr\u00e9 les absences au milieu, celles de Lamine Camara, suspendu, et d&rsquo;Edan [...]\" \/>\n<meta property=\"og:url\" content=\"https:\/\/www.ladiagonale.net\/index.php\/2024\/08\/31\/le-groupe-monegasque-golovin-de-retour-jakobs-absent\/\" \/>\n<meta property=\"og:site_name\" content=\"La Diagonale\" \/>\n<meta property=\"article:published_time\" content=\"2024-08-31T17:51:49+00:00\" \/>\n<meta property=\"article:modified_time\" content=\"2024-08-31T17:52:50+00:00\" \/>\n<meta property=\"og:image\" content=\"https:\/\/www.ladiagonale.net\/wp-content\/uploads\/2024\/07\/golovin-cap.png\" \/>\n\t<meta property=\"og:image:width\" content=\"1160\" \/>\n\t<meta property=\"og:image:height\" content=\"650\" \/>\n\t<meta property=\"og:image:type\" content=\"image\/png\" \/>\n<meta name=\"author\" content=\"Damien Dellerba\" \/>\n<meta name=\"twitter:card\" content=\"summary_large_image\" \/>\n<meta name=\"twitter:image\" content=\"https:\/\/www.ladiagonale.net\/wp-content\/uploads\/2024\/07\/golovin-cap.png\" \/>\n<meta name=\"twitter:label1\" content=\"\u00c9crit par\" \/>\n\t<meta name=\"twitter:data1\" content=\"Damien Dellerba\" \/>\n\t<meta name=\"twitter:label2\" content=\"Dur\u00e9e de lecture estim\u00e9e\" \/>\n\t<meta name=\"twitter:data2\" content=\"1 minute\" \/>\n<script type=\"application\/ld+json\" class=\"yoast-schema-graph\">{\"@context\":\"https:\/\/schema.org\",\"@graph\":[{\"@type\":\"WebPage\",\"@id\":\"https:\/\/www.ladiagonale.net\/index.php\/2024\/08\/31\/le-groupe-monegasque-golovin-de-retour-jakobs-absent\/\",\"url\":\"https:\/\/www.ladiagonale.net\/index.php\/2024\/08\/31\/le-groupe-monegasque-golovin-de-retour-jakobs-absent\/\",\"name\":\"Le groupe mon\u00e9gasque : Golovin de retour, Jakobs absent - La Diagonale\",\"isPartOf\":{\"@id\":\"https:\/\/www.ladiagonale.net\/#website\"},\"datePublished\":\"2024-08-31T17:51:49+00:00\",\"dateModified\":\"2024-08-31T17:52:50+00:00\",\"author\":{\"@id\":\"https:\/\/www.ladiagonale.net\/#\/schema\/person\/79ff1e7b0853ed01b2aa26e64ad300bf\"},\"breadcrumb\":{\"@id\":\"https:\/\/www.ladiagonale.net\/index.php\/2024\/08\/31\/le-groupe-monegasque-golovin-de-retour-jakobs-absent\/#breadcrumb\"},\"inLanguage\":\"fr-FR\",\"potentialAction\":[{\"@type\":\"ReadAction\",\"target\":[\"https:\/\/www.ladiagonale.net\/index.php\/2024\/08\/31\/le-groupe-monegasque-golovin-de-retour-jakobs-absent\/\"]}]},{\"@type\":\"BreadcrumbList\",\"@id\":\"https:\/\/www.ladiagonale.net\/index.php\/2024\/08\/31\/le-groupe-monegasque-golovin-de-retour-jakobs-absent\/#breadcrumb\",\"itemListElement\":[{\"@type\":\"ListItem\",\"position\":1,\"name\":\"Accueil\",\"item\":\"https:\/\/www.ladiagonale.net\/\"},{\"@type\":\"ListItem\",\"position\":2,\"name\":\"Le groupe mon\u00e9gasque : Golovin de retour, Jakobs absent\"}]},{\"@type\":\"WebSite\",\"@id\":\"https:\/\/www.ladiagonale.net\/#website\",\"url\":\"https:\/\/www.ladiagonale.net\/\",\"name\":\"La Diagonale\",\"description\":\"Le site des supporters de l&#039;AS Monaco FC\",\"potentialAction\":[{\"@type\":\"SearchAction\",\"target\":{\"@type\":\"EntryPoint\",\"urlTemplate\":\"https:\/\/www.ladiagonale.net\/?s={search_term_string}\"},\"query-input\":\"required name=search_term_string\"}],\"inLanguage\":\"fr-FR\"},{\"@type\":\"Person\",\"@id\":\"https:\/\/www.ladiagonale.net\/#\/schema\/person\/79ff1e7b0853ed01b2aa26e64ad300bf\",\"name\":\"Damien Dellerba\",\"image\":{\"@type\":\"ImageObject\",\"inLanguage\":\"fr-FR\",\"@id\":\"https:\/\/www.ladiagonale.net\/#\/schema\/person\/image\/\",\"url\":\"https:\/\/secure.gravatar.com\/avatar\/c7850e06d3ff63cdbaee88b7fc16e2f0?s=96&d=mm&r=g\",\"contentUrl\":\"https:\/\/secure.gravatar.com\/avatar\/c7850e06d3ff63cdbaee88b7fc16e2f0?s=96&d=mm&r=g\",\"caption\":\"Damien Dellerba\"},\"url\":\"https:\/\/www.ladiagonale.net\/index.php\/author\/damien\/\"}]}<\/script>\n<!-- \/ Yoast SEO plugin. -->","yoast_head_json":{"title":"Le groupe mon\u00e9gasque : Golovin de retour, Jakobs absent - La Diagonale","robots":{"index":"index","follow":"follow","max-snippet":"max-snippet:-1","max-image-preview":"max-image-preview:large","max-video-preview":"max-video-preview:-1"},"canonical":"https:\/\/www.ladiagonale.net\/index.php\/2024\/08\/31\/le-groupe-monegasque-golovin-de-retour-jakobs-absent\/","og_locale":"fr_FR","og_type":"article","og_title":"Le groupe mon\u00e9gasque : Golovin de retour, Jakobs absent - La Diagonale","og_description":"Comme annonc\u00e9 par Adi H\u00fctter en conf\u00e9rence de presse, Aleksandr Golovin et Kr\u00e9pin Diatta effectuent leur retour dans le groupe pour le match de ce dimanche contre Lens (15h). En revanche, Ismail Jakobs a disparu, lui qui est annonc\u00e9 du c\u00f4t\u00e9 de Galatasaray. Malgr\u00e9 les absences au milieu, celles de Lamine Camara, suspendu, et d&rsquo;Edan [...]","og_url":"https:\/\/www.ladiagonale.net\/index.php\/2024\/08\/31\/le-groupe-monegasque-golovin-de-retour-jakobs-absent\/","og_site_name":"La Diagonale","article_published_time":"2024-08-31T17:51:49+00:00","article_modified_time":"2024-08-31T17:52:50+00:00","og_image":[{"width":1160,"height":650,"url":"https:\/\/www.ladiagonale.net\/wp-content\/uploads\/2024\/07\/golovin-cap.png","type":"image\/png"}],"author":"Damien Dellerba","twitter_card":"summary_large_image","twitter_image":"https:\/\/www.ladiagonale.net\/wp-content\/uploads\/2024\/07\/golovin-cap.png","twitter_misc":{"\u00c9crit par":"Damien Dellerba","Dur\u00e9e de lecture estim\u00e9e":"1 minute"},"schema":{"@context":"https:\/\/schema.org","@graph":[{"@type":"WebPage","@id":"https:\/\/www.ladiagonale.net\/index.php\/2024\/08\/31\/le-groupe-monegasque-golovin-de-retour-jakobs-absent\/","url":"https:\/\/www.ladiagonale.net\/index.php\/2024\/08\/31\/le-groupe-monegasque-golovin-de-retour-jakobs-absent\/","name":"Le groupe mon\u00e9gasque : Golovin de retour, Jakobs absent - La Diagonale","isPartOf":{"@id":"https:\/\/www.ladiagonale.net\/#website"},"datePublished":"2024-08-31T17:51:49+00:00","dateModified":"2024-08-31T17:52:50+00:00","author":{"@id":"https:\/\/www.ladiagonale.net\/#\/schema\/person\/79ff1e7b0853ed01b2aa26e64ad300bf"},"breadcrumb":{"@id":"https:\/\/www.ladiagonale.net\/index.php\/2024\/08\/31\/le-groupe-monegasque-golovin-de-retour-jakobs-absent\/#breadcrumb"},"inLanguage":"fr-FR","potentialAction":[{"@type":"ReadAction","target":["https:\/\/www.ladiagonale.net\/index.php\/2024\/08\/31\/le-groupe-monegasque-golovin-de-retour-jakobs-absent\/"]}]},{"@type":"BreadcrumbList","@id":"https:\/\/www.ladiagonale.net\/index.php\/2024\/08\/31\/le-groupe-monegasque-golovin-de-retour-jakobs-absent\/#breadcrumb","itemListElement":[{"@type":"ListItem","position":1,"name":"Accueil","item":"https:\/\/www.ladiagonale.net\/"},{"@type":"ListItem","position":2,"name":"Le groupe mon\u00e9gasque : Golovin de retour, Jakobs absent"}]},{"@type":"WebSite","@id":"https:\/\/www.ladiagonale.net\/#website","url":"https:\/\/www.ladiagonale.net\/","name":"La Diagonale","description":"Le site des supporters de l&#039;AS Monaco FC","potentialAction":[{"@type":"SearchAction","target":{"@type":"EntryPoint","urlTemplate":"https:\/\/www.ladiagonale.net\/?s={search_term_string}"},"query-input":"required name=search_term_string"}],"inLanguage":"fr-FR"},{"@type":"Person","@id":"https:\/\/www.ladiagonale.net\/#\/schema\/person\/79ff1e7b0853ed01b2aa26e64ad300bf","name":"Damien Dellerba","image":{"@type":"ImageObject","inLanguage":"fr-FR","@id":"https:\/\/www.ladiagonale.net\/#\/schema\/person\/image\/","url":"https:\/\/secure.gravatar.com\/avatar\/c7850e06d3ff63cdbaee88b7fc16e2f0?s=96&d=mm&r=g","contentUrl":"https:\/\/secure.gravatar.com\/avatar\/c7850e06d3ff63cdbaee88b7fc16e2f0?s=96&d=mm&r=g","caption":"Damien Dellerba"},"url":"https:\/\/www.ladiagonale.net\/index.php\/author\/damien\/"}]}},"_links":{"self":[{"href":"https:\/\/www.ladiagonale.net\/index.php\/wp-json\/wp\/v2\/posts\/25374"}],"collection":[{"href":"https:\/\/www.ladiagonale.net\/index.php\/wp-json\/wp\/v2\/posts"}],"about":[{"href":"https:\/\/www.ladiagonale.net\/index.php\/wp-json\/wp\/v2\/types\/post"}],"author":[{"embeddable":true,"href":"https:\/\/www.ladiagonale.net\/index.php\/wp-json\/wp\/v2\/users\/2"}],"replies":[{"embeddable":true,"href":"https:\/\/www.ladiagonale.net\/index.php\/wp-json\/wp\/v2\/comments?post=25374"}],"version-history":[{"count":1,"href":"https:\/\/www.ladiagonale.net\/index.php\/wp-json\/wp\/v2\/posts\/25374\/revisions"}],"predecessor-version":[{"id":25375,"href":"https:\/\/www.ladiagonale.net\/index.php\/wp-json\/wp\/v2\/posts\/25374\/revisions\/25375"}],"wp:attachment":[{"href":"https:\/\/www.ladiagonale.net\/index.php\/wp-json\/wp\/v2\/media?parent=25374"}],"wp:term":[{"taxonomy":"category","embeddable":true,"href":"https:\/\/www.ladiagonale.net\/index.php\/wp-json\/wp\/v2\/categories?post=25374"},{"taxonomy":"post_tag","embeddable":true,"href":"https:\/\/www.ladiagonale.net\/index.php\/wp-json\/wp\/v2\/tags?post=25374"}],"curies":[{"name":"wp","href":"https:\/\/api.w.org\/{rel}","templated":true}]}}