{"id":25455,"date":"2024-09-02T19:59:05","date_gmt":"2024-09-02T17:59:05","guid":{"rendered":"https:\/\/www.ladiagonale.net\/?p=25455"},"modified":"2024-09-02T19:59:06","modified_gmt":"2024-09-02T17:59:06","slug":"officiel-valme-prete-a-annecy","status":"publish","type":"post","link":"https:\/\/www.ladiagonale.net\/index.php\/2024\/09\/02\/officiel-valme-prete-a-annecy\/","title":{"rendered":"Officiel : Valme pr\u00eat\u00e9 \u00e0 Annecy"},"content":{"rendered":"\n\n\n<p>Si le mercato a ferm\u00e9 ses portes vendredi soir, certains mouvements sont encore \u00e0 signaler. C&rsquo;est notamment le cas de Ritchy Valme, le d\u00e9fenseur central de 19 ans. Ce lundi, l&rsquo;AS Monaco a annonc\u00e9 le pr\u00eat du joueur du Groupe \u00c9lite pour aller s&rsquo;aguerrir en Ligue 2, \u00e0 Annecy. <\/p>\n\n\n\n<p>Durant l&rsquo;\u00e9t\u00e9, Valme a particip\u00e9 \u00e0 cinq matches de pr\u00e9paration mais la forte concurrence en charni\u00e8re ne lui a pas permis de se faire une place en \u00e9quipe premi\u00e8re. Il est sous contrat jusqu&rsquo;en 2025 mais l&rsquo;ASM n&rsquo;a pas annonc\u00e9 de prolongation \u00e0 son sujet.<\/p>\n","protected":false},"excerpt":{"rendered":"<p>Si le mercato a ferm\u00e9 ses portes vendredi soir, certains mouvements sont encore \u00e0 signaler. C&rsquo;est notamment le cas de Ritchy Valme, le d\u00e9fenseur central de 19 ans. Ce lundi, l&rsquo;AS Monaco a annonc\u00e9 le pr\u00eat du joueur du Groupe \u00c9lite pour aller s&rsquo;aguerrir en Ligue 2, \u00e0 Annecy. Durant l&rsquo;\u00e9t\u00e9, Valme a particip\u00e9 \u00e0 [&#8230;]\n","protected":false},"author":2,"featured_media":0,"comment_status":"open","ping_status":"open","sticky":false,"template":"","format":"standard","meta":[],"categories":[6],"tags":[86,219,111,693,110],"yoast_head":"<!-- This site is optimized with the Yoast SEO plugin v19.8 - https:\/\/yoast.com\/wordpress\/plugins\/seo\/ -->\n<title>Officiel : Valme pr\u00eat\u00e9 \u00e0 Annecy - La Diagonale<\/title>\n<meta name=\"robots\" content=\"index, follow, max-snippet:-1, max-image-preview:large, max-video-preview:-1\" \/>\n<link rel=\"canonical\" href=\"https:\/\/www.ladiagonale.net\/index.php\/2024\/09\/02\/officiel-valme-prete-a-annecy\/\" \/>\n<meta property=\"og:locale\" content=\"fr_FR\" \/>\n<meta property=\"og:type\" content=\"article\" \/>\n<meta property=\"og:title\" content=\"Officiel : Valme pr\u00eat\u00e9 \u00e0 Annecy - La Diagonale\" \/>\n<meta property=\"og:description\" content=\"Si le mercato a ferm\u00e9 ses portes vendredi soir, certains mouvements sont encore \u00e0 signaler. C&rsquo;est notamment le cas de Ritchy Valme, le d\u00e9fenseur central de 19 ans. Ce lundi, l&rsquo;AS Monaco a annonc\u00e9 le pr\u00eat du joueur du Groupe \u00c9lite pour aller s&rsquo;aguerrir en Ligue 2, \u00e0 Annecy. Durant l&rsquo;\u00e9t\u00e9, Valme a particip\u00e9 \u00e0 [...]\" \/>\n<meta property=\"og:url\" content=\"https:\/\/www.ladiagonale.net\/index.php\/2024\/09\/02\/officiel-valme-prete-a-annecy\/\" \/>\n<meta property=\"og:site_name\" content=\"La Diagonale\" \/>\n<meta property=\"article:published_time\" content=\"2024-09-02T17:59:05+00:00\" \/>\n<meta property=\"article:modified_time\" content=\"2024-09-02T17:59:06+00:00\" \/>\n<meta property=\"og:image\" content=\"https:\/\/www.ladiagonale.net\/wp-content\/uploads\/2023\/09\/valme23.png\" \/>\n\t<meta property=\"og:image:width\" content=\"1160\" \/>\n\t<meta property=\"og:image:height\" content=\"650\" \/>\n\t<meta property=\"og:image:type\" content=\"image\/png\" \/>\n<meta name=\"author\" content=\"Damien Dellerba\" \/>\n<meta name=\"twitter:card\" content=\"summary_large_image\" \/>\n<meta name=\"twitter:image\" content=\"https:\/\/www.ladiagonale.net\/wp-content\/uploads\/2023\/09\/valme23.png\" \/>\n<meta name=\"twitter:label1\" content=\"\u00c9crit par\" \/>\n\t<meta name=\"twitter:data1\" content=\"Damien Dellerba\" \/>\n\t<meta name=\"twitter:label2\" content=\"Dur\u00e9e de lecture estim\u00e9e\" \/>\n\t<meta name=\"twitter:data2\" content=\"1 minute\" \/>\n<script type=\"application\/ld+json\" class=\"yoast-schema-graph\">{\"@context\":\"https:\/\/schema.org\",\"@graph\":[{\"@type\":\"WebPage\",\"@id\":\"https:\/\/www.ladiagonale.net\/index.php\/2024\/09\/02\/officiel-valme-prete-a-annecy\/\",\"url\":\"https:\/\/www.ladiagonale.net\/index.php\/2024\/09\/02\/officiel-valme-prete-a-annecy\/\",\"name\":\"Officiel : Valme pr\u00eat\u00e9 \u00e0 Annecy - La Diagonale\",\"isPartOf\":{\"@id\":\"https:\/\/www.ladiagonale.net\/#website\"},\"datePublished\":\"2024-09-02T17:59:05+00:00\",\"dateModified\":\"2024-09-02T17:59:06+00:00\",\"author\":{\"@id\":\"https:\/\/www.ladiagonale.net\/#\/schema\/person\/79ff1e7b0853ed01b2aa26e64ad300bf\"},\"breadcrumb\":{\"@id\":\"https:\/\/www.ladiagonale.net\/index.php\/2024\/09\/02\/officiel-valme-prete-a-annecy\/#breadcrumb\"},\"inLanguage\":\"fr-FR\",\"potentialAction\":[{\"@type\":\"ReadAction\",\"target\":[\"https:\/\/www.ladiagonale.net\/index.php\/2024\/09\/02\/officiel-valme-prete-a-annecy\/\"]}]},{\"@type\":\"BreadcrumbList\",\"@id\":\"https:\/\/www.ladiagonale.net\/index.php\/2024\/09\/02\/officiel-valme-prete-a-annecy\/#breadcrumb\",\"itemListElement\":[{\"@type\":\"ListItem\",\"position\":1,\"name\":\"Accueil\",\"item\":\"https:\/\/www.ladiagonale.net\/\"},{\"@type\":\"ListItem\",\"position\":2,\"name\":\"Officiel : Valme pr\u00eat\u00e9 \u00e0 Annecy\"}]},{\"@type\":\"WebSite\",\"@id\":\"https:\/\/www.ladiagonale.net\/#website\",\"url\":\"https:\/\/www.ladiagonale.net\/\",\"name\":\"La Diagonale\",\"description\":\"Le site des supporters de l&#039;AS Monaco FC\",\"potentialAction\":[{\"@type\":\"SearchAction\",\"target\":{\"@type\":\"EntryPoint\",\"urlTemplate\":\"https:\/\/www.ladiagonale.net\/?s={search_term_string}\"},\"query-input\":\"required name=search_term_string\"}],\"inLanguage\":\"fr-FR\"},{\"@type\":\"Person\",\"@id\":\"https:\/\/www.ladiagonale.net\/#\/schema\/person\/79ff1e7b0853ed01b2aa26e64ad300bf\",\"name\":\"Damien Dellerba\",\"image\":{\"@type\":\"ImageObject\",\"inLanguage\":\"fr-FR\",\"@id\":\"https:\/\/www.ladiagonale.net\/#\/schema\/person\/image\/\",\"url\":\"https:\/\/secure.gravatar.com\/avatar\/c7850e06d3ff63cdbaee88b7fc16e2f0?s=96&d=mm&r=g\",\"contentUrl\":\"https:\/\/secure.gravatar.com\/avatar\/c7850e06d3ff63cdbaee88b7fc16e2f0?s=96&d=mm&r=g\",\"caption\":\"Damien Dellerba\"},\"url\":\"https:\/\/www.ladiagonale.net\/index.php\/author\/damien\/\"}]}<\/script>\n<!-- \/ Yoast SEO plugin. -->","yoast_head_json":{"title":"Officiel : Valme pr\u00eat\u00e9 \u00e0 Annecy - La Diagonale","robots":{"index":"index","follow":"follow","max-snippet":"max-snippet:-1","max-image-preview":"max-image-preview:large","max-video-preview":"max-video-preview:-1"},"canonical":"https:\/\/www.ladiagonale.net\/index.php\/2024\/09\/02\/officiel-valme-prete-a-annecy\/","og_locale":"fr_FR","og_type":"article","og_title":"Officiel : Valme pr\u00eat\u00e9 \u00e0 Annecy - La Diagonale","og_description":"Si le mercato a ferm\u00e9 ses portes vendredi soir, certains mouvements sont encore \u00e0 signaler. C&rsquo;est notamment le cas de Ritchy Valme, le d\u00e9fenseur central de 19 ans. Ce lundi, l&rsquo;AS Monaco a annonc\u00e9 le pr\u00eat du joueur du Groupe \u00c9lite pour aller s&rsquo;aguerrir en Ligue 2, \u00e0 Annecy. Durant l&rsquo;\u00e9t\u00e9, Valme a particip\u00e9 \u00e0 [...]","og_url":"https:\/\/www.ladiagonale.net\/index.php\/2024\/09\/02\/officiel-valme-prete-a-annecy\/","og_site_name":"La Diagonale","article_published_time":"2024-09-02T17:59:05+00:00","article_modified_time":"2024-09-02T17:59:06+00:00","og_image":[{"width":1160,"height":650,"url":"https:\/\/www.ladiagonale.net\/wp-content\/uploads\/2023\/09\/valme23.png","type":"image\/png"}],"author":"Damien Dellerba","twitter_card":"summary_large_image","twitter_image":"https:\/\/www.ladiagonale.net\/wp-content\/uploads\/2023\/09\/valme23.png","twitter_misc":{"\u00c9crit par":"Damien Dellerba","Dur\u00e9e de lecture estim\u00e9e":"1 minute"},"schema":{"@context":"https:\/\/schema.org","@graph":[{"@type":"WebPage","@id":"https:\/\/www.ladiagonale.net\/index.php\/2024\/09\/02\/officiel-valme-prete-a-annecy\/","url":"https:\/\/www.ladiagonale.net\/index.php\/2024\/09\/02\/officiel-valme-prete-a-annecy\/","name":"Officiel : Valme pr\u00eat\u00e9 \u00e0 Annecy - La Diagonale","isPartOf":{"@id":"https:\/\/www.ladiagonale.net\/#website"},"datePublished":"2024-09-02T17:59:05+00:00","dateModified":"2024-09-02T17:59:06+00:00","author":{"@id":"https:\/\/www.ladiagonale.net\/#\/schema\/person\/79ff1e7b0853ed01b2aa26e64ad300bf"},"breadcrumb":{"@id":"https:\/\/www.ladiagonale.net\/index.php\/2024\/09\/02\/officiel-valme-prete-a-annecy\/#breadcrumb"},"inLanguage":"fr-FR","potentialAction":[{"@type":"ReadAction","target":["https:\/\/www.ladiagonale.net\/index.php\/2024\/09\/02\/officiel-valme-prete-a-annecy\/"]}]},{"@type":"BreadcrumbList","@id":"https:\/\/www.ladiagonale.net\/index.php\/2024\/09\/02\/officiel-valme-prete-a-annecy\/#breadcrumb","itemListElement":[{"@type":"ListItem","position":1,"name":"Accueil","item":"https:\/\/www.ladiagonale.net\/"},{"@type":"ListItem","position":2,"name":"Officiel : Valme pr\u00eat\u00e9 \u00e0 Annecy"}]},{"@type":"WebSite","@id":"https:\/\/www.ladiagonale.net\/#website","url":"https:\/\/www.ladiagonale.net\/","name":"La Diagonale","description":"Le site des supporters de l&#039;AS Monaco FC","potentialAction":[{"@type":"SearchAction","target":{"@type":"EntryPoint","urlTemplate":"https:\/\/www.ladiagonale.net\/?s={search_term_string}"},"query-input":"required name=search_term_string"}],"inLanguage":"fr-FR"},{"@type":"Person","@id":"https:\/\/www.ladiagonale.net\/#\/schema\/person\/79ff1e7b0853ed01b2aa26e64ad300bf","name":"Damien Dellerba","image":{"@type":"ImageObject","inLanguage":"fr-FR","@id":"https:\/\/www.ladiagonale.net\/#\/schema\/person\/image\/","url":"https:\/\/secure.gravatar.com\/avatar\/c7850e06d3ff63cdbaee88b7fc16e2f0?s=96&d=mm&r=g","contentUrl":"https:\/\/secure.gravatar.com\/avatar\/c7850e06d3ff63cdbaee88b7fc16e2f0?s=96&d=mm&r=g","caption":"Damien Dellerba"},"url":"https:\/\/www.ladiagonale.net\/index.php\/author\/damien\/"}]}},"_links":{"self":[{"href":"https:\/\/www.ladiagonale.net\/index.php\/wp-json\/wp\/v2\/posts\/25455"}],"collection":[{"href":"https:\/\/www.ladiagonale.net\/index.php\/wp-json\/wp\/v2\/posts"}],"about":[{"href":"https:\/\/www.ladiagonale.net\/index.php\/wp-json\/wp\/v2\/types\/post"}],"author":[{"embeddable":true,"href":"https:\/\/www.ladiagonale.net\/index.php\/wp-json\/wp\/v2\/users\/2"}],"replies":[{"embeddable":true,"href":"https:\/\/www.ladiagonale.net\/index.php\/wp-json\/wp\/v2\/comments?post=25455"}],"version-history":[{"count":1,"href":"https:\/\/www.ladiagonale.net\/index.php\/wp-json\/wp\/v2\/posts\/25455\/revisions"}],"predecessor-version":[{"id":25456,"href":"https:\/\/www.ladiagonale.net\/index.php\/wp-json\/wp\/v2\/posts\/25455\/revisions\/25456"}],"wp:attachment":[{"href":"https:\/\/www.ladiagonale.net\/index.php\/wp-json\/wp\/v2\/media?parent=25455"}],"wp:term":[{"taxonomy":"category","embeddable":true,"href":"https:\/\/www.ladiagonale.net\/index.php\/wp-json\/wp\/v2\/categories?post=25455"},{"taxonomy":"post_tag","embeddable":true,"href":"https:\/\/www.ladiagonale.net\/index.php\/wp-json\/wp\/v2\/tags?post=25455"}],"curies":[{"name":"wp","href":"https:\/\/api.w.org\/{rel}","templated":true}]}}