{"id":25457,"date":"2024-09-02T21:34:14","date_gmt":"2024-09-02T19:34:14","guid":{"rendered":"https:\/\/www.ladiagonale.net\/?p=25457"},"modified":"2024-09-02T21:34:15","modified_gmt":"2024-09-02T19:34:15","slug":"la-reception-du-havre-fixee-au-22-septembre","status":"publish","type":"post","link":"https:\/\/www.ladiagonale.net\/index.php\/2024\/09\/02\/la-reception-du-havre-fixee-au-22-septembre\/","title":{"rendered":"La r\u00e9ception du Havre fix\u00e9e au 22 septembre"},"content":{"rendered":"\n\n\n<p>La programmation de la 5<sup>e<\/sup> journ\u00e9e de Ligue 1 est d\u00e9sormais connue. Apr\u00e8s Auxerre, Monaco jouera une seconde rencontre \u00e0 sa port\u00e9e avec la r\u00e9ception du Havre, d\u00e9sormais entra\u00een\u00e9 par Didier Digard. Mais elle suivra la r\u00e9ception du FC Barcelone et la 1<sup>re<\/sup> journ\u00e9e de la phase de ligue de la Ligue des champions qui sera jou\u00e9e d\u00e9j\u00e0 au Louis-II le jeudi 19 septembre. Le match a \u00e9t\u00e9 programm\u00e9 le dimanche 22 septembre, \u00e0 15 heures, et sera diffus\u00e9 par <em>DAZN<\/em>.<\/p>\n\n\n\n<h3>La programmation compl\u00e8te de la 5<sup>e<\/sup> journ\u00e9e <\/h3>\n\n\n\n<p><strong>Vendredi 20 septembre 2024 \u00e0 20h45 sur <em>DAZN<\/em><\/strong><br>OGC Nice \u2013 AS Saint-\u00c9tienne<\/p>\n\n\n\n<p><strong>Samedi 21 septembre 2024 \u00e0 17h00 sur <em>beIN SPORTS 1<\/em><\/strong><br>LOSC Lille \u2013 RC Strasbourg Alsace<\/p>\n\n\n\n<p><strong>Samedi 21 septembre 2024 \u00e0 19h00 sur <em>DAZN<\/em><\/strong><br>Stade Rennais FC \u2013 RC Lens<\/p>\n\n\n\n<p><strong>Samedi 21 septembre 2024 \u00e0 21h00 sur <em>DAZN<\/em><\/strong><br>Stade de Reims \u2013 Paris Saint-Germain<\/p>\n\n\n\n<p><strong>Dimanche 22 septembre 2024 \u00e0 15h00 sur <em>DAZN<\/em><br>AS Monaco \u2013 Havre AC<\/strong><\/p>\n\n\n\n<p><strong>Dimanche 22 septembre 2024 \u00e0 17h00 sur <em>DAZN<\/em><\/strong><br>Stade Brestois 29 \u2013 Toulouse FC<br>Angers SCO \u2013 FC Nantes<br>Montpellier H\u00e9rault SC \u2013 AJ Auxerre<\/p>\n\n\n\n<p><strong>Dimanche 22 septembre 2024 \u00e0 20h45 sur <em>DAZN<\/em><\/strong><br>Olympique Lyonnais \u2013 Olympique de Marseille<\/p>\n","protected":false},"excerpt":{"rendered":"<p>La programmation de la 5e journ\u00e9e de Ligue 1 est d\u00e9sormais connue. Apr\u00e8s Auxerre, Monaco jouera une seconde rencontre \u00e0 sa port\u00e9e avec la r\u00e9ception du Havre, d\u00e9sormais entra\u00een\u00e9 par Didier Digard. Mais elle suivra la r\u00e9ception du FC Barcelone et la 1re journ\u00e9e de la phase de ligue de la Ligue des champions qui [&#8230;]\n","protected":false},"author":2,"featured_media":0,"comment_status":"open","ping_status":"open","sticky":false,"template":"","format":"standard","meta":[],"categories":[4,6],"tags":[86,94,759,172],"yoast_head":"<!-- This site is optimized with the Yoast SEO plugin v19.8 - https:\/\/yoast.com\/wordpress\/plugins\/seo\/ -->\n<title>La r\u00e9ception du Havre fix\u00e9e au 22 septembre - La Diagonale<\/title>\n<meta name=\"robots\" content=\"index, follow, max-snippet:-1, max-image-preview:large, max-video-preview:-1\" \/>\n<link rel=\"canonical\" href=\"https:\/\/www.ladiagonale.net\/index.php\/2024\/09\/02\/la-reception-du-havre-fixee-au-22-septembre\/\" \/>\n<meta property=\"og:locale\" content=\"fr_FR\" \/>\n<meta property=\"og:type\" content=\"article\" \/>\n<meta property=\"og:title\" content=\"La r\u00e9ception du Havre fix\u00e9e au 22 septembre - La Diagonale\" \/>\n<meta property=\"og:description\" content=\"La programmation de la 5e journ\u00e9e de Ligue 1 est d\u00e9sormais connue. Apr\u00e8s Auxerre, Monaco jouera une seconde rencontre \u00e0 sa port\u00e9e avec la r\u00e9ception du Havre, d\u00e9sormais entra\u00een\u00e9 par Didier Digard. Mais elle suivra la r\u00e9ception du FC Barcelone et la 1re journ\u00e9e de la phase de ligue de la Ligue des champions qui [...]\" \/>\n<meta property=\"og:url\" content=\"https:\/\/www.ladiagonale.net\/index.php\/2024\/09\/02\/la-reception-du-havre-fixee-au-22-septembre\/\" \/>\n<meta property=\"og:site_name\" content=\"La Diagonale\" \/>\n<meta property=\"article:published_time\" content=\"2024-09-02T19:34:14+00:00\" \/>\n<meta property=\"article:modified_time\" content=\"2024-09-02T19:34:15+00:00\" \/>\n<meta property=\"og:image\" content=\"https:\/\/www.ladiagonale.net\/wp-content\/uploads\/2024\/09\/prog.png\" \/>\n\t<meta property=\"og:image:width\" content=\"1160\" \/>\n\t<meta property=\"og:image:height\" content=\"650\" \/>\n\t<meta property=\"og:image:type\" content=\"image\/png\" \/>\n<meta name=\"author\" content=\"Damien Dellerba\" \/>\n<meta name=\"twitter:card\" content=\"summary_large_image\" \/>\n<meta name=\"twitter:image\" content=\"https:\/\/www.ladiagonale.net\/wp-content\/uploads\/2024\/09\/prog.png\" \/>\n<meta name=\"twitter:label1\" content=\"\u00c9crit par\" \/>\n\t<meta name=\"twitter:data1\" content=\"Damien Dellerba\" \/>\n\t<meta name=\"twitter:label2\" content=\"Dur\u00e9e de lecture estim\u00e9e\" \/>\n\t<meta name=\"twitter:data2\" content=\"1 minute\" \/>\n<script type=\"application\/ld+json\" class=\"yoast-schema-graph\">{\"@context\":\"https:\/\/schema.org\",\"@graph\":[{\"@type\":\"WebPage\",\"@id\":\"https:\/\/www.ladiagonale.net\/index.php\/2024\/09\/02\/la-reception-du-havre-fixee-au-22-septembre\/\",\"url\":\"https:\/\/www.ladiagonale.net\/index.php\/2024\/09\/02\/la-reception-du-havre-fixee-au-22-septembre\/\",\"name\":\"La r\u00e9ception du Havre fix\u00e9e au 22 septembre - La Diagonale\",\"isPartOf\":{\"@id\":\"https:\/\/www.ladiagonale.net\/#website\"},\"datePublished\":\"2024-09-02T19:34:14+00:00\",\"dateModified\":\"2024-09-02T19:34:15+00:00\",\"author\":{\"@id\":\"https:\/\/www.ladiagonale.net\/#\/schema\/person\/79ff1e7b0853ed01b2aa26e64ad300bf\"},\"breadcrumb\":{\"@id\":\"https:\/\/www.ladiagonale.net\/index.php\/2024\/09\/02\/la-reception-du-havre-fixee-au-22-septembre\/#breadcrumb\"},\"inLanguage\":\"fr-FR\",\"potentialAction\":[{\"@type\":\"ReadAction\",\"target\":[\"https:\/\/www.ladiagonale.net\/index.php\/2024\/09\/02\/la-reception-du-havre-fixee-au-22-septembre\/\"]}]},{\"@type\":\"BreadcrumbList\",\"@id\":\"https:\/\/www.ladiagonale.net\/index.php\/2024\/09\/02\/la-reception-du-havre-fixee-au-22-septembre\/#breadcrumb\",\"itemListElement\":[{\"@type\":\"ListItem\",\"position\":1,\"name\":\"Accueil\",\"item\":\"https:\/\/www.ladiagonale.net\/\"},{\"@type\":\"ListItem\",\"position\":2,\"name\":\"La r\u00e9ception du Havre fix\u00e9e au 22 septembre\"}]},{\"@type\":\"WebSite\",\"@id\":\"https:\/\/www.ladiagonale.net\/#website\",\"url\":\"https:\/\/www.ladiagonale.net\/\",\"name\":\"La Diagonale\",\"description\":\"Le site des supporters de l&#039;AS Monaco FC\",\"potentialAction\":[{\"@type\":\"SearchAction\",\"target\":{\"@type\":\"EntryPoint\",\"urlTemplate\":\"https:\/\/www.ladiagonale.net\/?s={search_term_string}\"},\"query-input\":\"required name=search_term_string\"}],\"inLanguage\":\"fr-FR\"},{\"@type\":\"Person\",\"@id\":\"https:\/\/www.ladiagonale.net\/#\/schema\/person\/79ff1e7b0853ed01b2aa26e64ad300bf\",\"name\":\"Damien Dellerba\",\"image\":{\"@type\":\"ImageObject\",\"inLanguage\":\"fr-FR\",\"@id\":\"https:\/\/www.ladiagonale.net\/#\/schema\/person\/image\/\",\"url\":\"https:\/\/secure.gravatar.com\/avatar\/c7850e06d3ff63cdbaee88b7fc16e2f0?s=96&d=mm&r=g\",\"contentUrl\":\"https:\/\/secure.gravatar.com\/avatar\/c7850e06d3ff63cdbaee88b7fc16e2f0?s=96&d=mm&r=g\",\"caption\":\"Damien Dellerba\"},\"url\":\"https:\/\/www.ladiagonale.net\/index.php\/author\/damien\/\"}]}<\/script>\n<!-- \/ Yoast SEO plugin. -->","yoast_head_json":{"title":"La r\u00e9ception du Havre fix\u00e9e au 22 septembre - La Diagonale","robots":{"index":"index","follow":"follow","max-snippet":"max-snippet:-1","max-image-preview":"max-image-preview:large","max-video-preview":"max-video-preview:-1"},"canonical":"https:\/\/www.ladiagonale.net\/index.php\/2024\/09\/02\/la-reception-du-havre-fixee-au-22-septembre\/","og_locale":"fr_FR","og_type":"article","og_title":"La r\u00e9ception du Havre fix\u00e9e au 22 septembre - La Diagonale","og_description":"La programmation de la 5e journ\u00e9e de Ligue 1 est d\u00e9sormais connue. Apr\u00e8s Auxerre, Monaco jouera une seconde rencontre \u00e0 sa port\u00e9e avec la r\u00e9ception du Havre, d\u00e9sormais entra\u00een\u00e9 par Didier Digard. Mais elle suivra la r\u00e9ception du FC Barcelone et la 1re journ\u00e9e de la phase de ligue de la Ligue des champions qui [...]","og_url":"https:\/\/www.ladiagonale.net\/index.php\/2024\/09\/02\/la-reception-du-havre-fixee-au-22-septembre\/","og_site_name":"La Diagonale","article_published_time":"2024-09-02T19:34:14+00:00","article_modified_time":"2024-09-02T19:34:15+00:00","og_image":[{"width":1160,"height":650,"url":"https:\/\/www.ladiagonale.net\/wp-content\/uploads\/2024\/09\/prog.png","type":"image\/png"}],"author":"Damien Dellerba","twitter_card":"summary_large_image","twitter_image":"https:\/\/www.ladiagonale.net\/wp-content\/uploads\/2024\/09\/prog.png","twitter_misc":{"\u00c9crit par":"Damien Dellerba","Dur\u00e9e de lecture estim\u00e9e":"1 minute"},"schema":{"@context":"https:\/\/schema.org","@graph":[{"@type":"WebPage","@id":"https:\/\/www.ladiagonale.net\/index.php\/2024\/09\/02\/la-reception-du-havre-fixee-au-22-septembre\/","url":"https:\/\/www.ladiagonale.net\/index.php\/2024\/09\/02\/la-reception-du-havre-fixee-au-22-septembre\/","name":"La r\u00e9ception du Havre fix\u00e9e au 22 septembre - La Diagonale","isPartOf":{"@id":"https:\/\/www.ladiagonale.net\/#website"},"datePublished":"2024-09-02T19:34:14+00:00","dateModified":"2024-09-02T19:34:15+00:00","author":{"@id":"https:\/\/www.ladiagonale.net\/#\/schema\/person\/79ff1e7b0853ed01b2aa26e64ad300bf"},"breadcrumb":{"@id":"https:\/\/www.ladiagonale.net\/index.php\/2024\/09\/02\/la-reception-du-havre-fixee-au-22-septembre\/#breadcrumb"},"inLanguage":"fr-FR","potentialAction":[{"@type":"ReadAction","target":["https:\/\/www.ladiagonale.net\/index.php\/2024\/09\/02\/la-reception-du-havre-fixee-au-22-septembre\/"]}]},{"@type":"BreadcrumbList","@id":"https:\/\/www.ladiagonale.net\/index.php\/2024\/09\/02\/la-reception-du-havre-fixee-au-22-septembre\/#breadcrumb","itemListElement":[{"@type":"ListItem","position":1,"name":"Accueil","item":"https:\/\/www.ladiagonale.net\/"},{"@type":"ListItem","position":2,"name":"La r\u00e9ception du Havre fix\u00e9e au 22 septembre"}]},{"@type":"WebSite","@id":"https:\/\/www.ladiagonale.net\/#website","url":"https:\/\/www.ladiagonale.net\/","name":"La Diagonale","description":"Le site des supporters de l&#039;AS Monaco FC","potentialAction":[{"@type":"SearchAction","target":{"@type":"EntryPoint","urlTemplate":"https:\/\/www.ladiagonale.net\/?s={search_term_string}"},"query-input":"required name=search_term_string"}],"inLanguage":"fr-FR"},{"@type":"Person","@id":"https:\/\/www.ladiagonale.net\/#\/schema\/person\/79ff1e7b0853ed01b2aa26e64ad300bf","name":"Damien Dellerba","image":{"@type":"ImageObject","inLanguage":"fr-FR","@id":"https:\/\/www.ladiagonale.net\/#\/schema\/person\/image\/","url":"https:\/\/secure.gravatar.com\/avatar\/c7850e06d3ff63cdbaee88b7fc16e2f0?s=96&d=mm&r=g","contentUrl":"https:\/\/secure.gravatar.com\/avatar\/c7850e06d3ff63cdbaee88b7fc16e2f0?s=96&d=mm&r=g","caption":"Damien Dellerba"},"url":"https:\/\/www.ladiagonale.net\/index.php\/author\/damien\/"}]}},"_links":{"self":[{"href":"https:\/\/www.ladiagonale.net\/index.php\/wp-json\/wp\/v2\/posts\/25457"}],"collection":[{"href":"https:\/\/www.ladiagonale.net\/index.php\/wp-json\/wp\/v2\/posts"}],"about":[{"href":"https:\/\/www.ladiagonale.net\/index.php\/wp-json\/wp\/v2\/types\/post"}],"author":[{"embeddable":true,"href":"https:\/\/www.ladiagonale.net\/index.php\/wp-json\/wp\/v2\/users\/2"}],"replies":[{"embeddable":true,"href":"https:\/\/www.ladiagonale.net\/index.php\/wp-json\/wp\/v2\/comments?post=25457"}],"version-history":[{"count":1,"href":"https:\/\/www.ladiagonale.net\/index.php\/wp-json\/wp\/v2\/posts\/25457\/revisions"}],"predecessor-version":[{"id":25458,"href":"https:\/\/www.ladiagonale.net\/index.php\/wp-json\/wp\/v2\/posts\/25457\/revisions\/25458"}],"wp:attachment":[{"href":"https:\/\/www.ladiagonale.net\/index.php\/wp-json\/wp\/v2\/media?parent=25457"}],"wp:term":[{"taxonomy":"category","embeddable":true,"href":"https:\/\/www.ladiagonale.net\/index.php\/wp-json\/wp\/v2\/categories?post=25457"},{"taxonomy":"post_tag","embeddable":true,"href":"https:\/\/www.ladiagonale.net\/index.php\/wp-json\/wp\/v2\/tags?post=25457"}],"curies":[{"name":"wp","href":"https:\/\/api.w.org\/{rel}","templated":true}]}}