{"id":25515,"date":"2024-09-06T14:37:55","date_gmt":"2024-09-06T12:37:55","guid":{"rendered":"https:\/\/www.ladiagonale.net\/?p=25515"},"modified":"2024-09-06T14:37:56","modified_gmt":"2024-09-06T12:37:56","slug":"rennes-monaco-programme-le-5-octobre","status":"publish","type":"post","link":"https:\/\/www.ladiagonale.net\/index.php\/2024\/09\/06\/rennes-monaco-programme-le-5-octobre\/","title":{"rendered":"Rennes-Monaco programm\u00e9 le 5 octobre"},"content":{"rendered":"\n\n\n<p>La LFP avance ses programmations pendant cette tr\u00eave internationale. La 7<sup>e<\/sup> journ\u00e9e de Ligue 1, qui suivra la 2<sup>e<\/sup> journ\u00e9e de Ligue des champions o\u00f9 Monaco affrontera le Dinamo Zagreb, verra l&rsquo;ASM oppos\u00e9e \u00e0 Rennes. La rencontre se disputera le samedi 5 octobre, \u00e0 21 heures. C&rsquo;est une nouvelle fois <em>DAZN<\/em> qui diffusera la rencontre.<\/p>\n\n\n\n<h3>La programmation compl\u00e8te de la 7<sup>e<\/sup> journ\u00e9e<\/h3>\n\n\n\n<p><strong>Vendredi 4 octobre 2024 \u00e0 20h45 sur <em>DAZN<\/em><\/strong><br>Olympique de Marseille \u2013 Angers SCO<\/p>\n\n\n\n<p><strong>Samedi 5 octobre 2024 \u00e0 17h00 sur <em>beIN SPORTS 1<\/em><\/strong><br>AS Saint-\u00c9tienne \u2013 AJ Auxerre<\/p>\n\n\n\n<p><strong>Samedi 5 octobre 2024 \u00e0 19h00 sur <em>DAZN<\/em><\/strong><br>LOSC Lille \u2013 Toulouse FC<\/p>\n\n\n\n<p><strong>Samedi 5 octobre 2024 \u00e0 21h00 sur <em>DAZN<\/em><\/strong><br><strong>Stade Rennais FC \u2013 AS Monaco<\/strong><\/p>\n\n\n\n<p><strong>Dimanche 6 octobre 2024 \u00e0 15h00 sur <em>DAZN<\/em><\/strong><br>Olympique Lyonnais \u2013 FC Nantes<\/p>\n\n\n\n<p><strong>Dimanche 6 octobre 2024 \u00e0 17h00 sur <em>DAZN<\/em><\/strong><br>RC Strasbourg Alsace \u2013 RC Lens<br>Stade de Reims \u2013 Montpellier H\u00e9rault SC<br>Stade Brestois 29 \u2013 Havre AC<\/p>\n\n\n\n<p><strong>Dimanche 6 octobre 2024 \u00e0 20h45 sur <em>DAZN<\/em><\/strong><br>OGC Nice \u2013 Paris Saint-Germain<\/p>\n","protected":false},"excerpt":{"rendered":"<p>La LFP avance ses programmations pendant cette tr\u00eave internationale. La 7e journ\u00e9e de Ligue 1, qui suivra la 2e journ\u00e9e de Ligue des champions o\u00f9 Monaco affrontera le Dinamo Zagreb, verra l&rsquo;ASM oppos\u00e9e \u00e0 Rennes. La rencontre se disputera le samedi 5 octobre, \u00e0 21 heures. C&rsquo;est une nouvelle fois DAZN qui diffusera la rencontre. [&#8230;]\n","protected":false},"author":2,"featured_media":0,"comment_status":"open","ping_status":"open","sticky":false,"template":"","format":"standard","meta":[],"categories":[4,6],"tags":[86,94,172,464],"yoast_head":"<!-- This site is optimized with the Yoast SEO plugin v19.8 - https:\/\/yoast.com\/wordpress\/plugins\/seo\/ -->\n<title>Rennes-Monaco programm\u00e9 le 5 octobre - La Diagonale<\/title>\n<meta name=\"robots\" content=\"index, follow, max-snippet:-1, max-image-preview:large, max-video-preview:-1\" \/>\n<link rel=\"canonical\" href=\"https:\/\/www.ladiagonale.net\/index.php\/2024\/09\/06\/rennes-monaco-programme-le-5-octobre\/\" \/>\n<meta property=\"og:locale\" content=\"fr_FR\" \/>\n<meta property=\"og:type\" content=\"article\" \/>\n<meta property=\"og:title\" content=\"Rennes-Monaco programm\u00e9 le 5 octobre - La Diagonale\" \/>\n<meta property=\"og:description\" content=\"La LFP avance ses programmations pendant cette tr\u00eave internationale. La 7e journ\u00e9e de Ligue 1, qui suivra la 2e journ\u00e9e de Ligue des champions o\u00f9 Monaco affrontera le Dinamo Zagreb, verra l&rsquo;ASM oppos\u00e9e \u00e0 Rennes. La rencontre se disputera le samedi 5 octobre, \u00e0 21 heures. C&rsquo;est une nouvelle fois DAZN qui diffusera la rencontre. [...]\" \/>\n<meta property=\"og:url\" content=\"https:\/\/www.ladiagonale.net\/index.php\/2024\/09\/06\/rennes-monaco-programme-le-5-octobre\/\" \/>\n<meta property=\"og:site_name\" content=\"La Diagonale\" \/>\n<meta property=\"article:published_time\" content=\"2024-09-06T12:37:55+00:00\" \/>\n<meta property=\"article:modified_time\" content=\"2024-09-06T12:37:56+00:00\" \/>\n<meta property=\"og:image\" content=\"https:\/\/www.ladiagonale.net\/wp-content\/uploads\/2024\/09\/prog.png\" \/>\n\t<meta property=\"og:image:width\" content=\"1160\" \/>\n\t<meta property=\"og:image:height\" content=\"650\" \/>\n\t<meta property=\"og:image:type\" content=\"image\/png\" \/>\n<meta name=\"author\" content=\"Damien Dellerba\" \/>\n<meta name=\"twitter:card\" content=\"summary_large_image\" \/>\n<meta name=\"twitter:image\" content=\"https:\/\/www.ladiagonale.net\/wp-content\/uploads\/2024\/09\/prog.png\" \/>\n<meta name=\"twitter:label1\" content=\"\u00c9crit par\" \/>\n\t<meta name=\"twitter:data1\" content=\"Damien Dellerba\" \/>\n\t<meta name=\"twitter:label2\" content=\"Dur\u00e9e de lecture estim\u00e9e\" \/>\n\t<meta name=\"twitter:data2\" content=\"1 minute\" \/>\n<script type=\"application\/ld+json\" class=\"yoast-schema-graph\">{\"@context\":\"https:\/\/schema.org\",\"@graph\":[{\"@type\":\"WebPage\",\"@id\":\"https:\/\/www.ladiagonale.net\/index.php\/2024\/09\/06\/rennes-monaco-programme-le-5-octobre\/\",\"url\":\"https:\/\/www.ladiagonale.net\/index.php\/2024\/09\/06\/rennes-monaco-programme-le-5-octobre\/\",\"name\":\"Rennes-Monaco programm\u00e9 le 5 octobre - La Diagonale\",\"isPartOf\":{\"@id\":\"https:\/\/www.ladiagonale.net\/#website\"},\"datePublished\":\"2024-09-06T12:37:55+00:00\",\"dateModified\":\"2024-09-06T12:37:56+00:00\",\"author\":{\"@id\":\"https:\/\/www.ladiagonale.net\/#\/schema\/person\/79ff1e7b0853ed01b2aa26e64ad300bf\"},\"breadcrumb\":{\"@id\":\"https:\/\/www.ladiagonale.net\/index.php\/2024\/09\/06\/rennes-monaco-programme-le-5-octobre\/#breadcrumb\"},\"inLanguage\":\"fr-FR\",\"potentialAction\":[{\"@type\":\"ReadAction\",\"target\":[\"https:\/\/www.ladiagonale.net\/index.php\/2024\/09\/06\/rennes-monaco-programme-le-5-octobre\/\"]}]},{\"@type\":\"BreadcrumbList\",\"@id\":\"https:\/\/www.ladiagonale.net\/index.php\/2024\/09\/06\/rennes-monaco-programme-le-5-octobre\/#breadcrumb\",\"itemListElement\":[{\"@type\":\"ListItem\",\"position\":1,\"name\":\"Accueil\",\"item\":\"https:\/\/www.ladiagonale.net\/\"},{\"@type\":\"ListItem\",\"position\":2,\"name\":\"Rennes-Monaco programm\u00e9 le 5 octobre\"}]},{\"@type\":\"WebSite\",\"@id\":\"https:\/\/www.ladiagonale.net\/#website\",\"url\":\"https:\/\/www.ladiagonale.net\/\",\"name\":\"La Diagonale\",\"description\":\"Le site des supporters de l&#039;AS Monaco FC\",\"potentialAction\":[{\"@type\":\"SearchAction\",\"target\":{\"@type\":\"EntryPoint\",\"urlTemplate\":\"https:\/\/www.ladiagonale.net\/?s={search_term_string}\"},\"query-input\":\"required name=search_term_string\"}],\"inLanguage\":\"fr-FR\"},{\"@type\":\"Person\",\"@id\":\"https:\/\/www.ladiagonale.net\/#\/schema\/person\/79ff1e7b0853ed01b2aa26e64ad300bf\",\"name\":\"Damien Dellerba\",\"image\":{\"@type\":\"ImageObject\",\"inLanguage\":\"fr-FR\",\"@id\":\"https:\/\/www.ladiagonale.net\/#\/schema\/person\/image\/\",\"url\":\"https:\/\/secure.gravatar.com\/avatar\/c7850e06d3ff63cdbaee88b7fc16e2f0?s=96&d=mm&r=g\",\"contentUrl\":\"https:\/\/secure.gravatar.com\/avatar\/c7850e06d3ff63cdbaee88b7fc16e2f0?s=96&d=mm&r=g\",\"caption\":\"Damien Dellerba\"},\"url\":\"https:\/\/www.ladiagonale.net\/index.php\/author\/damien\/\"}]}<\/script>\n<!-- \/ Yoast SEO plugin. -->","yoast_head_json":{"title":"Rennes-Monaco programm\u00e9 le 5 octobre - La Diagonale","robots":{"index":"index","follow":"follow","max-snippet":"max-snippet:-1","max-image-preview":"max-image-preview:large","max-video-preview":"max-video-preview:-1"},"canonical":"https:\/\/www.ladiagonale.net\/index.php\/2024\/09\/06\/rennes-monaco-programme-le-5-octobre\/","og_locale":"fr_FR","og_type":"article","og_title":"Rennes-Monaco programm\u00e9 le 5 octobre - La Diagonale","og_description":"La LFP avance ses programmations pendant cette tr\u00eave internationale. La 7e journ\u00e9e de Ligue 1, qui suivra la 2e journ\u00e9e de Ligue des champions o\u00f9 Monaco affrontera le Dinamo Zagreb, verra l&rsquo;ASM oppos\u00e9e \u00e0 Rennes. La rencontre se disputera le samedi 5 octobre, \u00e0 21 heures. C&rsquo;est une nouvelle fois DAZN qui diffusera la rencontre. [...]","og_url":"https:\/\/www.ladiagonale.net\/index.php\/2024\/09\/06\/rennes-monaco-programme-le-5-octobre\/","og_site_name":"La Diagonale","article_published_time":"2024-09-06T12:37:55+00:00","article_modified_time":"2024-09-06T12:37:56+00:00","og_image":[{"width":1160,"height":650,"url":"https:\/\/www.ladiagonale.net\/wp-content\/uploads\/2024\/09\/prog.png","type":"image\/png"}],"author":"Damien Dellerba","twitter_card":"summary_large_image","twitter_image":"https:\/\/www.ladiagonale.net\/wp-content\/uploads\/2024\/09\/prog.png","twitter_misc":{"\u00c9crit par":"Damien Dellerba","Dur\u00e9e de lecture estim\u00e9e":"1 minute"},"schema":{"@context":"https:\/\/schema.org","@graph":[{"@type":"WebPage","@id":"https:\/\/www.ladiagonale.net\/index.php\/2024\/09\/06\/rennes-monaco-programme-le-5-octobre\/","url":"https:\/\/www.ladiagonale.net\/index.php\/2024\/09\/06\/rennes-monaco-programme-le-5-octobre\/","name":"Rennes-Monaco programm\u00e9 le 5 octobre - La Diagonale","isPartOf":{"@id":"https:\/\/www.ladiagonale.net\/#website"},"datePublished":"2024-09-06T12:37:55+00:00","dateModified":"2024-09-06T12:37:56+00:00","author":{"@id":"https:\/\/www.ladiagonale.net\/#\/schema\/person\/79ff1e7b0853ed01b2aa26e64ad300bf"},"breadcrumb":{"@id":"https:\/\/www.ladiagonale.net\/index.php\/2024\/09\/06\/rennes-monaco-programme-le-5-octobre\/#breadcrumb"},"inLanguage":"fr-FR","potentialAction":[{"@type":"ReadAction","target":["https:\/\/www.ladiagonale.net\/index.php\/2024\/09\/06\/rennes-monaco-programme-le-5-octobre\/"]}]},{"@type":"BreadcrumbList","@id":"https:\/\/www.ladiagonale.net\/index.php\/2024\/09\/06\/rennes-monaco-programme-le-5-octobre\/#breadcrumb","itemListElement":[{"@type":"ListItem","position":1,"name":"Accueil","item":"https:\/\/www.ladiagonale.net\/"},{"@type":"ListItem","position":2,"name":"Rennes-Monaco programm\u00e9 le 5 octobre"}]},{"@type":"WebSite","@id":"https:\/\/www.ladiagonale.net\/#website","url":"https:\/\/www.ladiagonale.net\/","name":"La Diagonale","description":"Le site des supporters de l&#039;AS Monaco FC","potentialAction":[{"@type":"SearchAction","target":{"@type":"EntryPoint","urlTemplate":"https:\/\/www.ladiagonale.net\/?s={search_term_string}"},"query-input":"required name=search_term_string"}],"inLanguage":"fr-FR"},{"@type":"Person","@id":"https:\/\/www.ladiagonale.net\/#\/schema\/person\/79ff1e7b0853ed01b2aa26e64ad300bf","name":"Damien Dellerba","image":{"@type":"ImageObject","inLanguage":"fr-FR","@id":"https:\/\/www.ladiagonale.net\/#\/schema\/person\/image\/","url":"https:\/\/secure.gravatar.com\/avatar\/c7850e06d3ff63cdbaee88b7fc16e2f0?s=96&d=mm&r=g","contentUrl":"https:\/\/secure.gravatar.com\/avatar\/c7850e06d3ff63cdbaee88b7fc16e2f0?s=96&d=mm&r=g","caption":"Damien Dellerba"},"url":"https:\/\/www.ladiagonale.net\/index.php\/author\/damien\/"}]}},"_links":{"self":[{"href":"https:\/\/www.ladiagonale.net\/index.php\/wp-json\/wp\/v2\/posts\/25515"}],"collection":[{"href":"https:\/\/www.ladiagonale.net\/index.php\/wp-json\/wp\/v2\/posts"}],"about":[{"href":"https:\/\/www.ladiagonale.net\/index.php\/wp-json\/wp\/v2\/types\/post"}],"author":[{"embeddable":true,"href":"https:\/\/www.ladiagonale.net\/index.php\/wp-json\/wp\/v2\/users\/2"}],"replies":[{"embeddable":true,"href":"https:\/\/www.ladiagonale.net\/index.php\/wp-json\/wp\/v2\/comments?post=25515"}],"version-history":[{"count":1,"href":"https:\/\/www.ladiagonale.net\/index.php\/wp-json\/wp\/v2\/posts\/25515\/revisions"}],"predecessor-version":[{"id":25516,"href":"https:\/\/www.ladiagonale.net\/index.php\/wp-json\/wp\/v2\/posts\/25515\/revisions\/25516"}],"wp:attachment":[{"href":"https:\/\/www.ladiagonale.net\/index.php\/wp-json\/wp\/v2\/media?parent=25515"}],"wp:term":[{"taxonomy":"category","embeddable":true,"href":"https:\/\/www.ladiagonale.net\/index.php\/wp-json\/wp\/v2\/categories?post=25515"},{"taxonomy":"post_tag","embeddable":true,"href":"https:\/\/www.ladiagonale.net\/index.php\/wp-json\/wp\/v2\/tags?post=25515"}],"curies":[{"name":"wp","href":"https:\/\/api.w.org\/{rel}","templated":true}]}}