{"id":25562,"date":"2024-09-10T08:37:00","date_gmt":"2024-09-10T06:37:00","guid":{"rendered":"https:\/\/www.ladiagonale.net\/?p=25562"},"modified":"2024-09-10T02:49:20","modified_gmt":"2024-09-10T00:49:20","slug":"salisu-accroche-avec-le-ghana","status":"publish","type":"post","link":"https:\/\/www.ladiagonale.net\/index.php\/2024\/09\/10\/salisu-accroche-avec-le-ghana\/","title":{"rendered":"Salisu accroch\u00e9 avec le Ghana"},"content":{"rendered":"\n\n\n<p>Battu par l\u2019Angola (0-1) lors de la premi\u00e8re journ\u00e9e des \u00e9liminatoires de la CAN, le Ghana de Mohammed Salisu devait se reprendre ce lundi face au Niger. Mais les <em>Black Stars<\/em> n\u2019ont pas r\u00e9ussi \u00e0 lancer leurs \u00e9liminatoires, accroch\u00e9s (1-1) en fin de rencontre. Le d\u00e9fenseur mon\u00e9gasque a jou\u00e9 toute la rencontre.<\/p>\n\n\n\n<p>Lamine Camara et le S\u00e9n\u00e9gal ont eux r\u00e9agi apr\u00e8s le nul conc\u00e9d\u00e9 quelques jours plus t\u00f4t contre le Burkina Faso (1-1). Sur la plus petite des marges, les <em>Lions de la Teranga<\/em> ont battu le Burundi (0-1). Le milieu as\u00e9miste \u00e9tait cette fois titularis\u00e9 et a jou\u00e9 presque toute la rencontre, remplac\u00e9 dans le temps additionnel.<\/p>\n","protected":false},"excerpt":{"rendered":"<p>Battu par l\u2019Angola (0-1) lors de la premi\u00e8re journ\u00e9e des \u00e9liminatoires de la CAN, le Ghana de Mohammed Salisu devait se reprendre ce lundi face au Niger. Mais les Black Stars n\u2019ont pas r\u00e9ussi \u00e0 lancer leurs \u00e9liminatoires, accroch\u00e9s (1-1) en fin de rencontre. Le d\u00e9fenseur mon\u00e9gasque a jou\u00e9 toute la rencontre. Lamine Camara et [&#8230;]\n","protected":false},"author":2,"featured_media":0,"comment_status":"open","ping_status":"open","sticky":false,"template":"","format":"standard","meta":[],"categories":[6],"tags":[86,757,143,618,116,121],"yoast_head":"<!-- This site is optimized with the Yoast SEO plugin v19.8 - https:\/\/yoast.com\/wordpress\/plugins\/seo\/ -->\n<title>Salisu accroch\u00e9 avec le Ghana - La Diagonale<\/title>\n<meta name=\"robots\" content=\"index, follow, max-snippet:-1, max-image-preview:large, max-video-preview:-1\" \/>\n<link rel=\"canonical\" href=\"https:\/\/www.ladiagonale.net\/index.php\/2024\/09\/10\/salisu-accroche-avec-le-ghana\/\" \/>\n<meta property=\"og:locale\" content=\"fr_FR\" \/>\n<meta property=\"og:type\" content=\"article\" \/>\n<meta property=\"og:title\" content=\"Salisu accroch\u00e9 avec le Ghana - La Diagonale\" \/>\n<meta property=\"og:description\" content=\"Battu par l\u2019Angola (0-1) lors de la premi\u00e8re journ\u00e9e des \u00e9liminatoires de la CAN, le Ghana de Mohammed Salisu devait se reprendre ce lundi face au Niger. Mais les Black Stars n\u2019ont pas r\u00e9ussi \u00e0 lancer leurs \u00e9liminatoires, accroch\u00e9s (1-1) en fin de rencontre. Le d\u00e9fenseur mon\u00e9gasque a jou\u00e9 toute la rencontre. Lamine Camara et [...]\" \/>\n<meta property=\"og:url\" content=\"https:\/\/www.ladiagonale.net\/index.php\/2024\/09\/10\/salisu-accroche-avec-le-ghana\/\" \/>\n<meta property=\"og:site_name\" content=\"La Diagonale\" \/>\n<meta property=\"article:published_time\" content=\"2024-09-10T06:37:00+00:00\" \/>\n<meta property=\"article:modified_time\" content=\"2024-09-10T00:49:20+00:00\" \/>\n<meta property=\"og:image\" content=\"https:\/\/www.ladiagonale.net\/wp-content\/uploads\/2024\/01\/salisu-ghana.png\" \/>\n\t<meta property=\"og:image:width\" content=\"1160\" \/>\n\t<meta property=\"og:image:height\" content=\"650\" \/>\n\t<meta property=\"og:image:type\" content=\"image\/png\" \/>\n<meta name=\"author\" content=\"Damien Dellerba\" \/>\n<meta name=\"twitter:card\" content=\"summary_large_image\" \/>\n<meta name=\"twitter:image\" content=\"https:\/\/www.ladiagonale.net\/wp-content\/uploads\/2024\/01\/salisu-ghana.png\" \/>\n<meta name=\"twitter:label1\" content=\"\u00c9crit par\" \/>\n\t<meta name=\"twitter:data1\" content=\"Damien Dellerba\" \/>\n\t<meta name=\"twitter:label2\" content=\"Dur\u00e9e de lecture estim\u00e9e\" \/>\n\t<meta name=\"twitter:data2\" content=\"1 minute\" \/>\n<script type=\"application\/ld+json\" class=\"yoast-schema-graph\">{\"@context\":\"https:\/\/schema.org\",\"@graph\":[{\"@type\":\"WebPage\",\"@id\":\"https:\/\/www.ladiagonale.net\/index.php\/2024\/09\/10\/salisu-accroche-avec-le-ghana\/\",\"url\":\"https:\/\/www.ladiagonale.net\/index.php\/2024\/09\/10\/salisu-accroche-avec-le-ghana\/\",\"name\":\"Salisu accroch\u00e9 avec le Ghana - La Diagonale\",\"isPartOf\":{\"@id\":\"https:\/\/www.ladiagonale.net\/#website\"},\"datePublished\":\"2024-09-10T06:37:00+00:00\",\"dateModified\":\"2024-09-10T00:49:20+00:00\",\"author\":{\"@id\":\"https:\/\/www.ladiagonale.net\/#\/schema\/person\/79ff1e7b0853ed01b2aa26e64ad300bf\"},\"breadcrumb\":{\"@id\":\"https:\/\/www.ladiagonale.net\/index.php\/2024\/09\/10\/salisu-accroche-avec-le-ghana\/#breadcrumb\"},\"inLanguage\":\"fr-FR\",\"potentialAction\":[{\"@type\":\"ReadAction\",\"target\":[\"https:\/\/www.ladiagonale.net\/index.php\/2024\/09\/10\/salisu-accroche-avec-le-ghana\/\"]}]},{\"@type\":\"BreadcrumbList\",\"@id\":\"https:\/\/www.ladiagonale.net\/index.php\/2024\/09\/10\/salisu-accroche-avec-le-ghana\/#breadcrumb\",\"itemListElement\":[{\"@type\":\"ListItem\",\"position\":1,\"name\":\"Accueil\",\"item\":\"https:\/\/www.ladiagonale.net\/\"},{\"@type\":\"ListItem\",\"position\":2,\"name\":\"Salisu accroch\u00e9 avec le Ghana\"}]},{\"@type\":\"WebSite\",\"@id\":\"https:\/\/www.ladiagonale.net\/#website\",\"url\":\"https:\/\/www.ladiagonale.net\/\",\"name\":\"La Diagonale\",\"description\":\"Le site des supporters de l&#039;AS Monaco FC\",\"potentialAction\":[{\"@type\":\"SearchAction\",\"target\":{\"@type\":\"EntryPoint\",\"urlTemplate\":\"https:\/\/www.ladiagonale.net\/?s={search_term_string}\"},\"query-input\":\"required name=search_term_string\"}],\"inLanguage\":\"fr-FR\"},{\"@type\":\"Person\",\"@id\":\"https:\/\/www.ladiagonale.net\/#\/schema\/person\/79ff1e7b0853ed01b2aa26e64ad300bf\",\"name\":\"Damien Dellerba\",\"image\":{\"@type\":\"ImageObject\",\"inLanguage\":\"fr-FR\",\"@id\":\"https:\/\/www.ladiagonale.net\/#\/schema\/person\/image\/\",\"url\":\"https:\/\/secure.gravatar.com\/avatar\/c7850e06d3ff63cdbaee88b7fc16e2f0?s=96&d=mm&r=g\",\"contentUrl\":\"https:\/\/secure.gravatar.com\/avatar\/c7850e06d3ff63cdbaee88b7fc16e2f0?s=96&d=mm&r=g\",\"caption\":\"Damien Dellerba\"},\"url\":\"https:\/\/www.ladiagonale.net\/index.php\/author\/damien\/\"}]}<\/script>\n<!-- \/ Yoast SEO plugin. -->","yoast_head_json":{"title":"Salisu accroch\u00e9 avec le Ghana - La Diagonale","robots":{"index":"index","follow":"follow","max-snippet":"max-snippet:-1","max-image-preview":"max-image-preview:large","max-video-preview":"max-video-preview:-1"},"canonical":"https:\/\/www.ladiagonale.net\/index.php\/2024\/09\/10\/salisu-accroche-avec-le-ghana\/","og_locale":"fr_FR","og_type":"article","og_title":"Salisu accroch\u00e9 avec le Ghana - La Diagonale","og_description":"Battu par l\u2019Angola (0-1) lors de la premi\u00e8re journ\u00e9e des \u00e9liminatoires de la CAN, le Ghana de Mohammed Salisu devait se reprendre ce lundi face au Niger. Mais les Black Stars n\u2019ont pas r\u00e9ussi \u00e0 lancer leurs \u00e9liminatoires, accroch\u00e9s (1-1) en fin de rencontre. Le d\u00e9fenseur mon\u00e9gasque a jou\u00e9 toute la rencontre. Lamine Camara et [...]","og_url":"https:\/\/www.ladiagonale.net\/index.php\/2024\/09\/10\/salisu-accroche-avec-le-ghana\/","og_site_name":"La Diagonale","article_published_time":"2024-09-10T06:37:00+00:00","article_modified_time":"2024-09-10T00:49:20+00:00","og_image":[{"width":1160,"height":650,"url":"https:\/\/www.ladiagonale.net\/wp-content\/uploads\/2024\/01\/salisu-ghana.png","type":"image\/png"}],"author":"Damien Dellerba","twitter_card":"summary_large_image","twitter_image":"https:\/\/www.ladiagonale.net\/wp-content\/uploads\/2024\/01\/salisu-ghana.png","twitter_misc":{"\u00c9crit par":"Damien Dellerba","Dur\u00e9e de lecture estim\u00e9e":"1 minute"},"schema":{"@context":"https:\/\/schema.org","@graph":[{"@type":"WebPage","@id":"https:\/\/www.ladiagonale.net\/index.php\/2024\/09\/10\/salisu-accroche-avec-le-ghana\/","url":"https:\/\/www.ladiagonale.net\/index.php\/2024\/09\/10\/salisu-accroche-avec-le-ghana\/","name":"Salisu accroch\u00e9 avec le Ghana - La Diagonale","isPartOf":{"@id":"https:\/\/www.ladiagonale.net\/#website"},"datePublished":"2024-09-10T06:37:00+00:00","dateModified":"2024-09-10T00:49:20+00:00","author":{"@id":"https:\/\/www.ladiagonale.net\/#\/schema\/person\/79ff1e7b0853ed01b2aa26e64ad300bf"},"breadcrumb":{"@id":"https:\/\/www.ladiagonale.net\/index.php\/2024\/09\/10\/salisu-accroche-avec-le-ghana\/#breadcrumb"},"inLanguage":"fr-FR","potentialAction":[{"@type":"ReadAction","target":["https:\/\/www.ladiagonale.net\/index.php\/2024\/09\/10\/salisu-accroche-avec-le-ghana\/"]}]},{"@type":"BreadcrumbList","@id":"https:\/\/www.ladiagonale.net\/index.php\/2024\/09\/10\/salisu-accroche-avec-le-ghana\/#breadcrumb","itemListElement":[{"@type":"ListItem","position":1,"name":"Accueil","item":"https:\/\/www.ladiagonale.net\/"},{"@type":"ListItem","position":2,"name":"Salisu accroch\u00e9 avec le Ghana"}]},{"@type":"WebSite","@id":"https:\/\/www.ladiagonale.net\/#website","url":"https:\/\/www.ladiagonale.net\/","name":"La Diagonale","description":"Le site des supporters de l&#039;AS Monaco FC","potentialAction":[{"@type":"SearchAction","target":{"@type":"EntryPoint","urlTemplate":"https:\/\/www.ladiagonale.net\/?s={search_term_string}"},"query-input":"required name=search_term_string"}],"inLanguage":"fr-FR"},{"@type":"Person","@id":"https:\/\/www.ladiagonale.net\/#\/schema\/person\/79ff1e7b0853ed01b2aa26e64ad300bf","name":"Damien Dellerba","image":{"@type":"ImageObject","inLanguage":"fr-FR","@id":"https:\/\/www.ladiagonale.net\/#\/schema\/person\/image\/","url":"https:\/\/secure.gravatar.com\/avatar\/c7850e06d3ff63cdbaee88b7fc16e2f0?s=96&d=mm&r=g","contentUrl":"https:\/\/secure.gravatar.com\/avatar\/c7850e06d3ff63cdbaee88b7fc16e2f0?s=96&d=mm&r=g","caption":"Damien Dellerba"},"url":"https:\/\/www.ladiagonale.net\/index.php\/author\/damien\/"}]}},"_links":{"self":[{"href":"https:\/\/www.ladiagonale.net\/index.php\/wp-json\/wp\/v2\/posts\/25562"}],"collection":[{"href":"https:\/\/www.ladiagonale.net\/index.php\/wp-json\/wp\/v2\/posts"}],"about":[{"href":"https:\/\/www.ladiagonale.net\/index.php\/wp-json\/wp\/v2\/types\/post"}],"author":[{"embeddable":true,"href":"https:\/\/www.ladiagonale.net\/index.php\/wp-json\/wp\/v2\/users\/2"}],"replies":[{"embeddable":true,"href":"https:\/\/www.ladiagonale.net\/index.php\/wp-json\/wp\/v2\/comments?post=25562"}],"version-history":[{"count":1,"href":"https:\/\/www.ladiagonale.net\/index.php\/wp-json\/wp\/v2\/posts\/25562\/revisions"}],"predecessor-version":[{"id":25563,"href":"https:\/\/www.ladiagonale.net\/index.php\/wp-json\/wp\/v2\/posts\/25562\/revisions\/25563"}],"wp:attachment":[{"href":"https:\/\/www.ladiagonale.net\/index.php\/wp-json\/wp\/v2\/media?parent=25562"}],"wp:term":[{"taxonomy":"category","embeddable":true,"href":"https:\/\/www.ladiagonale.net\/index.php\/wp-json\/wp\/v2\/categories?post=25562"},{"taxonomy":"post_tag","embeddable":true,"href":"https:\/\/www.ladiagonale.net\/index.php\/wp-json\/wp\/v2\/tags?post=25562"}],"curies":[{"name":"wp","href":"https:\/\/api.w.org\/{rel}","templated":true}]}}