{"id":25564,"date":"2024-09-10T08:19:00","date_gmt":"2024-09-10T06:19:00","guid":{"rendered":"https:\/\/www.ladiagonale.net\/?p=25564"},"modified":"2024-09-10T03:08:58","modified_gmt":"2024-09-10T01:08:58","slug":"ben-seghir-toujours-blesse-avec-le-maroc","status":"publish","type":"post","link":"https:\/\/www.ladiagonale.net\/index.php\/2024\/09\/10\/ben-seghir-toujours-blesse-avec-le-maroc\/","title":{"rendered":"Ben Seghir toujours bless\u00e9 avec le Maroc"},"content":{"rendered":"\n\n\n<p>Eliesse Ben Seghir n&rsquo;aura finalement jou\u00e9 aucune des deux rencontres du Maroc durant cette tr\u00eave internationale. Contre le Lesotho (1-0), le milieu offensif de l&rsquo;AS Monaco n&rsquo;\u00e9tait une fois de plus pas inscrit sur la feuille de match, victime d&rsquo;une g\u00eane. Apr\u00e8s la victoire face au Gabon, le s\u00e9lectionneur des Lions de l&rsquo;Atlas Walid Regragui s&rsquo;\u00e9tait exprim\u00e9 sur le sujet, \u00e9voquant une blessure sans gravit\u00e9 : \u00ab <em>Eliesse Ben Seghir est bless\u00e9, mais ce n\u2019est pas tr\u00e8s grave. Monaco nous l&rsquo;a laiss\u00e9 pour les JO, donc on ne prend pas de risque avec lui<\/em>. \u00bb<\/p>\n\n\n\n<p>Pour l&rsquo;ASM, il faut esp\u00e9rer que le Marocain puisse d\u00e9sormais tenir son rang contre Auxerre, ce samedi (19h), pour la 4e journ\u00e9e de Ligue 1. Si Ben Seghir \u00e9tait satisfait de pouvoir encha\u00eener les matches apr\u00e8s une saison quasi blanche, il faut dire que son agenda a \u00e9t\u00e9 plut\u00f4t charg\u00e9 durant l&rsquo;\u00e9t\u00e9, puisqu&rsquo;il avait \u00e9t\u00e9 d&rsquo;abord appel\u00e9 chez les A puis avec la s\u00e9lection olympique pour disputer les JO, d&rsquo;o\u00f9 il a ramen\u00e9 une m\u00e9daille de bronze. Sans transition, le milieu de 19 ans avait encha\u00een\u00e9 avec le Troph\u00e9e Joan Gamper face au Bar\u00e7a et en jouant les trois premi\u00e8res rencontres de championnat.<\/p>\n","protected":false},"excerpt":{"rendered":"<p>Eliesse Ben Seghir n&rsquo;aura finalement jou\u00e9 aucune des deux rencontres du Maroc durant cette tr\u00eave internationale. Contre le Lesotho (1-0), le milieu offensif de l&rsquo;AS Monaco n&rsquo;\u00e9tait une fois de plus pas inscrit sur la feuille de match, victime d&rsquo;une g\u00eane. Apr\u00e8s la victoire face au Gabon, le s\u00e9lectionneur des Lions de l&rsquo;Atlas Walid Regragui [&#8230;]\n","protected":false},"author":2,"featured_media":0,"comment_status":"open","ping_status":"open","sticky":false,"template":"","format":"standard","meta":[],"categories":[6],"tags":[86,286,800,116],"yoast_head":"<!-- This site is optimized with the Yoast SEO plugin v19.8 - https:\/\/yoast.com\/wordpress\/plugins\/seo\/ -->\n<title>Ben Seghir toujours bless\u00e9 avec le Maroc - La Diagonale<\/title>\n<meta name=\"robots\" content=\"index, follow, max-snippet:-1, max-image-preview:large, max-video-preview:-1\" \/>\n<link rel=\"canonical\" href=\"https:\/\/www.ladiagonale.net\/index.php\/2024\/09\/10\/ben-seghir-toujours-blesse-avec-le-maroc\/\" \/>\n<meta property=\"og:locale\" content=\"fr_FR\" \/>\n<meta property=\"og:type\" content=\"article\" \/>\n<meta property=\"og:title\" content=\"Ben Seghir toujours bless\u00e9 avec le Maroc - La Diagonale\" \/>\n<meta property=\"og:description\" content=\"Eliesse Ben Seghir n&rsquo;aura finalement jou\u00e9 aucune des deux rencontres du Maroc durant cette tr\u00eave internationale. Contre le Lesotho (1-0), le milieu offensif de l&rsquo;AS Monaco n&rsquo;\u00e9tait une fois de plus pas inscrit sur la feuille de match, victime d&rsquo;une g\u00eane. Apr\u00e8s la victoire face au Gabon, le s\u00e9lectionneur des Lions de l&rsquo;Atlas Walid Regragui [...]\" \/>\n<meta property=\"og:url\" content=\"https:\/\/www.ladiagonale.net\/index.php\/2024\/09\/10\/ben-seghir-toujours-blesse-avec-le-maroc\/\" \/>\n<meta property=\"og:site_name\" content=\"La Diagonale\" \/>\n<meta property=\"article:published_time\" content=\"2024-09-10T06:19:00+00:00\" \/>\n<meta property=\"article:modified_time\" content=\"2024-09-10T01:08:58+00:00\" \/>\n<meta property=\"og:image\" content=\"https:\/\/www.ladiagonale.net\/wp-content\/uploads\/2024\/08\/ben-seghir-maroc.png\" \/>\n\t<meta property=\"og:image:width\" content=\"1160\" \/>\n\t<meta property=\"og:image:height\" content=\"650\" \/>\n\t<meta property=\"og:image:type\" content=\"image\/png\" \/>\n<meta name=\"author\" content=\"Damien Dellerba\" \/>\n<meta name=\"twitter:card\" content=\"summary_large_image\" \/>\n<meta name=\"twitter:image\" content=\"https:\/\/www.ladiagonale.net\/wp-content\/uploads\/2024\/08\/ben-seghir-maroc.png\" \/>\n<meta name=\"twitter:label1\" content=\"\u00c9crit par\" \/>\n\t<meta name=\"twitter:data1\" content=\"Damien Dellerba\" \/>\n\t<meta name=\"twitter:label2\" content=\"Dur\u00e9e de lecture estim\u00e9e\" \/>\n\t<meta name=\"twitter:data2\" content=\"1 minute\" \/>\n<script type=\"application\/ld+json\" class=\"yoast-schema-graph\">{\"@context\":\"https:\/\/schema.org\",\"@graph\":[{\"@type\":\"WebPage\",\"@id\":\"https:\/\/www.ladiagonale.net\/index.php\/2024\/09\/10\/ben-seghir-toujours-blesse-avec-le-maroc\/\",\"url\":\"https:\/\/www.ladiagonale.net\/index.php\/2024\/09\/10\/ben-seghir-toujours-blesse-avec-le-maroc\/\",\"name\":\"Ben Seghir toujours bless\u00e9 avec le Maroc - La Diagonale\",\"isPartOf\":{\"@id\":\"https:\/\/www.ladiagonale.net\/#website\"},\"datePublished\":\"2024-09-10T06:19:00+00:00\",\"dateModified\":\"2024-09-10T01:08:58+00:00\",\"author\":{\"@id\":\"https:\/\/www.ladiagonale.net\/#\/schema\/person\/79ff1e7b0853ed01b2aa26e64ad300bf\"},\"breadcrumb\":{\"@id\":\"https:\/\/www.ladiagonale.net\/index.php\/2024\/09\/10\/ben-seghir-toujours-blesse-avec-le-maroc\/#breadcrumb\"},\"inLanguage\":\"fr-FR\",\"potentialAction\":[{\"@type\":\"ReadAction\",\"target\":[\"https:\/\/www.ladiagonale.net\/index.php\/2024\/09\/10\/ben-seghir-toujours-blesse-avec-le-maroc\/\"]}]},{\"@type\":\"BreadcrumbList\",\"@id\":\"https:\/\/www.ladiagonale.net\/index.php\/2024\/09\/10\/ben-seghir-toujours-blesse-avec-le-maroc\/#breadcrumb\",\"itemListElement\":[{\"@type\":\"ListItem\",\"position\":1,\"name\":\"Accueil\",\"item\":\"https:\/\/www.ladiagonale.net\/\"},{\"@type\":\"ListItem\",\"position\":2,\"name\":\"Ben Seghir toujours bless\u00e9 avec le Maroc\"}]},{\"@type\":\"WebSite\",\"@id\":\"https:\/\/www.ladiagonale.net\/#website\",\"url\":\"https:\/\/www.ladiagonale.net\/\",\"name\":\"La Diagonale\",\"description\":\"Le site des supporters de l&#039;AS Monaco FC\",\"potentialAction\":[{\"@type\":\"SearchAction\",\"target\":{\"@type\":\"EntryPoint\",\"urlTemplate\":\"https:\/\/www.ladiagonale.net\/?s={search_term_string}\"},\"query-input\":\"required name=search_term_string\"}],\"inLanguage\":\"fr-FR\"},{\"@type\":\"Person\",\"@id\":\"https:\/\/www.ladiagonale.net\/#\/schema\/person\/79ff1e7b0853ed01b2aa26e64ad300bf\",\"name\":\"Damien Dellerba\",\"image\":{\"@type\":\"ImageObject\",\"inLanguage\":\"fr-FR\",\"@id\":\"https:\/\/www.ladiagonale.net\/#\/schema\/person\/image\/\",\"url\":\"https:\/\/secure.gravatar.com\/avatar\/c7850e06d3ff63cdbaee88b7fc16e2f0?s=96&d=mm&r=g\",\"contentUrl\":\"https:\/\/secure.gravatar.com\/avatar\/c7850e06d3ff63cdbaee88b7fc16e2f0?s=96&d=mm&r=g\",\"caption\":\"Damien Dellerba\"},\"url\":\"https:\/\/www.ladiagonale.net\/index.php\/author\/damien\/\"}]}<\/script>\n<!-- \/ Yoast SEO plugin. -->","yoast_head_json":{"title":"Ben Seghir toujours bless\u00e9 avec le Maroc - La Diagonale","robots":{"index":"index","follow":"follow","max-snippet":"max-snippet:-1","max-image-preview":"max-image-preview:large","max-video-preview":"max-video-preview:-1"},"canonical":"https:\/\/www.ladiagonale.net\/index.php\/2024\/09\/10\/ben-seghir-toujours-blesse-avec-le-maroc\/","og_locale":"fr_FR","og_type":"article","og_title":"Ben Seghir toujours bless\u00e9 avec le Maroc - La Diagonale","og_description":"Eliesse Ben Seghir n&rsquo;aura finalement jou\u00e9 aucune des deux rencontres du Maroc durant cette tr\u00eave internationale. Contre le Lesotho (1-0), le milieu offensif de l&rsquo;AS Monaco n&rsquo;\u00e9tait une fois de plus pas inscrit sur la feuille de match, victime d&rsquo;une g\u00eane. Apr\u00e8s la victoire face au Gabon, le s\u00e9lectionneur des Lions de l&rsquo;Atlas Walid Regragui [...]","og_url":"https:\/\/www.ladiagonale.net\/index.php\/2024\/09\/10\/ben-seghir-toujours-blesse-avec-le-maroc\/","og_site_name":"La Diagonale","article_published_time":"2024-09-10T06:19:00+00:00","article_modified_time":"2024-09-10T01:08:58+00:00","og_image":[{"width":1160,"height":650,"url":"https:\/\/www.ladiagonale.net\/wp-content\/uploads\/2024\/08\/ben-seghir-maroc.png","type":"image\/png"}],"author":"Damien Dellerba","twitter_card":"summary_large_image","twitter_image":"https:\/\/www.ladiagonale.net\/wp-content\/uploads\/2024\/08\/ben-seghir-maroc.png","twitter_misc":{"\u00c9crit par":"Damien Dellerba","Dur\u00e9e de lecture estim\u00e9e":"1 minute"},"schema":{"@context":"https:\/\/schema.org","@graph":[{"@type":"WebPage","@id":"https:\/\/www.ladiagonale.net\/index.php\/2024\/09\/10\/ben-seghir-toujours-blesse-avec-le-maroc\/","url":"https:\/\/www.ladiagonale.net\/index.php\/2024\/09\/10\/ben-seghir-toujours-blesse-avec-le-maroc\/","name":"Ben Seghir toujours bless\u00e9 avec le Maroc - La Diagonale","isPartOf":{"@id":"https:\/\/www.ladiagonale.net\/#website"},"datePublished":"2024-09-10T06:19:00+00:00","dateModified":"2024-09-10T01:08:58+00:00","author":{"@id":"https:\/\/www.ladiagonale.net\/#\/schema\/person\/79ff1e7b0853ed01b2aa26e64ad300bf"},"breadcrumb":{"@id":"https:\/\/www.ladiagonale.net\/index.php\/2024\/09\/10\/ben-seghir-toujours-blesse-avec-le-maroc\/#breadcrumb"},"inLanguage":"fr-FR","potentialAction":[{"@type":"ReadAction","target":["https:\/\/www.ladiagonale.net\/index.php\/2024\/09\/10\/ben-seghir-toujours-blesse-avec-le-maroc\/"]}]},{"@type":"BreadcrumbList","@id":"https:\/\/www.ladiagonale.net\/index.php\/2024\/09\/10\/ben-seghir-toujours-blesse-avec-le-maroc\/#breadcrumb","itemListElement":[{"@type":"ListItem","position":1,"name":"Accueil","item":"https:\/\/www.ladiagonale.net\/"},{"@type":"ListItem","position":2,"name":"Ben Seghir toujours bless\u00e9 avec le Maroc"}]},{"@type":"WebSite","@id":"https:\/\/www.ladiagonale.net\/#website","url":"https:\/\/www.ladiagonale.net\/","name":"La Diagonale","description":"Le site des supporters de l&#039;AS Monaco FC","potentialAction":[{"@type":"SearchAction","target":{"@type":"EntryPoint","urlTemplate":"https:\/\/www.ladiagonale.net\/?s={search_term_string}"},"query-input":"required name=search_term_string"}],"inLanguage":"fr-FR"},{"@type":"Person","@id":"https:\/\/www.ladiagonale.net\/#\/schema\/person\/79ff1e7b0853ed01b2aa26e64ad300bf","name":"Damien Dellerba","image":{"@type":"ImageObject","inLanguage":"fr-FR","@id":"https:\/\/www.ladiagonale.net\/#\/schema\/person\/image\/","url":"https:\/\/secure.gravatar.com\/avatar\/c7850e06d3ff63cdbaee88b7fc16e2f0?s=96&d=mm&r=g","contentUrl":"https:\/\/secure.gravatar.com\/avatar\/c7850e06d3ff63cdbaee88b7fc16e2f0?s=96&d=mm&r=g","caption":"Damien Dellerba"},"url":"https:\/\/www.ladiagonale.net\/index.php\/author\/damien\/"}]}},"_links":{"self":[{"href":"https:\/\/www.ladiagonale.net\/index.php\/wp-json\/wp\/v2\/posts\/25564"}],"collection":[{"href":"https:\/\/www.ladiagonale.net\/index.php\/wp-json\/wp\/v2\/posts"}],"about":[{"href":"https:\/\/www.ladiagonale.net\/index.php\/wp-json\/wp\/v2\/types\/post"}],"author":[{"embeddable":true,"href":"https:\/\/www.ladiagonale.net\/index.php\/wp-json\/wp\/v2\/users\/2"}],"replies":[{"embeddable":true,"href":"https:\/\/www.ladiagonale.net\/index.php\/wp-json\/wp\/v2\/comments?post=25564"}],"version-history":[{"count":1,"href":"https:\/\/www.ladiagonale.net\/index.php\/wp-json\/wp\/v2\/posts\/25564\/revisions"}],"predecessor-version":[{"id":25565,"href":"https:\/\/www.ladiagonale.net\/index.php\/wp-json\/wp\/v2\/posts\/25564\/revisions\/25565"}],"wp:attachment":[{"href":"https:\/\/www.ladiagonale.net\/index.php\/wp-json\/wp\/v2\/media?parent=25564"}],"wp:term":[{"taxonomy":"category","embeddable":true,"href":"https:\/\/www.ladiagonale.net\/index.php\/wp-json\/wp\/v2\/categories?post=25564"},{"taxonomy":"post_tag","embeddable":true,"href":"https:\/\/www.ladiagonale.net\/index.php\/wp-json\/wp\/v2\/tags?post=25564"}],"curies":[{"name":"wp","href":"https:\/\/api.w.org\/{rel}","templated":true}]}}