{"id":25569,"date":"2024-09-10T13:03:10","date_gmt":"2024-09-10T11:03:10","guid":{"rendered":"https:\/\/www.ladiagonale.net\/?p=25569"},"modified":"2024-09-10T13:03:11","modified_gmt":"2024-09-10T11:03:11","slug":"scuro-veut-atteindre-les-barrages-de-la-ligue-des-champions","status":"publish","type":"post","link":"https:\/\/www.ladiagonale.net\/index.php\/2024\/09\/10\/scuro-veut-atteindre-les-barrages-de-la-ligue-des-champions\/","title":{"rendered":"Scuro veut atteindre les barrages de la Ligue des champions"},"content":{"rendered":"\n\n\n<p>Thiago Scuro a accord\u00e9 un entretien \u00e0 <em>TV Monaco<\/em> lundi. Le directeur g\u00e9n\u00e9ral de l\u2019AS Monaco a longuement \u00e9voqu\u00e9 les attentes \u00e0 avoir \u00e0 propos de la saison et notamment en Ligue des champions. Pour le Br\u00e9silien, les barrages seront l\u2019objectif du club : \u00ab\u00a0<em>En \u00e9tant pragmatique, l\u2019objectif est la qualification pour les barrages. Cela va n\u00e9cessiter une courbe d\u2019apprentissage pour tout le monde. Chaque match n\u00e9cessite de collecter des points, peu importe l\u2019adversaire. Il faut aborder les matches avec la m\u00eame intention et accorder aux \u00e9quipes la m\u00eame importance. Ce qui est crucial, c\u2019est de recueillir autant de points que possible. (\u2026) Les matches peuvent avoir une valeur diff\u00e9rente pour la presse et les supporters mais pour nous, chaque match est important et doit \u00eatre abord\u00e9 avec la m\u00eame rigueur.<\/em>\u00a0\u00bb<\/p>\n\n\n\n<p>Pour y parvenir, Monaco ne devra pas terminer au-del\u00e0 de 24e place dans la poule unique. S&rsquo;il y aura des rencontres difficiles, d&rsquo;autres comme face \u00e0 Bologne ou le Dinamo Zagreb, devraient \u00eatre plus abordables pour l&rsquo;ASM : \u00ab\u00a0<em>L\u2019important, c\u2019est toujours le prochain match. On ne doit pas trop r\u00eaver. Il faut se concentrer sur le travail au quotidien, sur les d\u00e9tails, surtout au d\u00e9but de la saison et ce sera d\u00e9cisif pour d\u00e9finir l\u00e0 o\u00f9 on arrivera en fin de saison. Mais penser \u00e0 l\u00e0 o\u00f9 l&rsquo;on sera en avril-mai n&rsquo;est pas aussi important que ce qu\u2019il se passe maintenant. Une saison couronn\u00e9e de succ\u00e8s c\u2019est d\u2019abord se qualifier pour les barrages, ensuite on en reparlera et on verra si on peut se fixer de nouveaux objectifs.<\/em>\u00a0\u00bb<\/p>\n\n\n\n<figure class=\"wp-block-embed is-type-video is-provider-youtube wp-block-embed-youtube wp-embed-aspect-16-9 wp-has-aspect-ratio\"><div class=\"wp-block-embed__wrapper\">\n<iframe loading=\"lazy\" title=\"Thiago Scuro, directeur g\u00e9n\u00e9ral de l\u2019AS Monaco est l\u2019invit\u00e9 du Match dans le Match \u26bd\ufe0f\ud83c\uddf2\ud83c\udde8\" width=\"1020\" height=\"574\" src=\"https:\/\/www.youtube.com\/embed\/DAkHMHbAmjg?feature=oembed\" frameborder=\"0\" allow=\"accelerometer; autoplay; clipboard-write; encrypted-media; gyroscope; picture-in-picture; web-share\" referrerpolicy=\"strict-origin-when-cross-origin\" allowfullscreen><\/iframe>\n<\/div><\/figure>\n\n\n\n<p>Scuro a tout de m\u00eame conc\u00e9d\u00e9 que disputer la meilleure comp\u00e9tition europ\u00e9enne et recevoir le FC Barcelone pour le premier match au Louis-II, le jeudi 19 septembre, auront une saveur particuli\u00e8re : \u00ab\u00a0<em>\u00c7a va \u00eatre sp\u00e9cial. Pour beaucoup de joueurs aussi ce sera une nouvelle exp\u00e9rience. C\u2019est sp\u00e9cial pour la Principaut\u00e9, pour tous nos supporters. On est vraiment excit\u00e9s et on veut bien accueillir tous ceux qui viendront voir ce match. Ce sera une nuit tr\u00e8s sp\u00e9ciale. On esp\u00e8re aussi ne pas d\u00e9m\u00e9riter et obtenir un bon r\u00e9sultat sur le terrain, pour rendre cette soir\u00e9e encore plus sp\u00e9ciale.<\/em>\u00a0\u00bb<\/p>\n\n\n\n<h3>Priorit\u00e9 au championnat<\/h3>\n\n\n\n<p>Mais pour le Br\u00e9silien, il ne faut pas mettre de c\u00f4t\u00e9 la Ligue 1, qui permettra de p\u00e9renniser l&rsquo;ASM en C1 : \u00ab\u00a0<em>Il faut que le message soit tr\u00e8s clair : on travaille dur pour se qualifier pour la prochaine Ligue des champions. C\u2019est vital pour le club, apr\u00e8s tant d\u2019ann\u00e9es o\u00f9 on n\u2019a pas pu la disputer. Il faut de nouveau que Monaco soit \u00e0 ce niveau de fa\u00e7on stable.<\/em>\u00a0\u00bb Scuro s\u2019est \u00e9galement exprim\u00e9 sur la Coupe de France, que les Rouge et Blanc n\u2019ont plus remport\u00e9e depuis 1991 : \u00ab\u00a0<em>Monaco a une histoire importante dans cette comp\u00e9tition. Nous n\u2019avons pas r\u00e9ussi \u00e0 tenir nos promesses la saison derni\u00e8re et cela fait partie des frustrations. On n\u2019a pas pu aller aussi loin qu\u2019on voulait. \u00c7a commence en d\u00e9cembre et on doit \u00eatre pr\u00eat \u00e0 relever le d\u00e9fi, mais compte tenu de notre niveau, de notre histoire, il est certain que nous avons des ambitions.<\/em>\u00a0\u00bb<\/p>\n","protected":false},"excerpt":{"rendered":"<p>Thiago Scuro a accord\u00e9 un entretien \u00e0 TV Monaco lundi. Le directeur g\u00e9n\u00e9ral de l\u2019AS Monaco a longuement \u00e9voqu\u00e9 les attentes \u00e0 avoir \u00e0 propos de la saison et notamment en Ligue des champions. Pour le Br\u00e9silien, les barrages seront l\u2019objectif du club : \u00ab\u00a0En \u00e9tant pragmatique, l\u2019objectif est la qualification pour les barrages. Cela [&#8230;]\n","protected":false},"author":2,"featured_media":0,"comment_status":"open","ping_status":"open","sticky":false,"template":"","format":"standard","meta":[],"categories":[6],"tags":[86,479],"yoast_head":"<!-- This site is optimized with the Yoast SEO plugin v19.8 - https:\/\/yoast.com\/wordpress\/plugins\/seo\/ -->\n<title>Scuro veut atteindre les barrages de la Ligue des champions - La Diagonale<\/title>\n<meta name=\"robots\" content=\"index, follow, max-snippet:-1, max-image-preview:large, max-video-preview:-1\" \/>\n<link rel=\"canonical\" href=\"https:\/\/www.ladiagonale.net\/index.php\/2024\/09\/10\/scuro-veut-atteindre-les-barrages-de-la-ligue-des-champions\/\" \/>\n<meta property=\"og:locale\" content=\"fr_FR\" \/>\n<meta property=\"og:type\" content=\"article\" \/>\n<meta property=\"og:title\" content=\"Scuro veut atteindre les barrages de la Ligue des champions - La Diagonale\" \/>\n<meta property=\"og:description\" content=\"Thiago Scuro a accord\u00e9 un entretien \u00e0 TV Monaco lundi. Le directeur g\u00e9n\u00e9ral de l\u2019AS Monaco a longuement \u00e9voqu\u00e9 les attentes \u00e0 avoir \u00e0 propos de la saison et notamment en Ligue des champions. Pour le Br\u00e9silien, les barrages seront l\u2019objectif du club : \u00ab\u00a0En \u00e9tant pragmatique, l\u2019objectif est la qualification pour les barrages. Cela [...]\" \/>\n<meta property=\"og:url\" content=\"https:\/\/www.ladiagonale.net\/index.php\/2024\/09\/10\/scuro-veut-atteindre-les-barrages-de-la-ligue-des-champions\/\" \/>\n<meta property=\"og:site_name\" content=\"La Diagonale\" \/>\n<meta property=\"article:published_time\" content=\"2024-09-10T11:03:10+00:00\" \/>\n<meta property=\"article:modified_time\" content=\"2024-09-10T11:03:11+00:00\" \/>\n<meta property=\"og:image\" content=\"https:\/\/www.ladiagonale.net\/wp-content\/uploads\/2024\/01\/scuro-2.png\" \/>\n\t<meta property=\"og:image:width\" content=\"1160\" \/>\n\t<meta property=\"og:image:height\" content=\"650\" \/>\n\t<meta property=\"og:image:type\" content=\"image\/png\" \/>\n<meta name=\"author\" content=\"Damien Dellerba\" \/>\n<meta name=\"twitter:card\" content=\"summary_large_image\" \/>\n<meta name=\"twitter:image\" content=\"https:\/\/www.ladiagonale.net\/wp-content\/uploads\/2024\/01\/scuro-2.png\" \/>\n<meta name=\"twitter:label1\" content=\"\u00c9crit par\" \/>\n\t<meta name=\"twitter:data1\" content=\"Damien Dellerba\" \/>\n\t<meta name=\"twitter:label2\" content=\"Dur\u00e9e de lecture estim\u00e9e\" \/>\n\t<meta name=\"twitter:data2\" content=\"3 minutes\" \/>\n<script type=\"application\/ld+json\" class=\"yoast-schema-graph\">{\"@context\":\"https:\/\/schema.org\",\"@graph\":[{\"@type\":\"WebPage\",\"@id\":\"https:\/\/www.ladiagonale.net\/index.php\/2024\/09\/10\/scuro-veut-atteindre-les-barrages-de-la-ligue-des-champions\/\",\"url\":\"https:\/\/www.ladiagonale.net\/index.php\/2024\/09\/10\/scuro-veut-atteindre-les-barrages-de-la-ligue-des-champions\/\",\"name\":\"Scuro veut atteindre les barrages de la Ligue des champions - La Diagonale\",\"isPartOf\":{\"@id\":\"https:\/\/www.ladiagonale.net\/#website\"},\"datePublished\":\"2024-09-10T11:03:10+00:00\",\"dateModified\":\"2024-09-10T11:03:11+00:00\",\"author\":{\"@id\":\"https:\/\/www.ladiagonale.net\/#\/schema\/person\/79ff1e7b0853ed01b2aa26e64ad300bf\"},\"breadcrumb\":{\"@id\":\"https:\/\/www.ladiagonale.net\/index.php\/2024\/09\/10\/scuro-veut-atteindre-les-barrages-de-la-ligue-des-champions\/#breadcrumb\"},\"inLanguage\":\"fr-FR\",\"potentialAction\":[{\"@type\":\"ReadAction\",\"target\":[\"https:\/\/www.ladiagonale.net\/index.php\/2024\/09\/10\/scuro-veut-atteindre-les-barrages-de-la-ligue-des-champions\/\"]}]},{\"@type\":\"BreadcrumbList\",\"@id\":\"https:\/\/www.ladiagonale.net\/index.php\/2024\/09\/10\/scuro-veut-atteindre-les-barrages-de-la-ligue-des-champions\/#breadcrumb\",\"itemListElement\":[{\"@type\":\"ListItem\",\"position\":1,\"name\":\"Accueil\",\"item\":\"https:\/\/www.ladiagonale.net\/\"},{\"@type\":\"ListItem\",\"position\":2,\"name\":\"Scuro veut atteindre les barrages de la Ligue des champions\"}]},{\"@type\":\"WebSite\",\"@id\":\"https:\/\/www.ladiagonale.net\/#website\",\"url\":\"https:\/\/www.ladiagonale.net\/\",\"name\":\"La Diagonale\",\"description\":\"Le site des supporters de l&#039;AS Monaco FC\",\"potentialAction\":[{\"@type\":\"SearchAction\",\"target\":{\"@type\":\"EntryPoint\",\"urlTemplate\":\"https:\/\/www.ladiagonale.net\/?s={search_term_string}\"},\"query-input\":\"required name=search_term_string\"}],\"inLanguage\":\"fr-FR\"},{\"@type\":\"Person\",\"@id\":\"https:\/\/www.ladiagonale.net\/#\/schema\/person\/79ff1e7b0853ed01b2aa26e64ad300bf\",\"name\":\"Damien Dellerba\",\"image\":{\"@type\":\"ImageObject\",\"inLanguage\":\"fr-FR\",\"@id\":\"https:\/\/www.ladiagonale.net\/#\/schema\/person\/image\/\",\"url\":\"https:\/\/secure.gravatar.com\/avatar\/c7850e06d3ff63cdbaee88b7fc16e2f0?s=96&d=mm&r=g\",\"contentUrl\":\"https:\/\/secure.gravatar.com\/avatar\/c7850e06d3ff63cdbaee88b7fc16e2f0?s=96&d=mm&r=g\",\"caption\":\"Damien Dellerba\"},\"url\":\"https:\/\/www.ladiagonale.net\/index.php\/author\/damien\/\"}]}<\/script>\n<!-- \/ Yoast SEO plugin. -->","yoast_head_json":{"title":"Scuro veut atteindre les barrages de la Ligue des champions - La Diagonale","robots":{"index":"index","follow":"follow","max-snippet":"max-snippet:-1","max-image-preview":"max-image-preview:large","max-video-preview":"max-video-preview:-1"},"canonical":"https:\/\/www.ladiagonale.net\/index.php\/2024\/09\/10\/scuro-veut-atteindre-les-barrages-de-la-ligue-des-champions\/","og_locale":"fr_FR","og_type":"article","og_title":"Scuro veut atteindre les barrages de la Ligue des champions - La Diagonale","og_description":"Thiago Scuro a accord\u00e9 un entretien \u00e0 TV Monaco lundi. Le directeur g\u00e9n\u00e9ral de l\u2019AS Monaco a longuement \u00e9voqu\u00e9 les attentes \u00e0 avoir \u00e0 propos de la saison et notamment en Ligue des champions. Pour le Br\u00e9silien, les barrages seront l\u2019objectif du club : \u00ab\u00a0En \u00e9tant pragmatique, l\u2019objectif est la qualification pour les barrages. Cela [...]","og_url":"https:\/\/www.ladiagonale.net\/index.php\/2024\/09\/10\/scuro-veut-atteindre-les-barrages-de-la-ligue-des-champions\/","og_site_name":"La Diagonale","article_published_time":"2024-09-10T11:03:10+00:00","article_modified_time":"2024-09-10T11:03:11+00:00","og_image":[{"width":1160,"height":650,"url":"https:\/\/www.ladiagonale.net\/wp-content\/uploads\/2024\/01\/scuro-2.png","type":"image\/png"}],"author":"Damien Dellerba","twitter_card":"summary_large_image","twitter_image":"https:\/\/www.ladiagonale.net\/wp-content\/uploads\/2024\/01\/scuro-2.png","twitter_misc":{"\u00c9crit par":"Damien Dellerba","Dur\u00e9e de lecture estim\u00e9e":"3 minutes"},"schema":{"@context":"https:\/\/schema.org","@graph":[{"@type":"WebPage","@id":"https:\/\/www.ladiagonale.net\/index.php\/2024\/09\/10\/scuro-veut-atteindre-les-barrages-de-la-ligue-des-champions\/","url":"https:\/\/www.ladiagonale.net\/index.php\/2024\/09\/10\/scuro-veut-atteindre-les-barrages-de-la-ligue-des-champions\/","name":"Scuro veut atteindre les barrages de la Ligue des champions - La Diagonale","isPartOf":{"@id":"https:\/\/www.ladiagonale.net\/#website"},"datePublished":"2024-09-10T11:03:10+00:00","dateModified":"2024-09-10T11:03:11+00:00","author":{"@id":"https:\/\/www.ladiagonale.net\/#\/schema\/person\/79ff1e7b0853ed01b2aa26e64ad300bf"},"breadcrumb":{"@id":"https:\/\/www.ladiagonale.net\/index.php\/2024\/09\/10\/scuro-veut-atteindre-les-barrages-de-la-ligue-des-champions\/#breadcrumb"},"inLanguage":"fr-FR","potentialAction":[{"@type":"ReadAction","target":["https:\/\/www.ladiagonale.net\/index.php\/2024\/09\/10\/scuro-veut-atteindre-les-barrages-de-la-ligue-des-champions\/"]}]},{"@type":"BreadcrumbList","@id":"https:\/\/www.ladiagonale.net\/index.php\/2024\/09\/10\/scuro-veut-atteindre-les-barrages-de-la-ligue-des-champions\/#breadcrumb","itemListElement":[{"@type":"ListItem","position":1,"name":"Accueil","item":"https:\/\/www.ladiagonale.net\/"},{"@type":"ListItem","position":2,"name":"Scuro veut atteindre les barrages de la Ligue des champions"}]},{"@type":"WebSite","@id":"https:\/\/www.ladiagonale.net\/#website","url":"https:\/\/www.ladiagonale.net\/","name":"La Diagonale","description":"Le site des supporters de l&#039;AS Monaco FC","potentialAction":[{"@type":"SearchAction","target":{"@type":"EntryPoint","urlTemplate":"https:\/\/www.ladiagonale.net\/?s={search_term_string}"},"query-input":"required name=search_term_string"}],"inLanguage":"fr-FR"},{"@type":"Person","@id":"https:\/\/www.ladiagonale.net\/#\/schema\/person\/79ff1e7b0853ed01b2aa26e64ad300bf","name":"Damien Dellerba","image":{"@type":"ImageObject","inLanguage":"fr-FR","@id":"https:\/\/www.ladiagonale.net\/#\/schema\/person\/image\/","url":"https:\/\/secure.gravatar.com\/avatar\/c7850e06d3ff63cdbaee88b7fc16e2f0?s=96&d=mm&r=g","contentUrl":"https:\/\/secure.gravatar.com\/avatar\/c7850e06d3ff63cdbaee88b7fc16e2f0?s=96&d=mm&r=g","caption":"Damien Dellerba"},"url":"https:\/\/www.ladiagonale.net\/index.php\/author\/damien\/"}]}},"_links":{"self":[{"href":"https:\/\/www.ladiagonale.net\/index.php\/wp-json\/wp\/v2\/posts\/25569"}],"collection":[{"href":"https:\/\/www.ladiagonale.net\/index.php\/wp-json\/wp\/v2\/posts"}],"about":[{"href":"https:\/\/www.ladiagonale.net\/index.php\/wp-json\/wp\/v2\/types\/post"}],"author":[{"embeddable":true,"href":"https:\/\/www.ladiagonale.net\/index.php\/wp-json\/wp\/v2\/users\/2"}],"replies":[{"embeddable":true,"href":"https:\/\/www.ladiagonale.net\/index.php\/wp-json\/wp\/v2\/comments?post=25569"}],"version-history":[{"count":1,"href":"https:\/\/www.ladiagonale.net\/index.php\/wp-json\/wp\/v2\/posts\/25569\/revisions"}],"predecessor-version":[{"id":25570,"href":"https:\/\/www.ladiagonale.net\/index.php\/wp-json\/wp\/v2\/posts\/25569\/revisions\/25570"}],"wp:attachment":[{"href":"https:\/\/www.ladiagonale.net\/index.php\/wp-json\/wp\/v2\/media?parent=25569"}],"wp:term":[{"taxonomy":"category","embeddable":true,"href":"https:\/\/www.ladiagonale.net\/index.php\/wp-json\/wp\/v2\/categories?post=25569"},{"taxonomy":"post_tag","embeddable":true,"href":"https:\/\/www.ladiagonale.net\/index.php\/wp-json\/wp\/v2\/tags?post=25569"}],"curies":[{"name":"wp","href":"https:\/\/api.w.org\/{rel}","templated":true}]}}