{"id":25573,"date":"2024-09-10T19:34:58","date_gmt":"2024-09-10T17:34:58","guid":{"rendered":"https:\/\/www.ladiagonale.net\/?p=25573"},"modified":"2024-09-10T19:34:59","modified_gmt":"2024-09-10T17:34:59","slug":"sartori-elu-au-ca-de-la-lfp","status":"publish","type":"post","link":"https:\/\/www.ladiagonale.net\/index.php\/2024\/09\/10\/sartori-elu-au-ca-de-la-lfp\/","title":{"rendered":"Sartori \u00e9lu au CA de la LFP"},"content":{"rendered":"\n\n\n<p>Le football professionnel fran\u00e7ais jouait gros ce mardi, avec une assembl\u00e9e g\u00e9n\u00e9rale pour d\u00e9cider de sa gouvernance pour les quatre prochaines ann\u00e9es. Sans suspense, puisqu\u2019ils n\u2019\u00e9taient que sept \u00e0 postuler pour sept places, le vice-pr\u00e9sident de l\u2019AS Monaco Juan Sartori a \u00e9t\u00e9 \u00e9lu au Conseil d\u2019Administration de la LFP, avec 77% des voix. Le s\u00e9nateur uruguayen, gendre de Dmitry Rybolovlev, si\u00e8ge depuis 2023 au CA de l\u2019ECA (Association europ\u00e9enne des clubs).<\/p>\n\n\n\n<p>Sit\u00f4t \u00e9lu, Sartori a proc\u00e9d\u00e9 \u00e0 son premier vote au sein de l\u2019assembl\u00e9e, avec l\u2019\u00e9lection du pr\u00e9sident de la LFP. Sans surprise, et malgr\u00e9 les contestations des derniers mois, en particulier sur la n\u00e9gociation laborieuse des droits TV, Vincent Labrune a \u00e9t\u00e9 r\u00e9\u00e9lu face \u00e0 son seul concurrent Cyril Linette. Le vote du vice-pr\u00e9sident de l\u2019ASM n\u2019est pas connu.<\/p>\n","protected":false},"excerpt":{"rendered":"<p>Le football professionnel fran\u00e7ais jouait gros ce mardi, avec une assembl\u00e9e g\u00e9n\u00e9rale pour d\u00e9cider de sa gouvernance pour les quatre prochaines ann\u00e9es. Sans suspense, puisqu\u2019ils n\u2019\u00e9taient que sept \u00e0 postuler pour sept places, le vice-pr\u00e9sident de l\u2019AS Monaco Juan Sartori a \u00e9t\u00e9 \u00e9lu au Conseil d\u2019Administration de la LFP, avec 77% des voix. Le s\u00e9nateur [&#8230;]\n","protected":false},"author":2,"featured_media":0,"comment_status":"open","ping_status":"open","sticky":false,"template":"","format":"standard","meta":[],"categories":[6],"tags":[86,427,95],"yoast_head":"<!-- This site is optimized with the Yoast SEO plugin v19.8 - https:\/\/yoast.com\/wordpress\/plugins\/seo\/ -->\n<title>Sartori \u00e9lu au CA de la LFP - La Diagonale<\/title>\n<meta name=\"robots\" content=\"index, follow, max-snippet:-1, max-image-preview:large, max-video-preview:-1\" \/>\n<link rel=\"canonical\" href=\"https:\/\/www.ladiagonale.net\/index.php\/2024\/09\/10\/sartori-elu-au-ca-de-la-lfp\/\" \/>\n<meta property=\"og:locale\" content=\"fr_FR\" \/>\n<meta property=\"og:type\" content=\"article\" \/>\n<meta property=\"og:title\" content=\"Sartori \u00e9lu au CA de la LFP - La Diagonale\" \/>\n<meta property=\"og:description\" content=\"Le football professionnel fran\u00e7ais jouait gros ce mardi, avec une assembl\u00e9e g\u00e9n\u00e9rale pour d\u00e9cider de sa gouvernance pour les quatre prochaines ann\u00e9es. Sans suspense, puisqu\u2019ils n\u2019\u00e9taient que sept \u00e0 postuler pour sept places, le vice-pr\u00e9sident de l\u2019AS Monaco Juan Sartori a \u00e9t\u00e9 \u00e9lu au Conseil d\u2019Administration de la LFP, avec 77% des voix. Le s\u00e9nateur [...]\" \/>\n<meta property=\"og:url\" content=\"https:\/\/www.ladiagonale.net\/index.php\/2024\/09\/10\/sartori-elu-au-ca-de-la-lfp\/\" \/>\n<meta property=\"og:site_name\" content=\"La Diagonale\" \/>\n<meta property=\"article:published_time\" content=\"2024-09-10T17:34:58+00:00\" \/>\n<meta property=\"article:modified_time\" content=\"2024-09-10T17:34:59+00:00\" \/>\n<meta property=\"og:image\" content=\"https:\/\/www.ladiagonale.net\/wp-content\/uploads\/2023\/09\/juan-sartori-monaco-1024x576-1.jpeg\" \/>\n\t<meta property=\"og:image:width\" content=\"1024\" \/>\n\t<meta property=\"og:image:height\" content=\"576\" \/>\n\t<meta property=\"og:image:type\" content=\"image\/jpeg\" \/>\n<meta name=\"author\" content=\"Damien Dellerba\" \/>\n<meta name=\"twitter:card\" content=\"summary_large_image\" \/>\n<meta name=\"twitter:image\" content=\"https:\/\/www.ladiagonale.net\/wp-content\/uploads\/2023\/09\/juan-sartori-monaco-1024x576-1.jpeg\" \/>\n<meta name=\"twitter:label1\" content=\"\u00c9crit par\" \/>\n\t<meta name=\"twitter:data1\" content=\"Damien Dellerba\" \/>\n\t<meta name=\"twitter:label2\" content=\"Dur\u00e9e de lecture estim\u00e9e\" \/>\n\t<meta name=\"twitter:data2\" content=\"1 minute\" \/>\n<script type=\"application\/ld+json\" class=\"yoast-schema-graph\">{\"@context\":\"https:\/\/schema.org\",\"@graph\":[{\"@type\":\"WebPage\",\"@id\":\"https:\/\/www.ladiagonale.net\/index.php\/2024\/09\/10\/sartori-elu-au-ca-de-la-lfp\/\",\"url\":\"https:\/\/www.ladiagonale.net\/index.php\/2024\/09\/10\/sartori-elu-au-ca-de-la-lfp\/\",\"name\":\"Sartori \u00e9lu au CA de la LFP - La Diagonale\",\"isPartOf\":{\"@id\":\"https:\/\/www.ladiagonale.net\/#website\"},\"datePublished\":\"2024-09-10T17:34:58+00:00\",\"dateModified\":\"2024-09-10T17:34:59+00:00\",\"author\":{\"@id\":\"https:\/\/www.ladiagonale.net\/#\/schema\/person\/79ff1e7b0853ed01b2aa26e64ad300bf\"},\"breadcrumb\":{\"@id\":\"https:\/\/www.ladiagonale.net\/index.php\/2024\/09\/10\/sartori-elu-au-ca-de-la-lfp\/#breadcrumb\"},\"inLanguage\":\"fr-FR\",\"potentialAction\":[{\"@type\":\"ReadAction\",\"target\":[\"https:\/\/www.ladiagonale.net\/index.php\/2024\/09\/10\/sartori-elu-au-ca-de-la-lfp\/\"]}]},{\"@type\":\"BreadcrumbList\",\"@id\":\"https:\/\/www.ladiagonale.net\/index.php\/2024\/09\/10\/sartori-elu-au-ca-de-la-lfp\/#breadcrumb\",\"itemListElement\":[{\"@type\":\"ListItem\",\"position\":1,\"name\":\"Accueil\",\"item\":\"https:\/\/www.ladiagonale.net\/\"},{\"@type\":\"ListItem\",\"position\":2,\"name\":\"Sartori \u00e9lu au CA de la LFP\"}]},{\"@type\":\"WebSite\",\"@id\":\"https:\/\/www.ladiagonale.net\/#website\",\"url\":\"https:\/\/www.ladiagonale.net\/\",\"name\":\"La Diagonale\",\"description\":\"Le site des supporters de l&#039;AS Monaco FC\",\"potentialAction\":[{\"@type\":\"SearchAction\",\"target\":{\"@type\":\"EntryPoint\",\"urlTemplate\":\"https:\/\/www.ladiagonale.net\/?s={search_term_string}\"},\"query-input\":\"required name=search_term_string\"}],\"inLanguage\":\"fr-FR\"},{\"@type\":\"Person\",\"@id\":\"https:\/\/www.ladiagonale.net\/#\/schema\/person\/79ff1e7b0853ed01b2aa26e64ad300bf\",\"name\":\"Damien Dellerba\",\"image\":{\"@type\":\"ImageObject\",\"inLanguage\":\"fr-FR\",\"@id\":\"https:\/\/www.ladiagonale.net\/#\/schema\/person\/image\/\",\"url\":\"https:\/\/secure.gravatar.com\/avatar\/c7850e06d3ff63cdbaee88b7fc16e2f0?s=96&d=mm&r=g\",\"contentUrl\":\"https:\/\/secure.gravatar.com\/avatar\/c7850e06d3ff63cdbaee88b7fc16e2f0?s=96&d=mm&r=g\",\"caption\":\"Damien Dellerba\"},\"url\":\"https:\/\/www.ladiagonale.net\/index.php\/author\/damien\/\"}]}<\/script>\n<!-- \/ Yoast SEO plugin. -->","yoast_head_json":{"title":"Sartori \u00e9lu au CA de la LFP - La Diagonale","robots":{"index":"index","follow":"follow","max-snippet":"max-snippet:-1","max-image-preview":"max-image-preview:large","max-video-preview":"max-video-preview:-1"},"canonical":"https:\/\/www.ladiagonale.net\/index.php\/2024\/09\/10\/sartori-elu-au-ca-de-la-lfp\/","og_locale":"fr_FR","og_type":"article","og_title":"Sartori \u00e9lu au CA de la LFP - La Diagonale","og_description":"Le football professionnel fran\u00e7ais jouait gros ce mardi, avec une assembl\u00e9e g\u00e9n\u00e9rale pour d\u00e9cider de sa gouvernance pour les quatre prochaines ann\u00e9es. Sans suspense, puisqu\u2019ils n\u2019\u00e9taient que sept \u00e0 postuler pour sept places, le vice-pr\u00e9sident de l\u2019AS Monaco Juan Sartori a \u00e9t\u00e9 \u00e9lu au Conseil d\u2019Administration de la LFP, avec 77% des voix. Le s\u00e9nateur [...]","og_url":"https:\/\/www.ladiagonale.net\/index.php\/2024\/09\/10\/sartori-elu-au-ca-de-la-lfp\/","og_site_name":"La Diagonale","article_published_time":"2024-09-10T17:34:58+00:00","article_modified_time":"2024-09-10T17:34:59+00:00","og_image":[{"width":1024,"height":576,"url":"https:\/\/www.ladiagonale.net\/wp-content\/uploads\/2023\/09\/juan-sartori-monaco-1024x576-1.jpeg","type":"image\/jpeg"}],"author":"Damien Dellerba","twitter_card":"summary_large_image","twitter_image":"https:\/\/www.ladiagonale.net\/wp-content\/uploads\/2023\/09\/juan-sartori-monaco-1024x576-1.jpeg","twitter_misc":{"\u00c9crit par":"Damien Dellerba","Dur\u00e9e de lecture estim\u00e9e":"1 minute"},"schema":{"@context":"https:\/\/schema.org","@graph":[{"@type":"WebPage","@id":"https:\/\/www.ladiagonale.net\/index.php\/2024\/09\/10\/sartori-elu-au-ca-de-la-lfp\/","url":"https:\/\/www.ladiagonale.net\/index.php\/2024\/09\/10\/sartori-elu-au-ca-de-la-lfp\/","name":"Sartori \u00e9lu au CA de la LFP - La Diagonale","isPartOf":{"@id":"https:\/\/www.ladiagonale.net\/#website"},"datePublished":"2024-09-10T17:34:58+00:00","dateModified":"2024-09-10T17:34:59+00:00","author":{"@id":"https:\/\/www.ladiagonale.net\/#\/schema\/person\/79ff1e7b0853ed01b2aa26e64ad300bf"},"breadcrumb":{"@id":"https:\/\/www.ladiagonale.net\/index.php\/2024\/09\/10\/sartori-elu-au-ca-de-la-lfp\/#breadcrumb"},"inLanguage":"fr-FR","potentialAction":[{"@type":"ReadAction","target":["https:\/\/www.ladiagonale.net\/index.php\/2024\/09\/10\/sartori-elu-au-ca-de-la-lfp\/"]}]},{"@type":"BreadcrumbList","@id":"https:\/\/www.ladiagonale.net\/index.php\/2024\/09\/10\/sartori-elu-au-ca-de-la-lfp\/#breadcrumb","itemListElement":[{"@type":"ListItem","position":1,"name":"Accueil","item":"https:\/\/www.ladiagonale.net\/"},{"@type":"ListItem","position":2,"name":"Sartori \u00e9lu au CA de la LFP"}]},{"@type":"WebSite","@id":"https:\/\/www.ladiagonale.net\/#website","url":"https:\/\/www.ladiagonale.net\/","name":"La Diagonale","description":"Le site des supporters de l&#039;AS Monaco FC","potentialAction":[{"@type":"SearchAction","target":{"@type":"EntryPoint","urlTemplate":"https:\/\/www.ladiagonale.net\/?s={search_term_string}"},"query-input":"required name=search_term_string"}],"inLanguage":"fr-FR"},{"@type":"Person","@id":"https:\/\/www.ladiagonale.net\/#\/schema\/person\/79ff1e7b0853ed01b2aa26e64ad300bf","name":"Damien Dellerba","image":{"@type":"ImageObject","inLanguage":"fr-FR","@id":"https:\/\/www.ladiagonale.net\/#\/schema\/person\/image\/","url":"https:\/\/secure.gravatar.com\/avatar\/c7850e06d3ff63cdbaee88b7fc16e2f0?s=96&d=mm&r=g","contentUrl":"https:\/\/secure.gravatar.com\/avatar\/c7850e06d3ff63cdbaee88b7fc16e2f0?s=96&d=mm&r=g","caption":"Damien Dellerba"},"url":"https:\/\/www.ladiagonale.net\/index.php\/author\/damien\/"}]}},"_links":{"self":[{"href":"https:\/\/www.ladiagonale.net\/index.php\/wp-json\/wp\/v2\/posts\/25573"}],"collection":[{"href":"https:\/\/www.ladiagonale.net\/index.php\/wp-json\/wp\/v2\/posts"}],"about":[{"href":"https:\/\/www.ladiagonale.net\/index.php\/wp-json\/wp\/v2\/types\/post"}],"author":[{"embeddable":true,"href":"https:\/\/www.ladiagonale.net\/index.php\/wp-json\/wp\/v2\/users\/2"}],"replies":[{"embeddable":true,"href":"https:\/\/www.ladiagonale.net\/index.php\/wp-json\/wp\/v2\/comments?post=25573"}],"version-history":[{"count":1,"href":"https:\/\/www.ladiagonale.net\/index.php\/wp-json\/wp\/v2\/posts\/25573\/revisions"}],"predecessor-version":[{"id":25574,"href":"https:\/\/www.ladiagonale.net\/index.php\/wp-json\/wp\/v2\/posts\/25573\/revisions\/25574"}],"wp:attachment":[{"href":"https:\/\/www.ladiagonale.net\/index.php\/wp-json\/wp\/v2\/media?parent=25573"}],"wp:term":[{"taxonomy":"category","embeddable":true,"href":"https:\/\/www.ladiagonale.net\/index.php\/wp-json\/wp\/v2\/categories?post=25573"},{"taxonomy":"post_tag","embeddable":true,"href":"https:\/\/www.ladiagonale.net\/index.php\/wp-json\/wp\/v2\/tags?post=25573"}],"curies":[{"name":"wp","href":"https:\/\/api.w.org\/{rel}","templated":true}]}}