{"id":25655,"date":"2024-09-13T13:53:04","date_gmt":"2024-09-13T11:53:04","guid":{"rendered":"https:\/\/www.ladiagonale.net\/?p=25655"},"modified":"2024-09-13T13:53:05","modified_gmt":"2024-09-13T11:53:05","slug":"pas-de-retour-avant-octobre-pour-majecki","status":"publish","type":"post","link":"https:\/\/www.ladiagonale.net\/index.php\/2024\/09\/13\/pas-de-retour-avant-octobre-pour-majecki\/","title":{"rendered":"Pas de retour avant octobre pour Majecki ?"},"content":{"rendered":"\n\n\n<p>Intronis\u00e9 titulaire en f\u00e9vrier dernier et confirm\u00e9 durant l\u2019intersaison, Radoslaw Majecki n\u2019a pourtant pas encore vu sa saison 2024-2025 d\u00e9buter. Le portier polonais va devoir encore prendre son mal en patience. S\u00e9rieusement touch\u00e9 \u00e0 la cheville droite en juillet, il ne devrait pas effectuer son retour avant le mois d\u2019octobre.<\/p>\n\n\n\n<p>En conf\u00e9rence de presse, Adi H\u00fctter a indiqu\u00e9 ne pas vraiment savoir quand il pourra rejouer : \u00ab\u00a0<em>Il est en travail individuel. Il court, il fait des choses. Mais pour son retour dans le groupe, je ne sais pas. \u00c7a d\u00e9pendra de son feeling. Peut-\u00eatre dans deux, trois, quatre semaines.<\/em>\u00a0\u00bb<\/p>\n\n\n\n<p>Une absence qui donne \u00e0 Philipp K\u00f6hn des raisons de se r\u00e9jouir. Auteur de deux <em>clean sheets<\/em> en trois rencontres de Ligue 1, le portier suisse peut profiter plus longuement de sa seconde chance pour semer le doute dans l\u2019esprit du staff.<\/p>\n\n\n\n<p>Source : <em>L&rsquo;\u00c9quipe<\/em><\/p>\n","protected":false},"excerpt":{"rendered":"<p>Intronis\u00e9 titulaire en f\u00e9vrier dernier et confirm\u00e9 durant l\u2019intersaison, Radoslaw Majecki n\u2019a pourtant pas encore vu sa saison 2024-2025 d\u00e9buter. Le portier polonais va devoir encore prendre son mal en patience. S\u00e9rieusement touch\u00e9 \u00e0 la cheville droite en juillet, il ne devrait pas effectuer son retour avant le mois d\u2019octobre. En conf\u00e9rence de presse, Adi [&#8230;]\n","protected":false},"author":2,"featured_media":0,"comment_status":"open","ping_status":"open","sticky":false,"template":"","format":"standard","meta":[],"categories":[6],"tags":[86,196,94,430],"yoast_head":"<!-- This site is optimized with the Yoast SEO plugin v19.8 - https:\/\/yoast.com\/wordpress\/plugins\/seo\/ -->\n<title>Pas de retour avant octobre pour Majecki ? - La Diagonale<\/title>\n<meta name=\"robots\" content=\"index, follow, max-snippet:-1, max-image-preview:large, max-video-preview:-1\" \/>\n<link rel=\"canonical\" href=\"https:\/\/www.ladiagonale.net\/index.php\/2024\/09\/13\/pas-de-retour-avant-octobre-pour-majecki\/\" \/>\n<meta property=\"og:locale\" content=\"fr_FR\" \/>\n<meta property=\"og:type\" content=\"article\" \/>\n<meta property=\"og:title\" content=\"Pas de retour avant octobre pour Majecki ? - La Diagonale\" \/>\n<meta property=\"og:description\" content=\"Intronis\u00e9 titulaire en f\u00e9vrier dernier et confirm\u00e9 durant l\u2019intersaison, Radoslaw Majecki n\u2019a pourtant pas encore vu sa saison 2024-2025 d\u00e9buter. Le portier polonais va devoir encore prendre son mal en patience. S\u00e9rieusement touch\u00e9 \u00e0 la cheville droite en juillet, il ne devrait pas effectuer son retour avant le mois d\u2019octobre. En conf\u00e9rence de presse, Adi [...]\" \/>\n<meta property=\"og:url\" content=\"https:\/\/www.ladiagonale.net\/index.php\/2024\/09\/13\/pas-de-retour-avant-octobre-pour-majecki\/\" \/>\n<meta property=\"og:site_name\" content=\"La Diagonale\" \/>\n<meta property=\"article:published_time\" content=\"2024-09-13T11:53:04+00:00\" \/>\n<meta property=\"article:modified_time\" content=\"2024-09-13T11:53:05+00:00\" \/>\n<meta property=\"og:image\" content=\"https:\/\/www.ladiagonale.net\/wp-content\/uploads\/2024\/04\/Majecki2.png\" \/>\n\t<meta property=\"og:image:width\" content=\"1160\" \/>\n\t<meta property=\"og:image:height\" content=\"650\" \/>\n\t<meta property=\"og:image:type\" content=\"image\/png\" \/>\n<meta name=\"author\" content=\"Damien Dellerba\" \/>\n<meta name=\"twitter:card\" content=\"summary_large_image\" \/>\n<meta name=\"twitter:image\" content=\"https:\/\/www.ladiagonale.net\/wp-content\/uploads\/2024\/04\/Majecki2.png\" \/>\n<meta name=\"twitter:label1\" content=\"\u00c9crit par\" \/>\n\t<meta name=\"twitter:data1\" content=\"Damien Dellerba\" \/>\n\t<meta name=\"twitter:label2\" content=\"Dur\u00e9e de lecture estim\u00e9e\" \/>\n\t<meta name=\"twitter:data2\" content=\"1 minute\" \/>\n<script type=\"application\/ld+json\" class=\"yoast-schema-graph\">{\"@context\":\"https:\/\/schema.org\",\"@graph\":[{\"@type\":\"WebPage\",\"@id\":\"https:\/\/www.ladiagonale.net\/index.php\/2024\/09\/13\/pas-de-retour-avant-octobre-pour-majecki\/\",\"url\":\"https:\/\/www.ladiagonale.net\/index.php\/2024\/09\/13\/pas-de-retour-avant-octobre-pour-majecki\/\",\"name\":\"Pas de retour avant octobre pour Majecki ? - La Diagonale\",\"isPartOf\":{\"@id\":\"https:\/\/www.ladiagonale.net\/#website\"},\"datePublished\":\"2024-09-13T11:53:04+00:00\",\"dateModified\":\"2024-09-13T11:53:05+00:00\",\"author\":{\"@id\":\"https:\/\/www.ladiagonale.net\/#\/schema\/person\/79ff1e7b0853ed01b2aa26e64ad300bf\"},\"breadcrumb\":{\"@id\":\"https:\/\/www.ladiagonale.net\/index.php\/2024\/09\/13\/pas-de-retour-avant-octobre-pour-majecki\/#breadcrumb\"},\"inLanguage\":\"fr-FR\",\"potentialAction\":[{\"@type\":\"ReadAction\",\"target\":[\"https:\/\/www.ladiagonale.net\/index.php\/2024\/09\/13\/pas-de-retour-avant-octobre-pour-majecki\/\"]}]},{\"@type\":\"BreadcrumbList\",\"@id\":\"https:\/\/www.ladiagonale.net\/index.php\/2024\/09\/13\/pas-de-retour-avant-octobre-pour-majecki\/#breadcrumb\",\"itemListElement\":[{\"@type\":\"ListItem\",\"position\":1,\"name\":\"Accueil\",\"item\":\"https:\/\/www.ladiagonale.net\/\"},{\"@type\":\"ListItem\",\"position\":2,\"name\":\"Pas de retour avant octobre pour Majecki ?\"}]},{\"@type\":\"WebSite\",\"@id\":\"https:\/\/www.ladiagonale.net\/#website\",\"url\":\"https:\/\/www.ladiagonale.net\/\",\"name\":\"La Diagonale\",\"description\":\"Le site des supporters de l&#039;AS Monaco FC\",\"potentialAction\":[{\"@type\":\"SearchAction\",\"target\":{\"@type\":\"EntryPoint\",\"urlTemplate\":\"https:\/\/www.ladiagonale.net\/?s={search_term_string}\"},\"query-input\":\"required name=search_term_string\"}],\"inLanguage\":\"fr-FR\"},{\"@type\":\"Person\",\"@id\":\"https:\/\/www.ladiagonale.net\/#\/schema\/person\/79ff1e7b0853ed01b2aa26e64ad300bf\",\"name\":\"Damien Dellerba\",\"image\":{\"@type\":\"ImageObject\",\"inLanguage\":\"fr-FR\",\"@id\":\"https:\/\/www.ladiagonale.net\/#\/schema\/person\/image\/\",\"url\":\"https:\/\/secure.gravatar.com\/avatar\/c7850e06d3ff63cdbaee88b7fc16e2f0?s=96&d=mm&r=g\",\"contentUrl\":\"https:\/\/secure.gravatar.com\/avatar\/c7850e06d3ff63cdbaee88b7fc16e2f0?s=96&d=mm&r=g\",\"caption\":\"Damien Dellerba\"},\"url\":\"https:\/\/www.ladiagonale.net\/index.php\/author\/damien\/\"}]}<\/script>\n<!-- \/ Yoast SEO plugin. -->","yoast_head_json":{"title":"Pas de retour avant octobre pour Majecki ? - La Diagonale","robots":{"index":"index","follow":"follow","max-snippet":"max-snippet:-1","max-image-preview":"max-image-preview:large","max-video-preview":"max-video-preview:-1"},"canonical":"https:\/\/www.ladiagonale.net\/index.php\/2024\/09\/13\/pas-de-retour-avant-octobre-pour-majecki\/","og_locale":"fr_FR","og_type":"article","og_title":"Pas de retour avant octobre pour Majecki ? - La Diagonale","og_description":"Intronis\u00e9 titulaire en f\u00e9vrier dernier et confirm\u00e9 durant l\u2019intersaison, Radoslaw Majecki n\u2019a pourtant pas encore vu sa saison 2024-2025 d\u00e9buter. Le portier polonais va devoir encore prendre son mal en patience. S\u00e9rieusement touch\u00e9 \u00e0 la cheville droite en juillet, il ne devrait pas effectuer son retour avant le mois d\u2019octobre. En conf\u00e9rence de presse, Adi [...]","og_url":"https:\/\/www.ladiagonale.net\/index.php\/2024\/09\/13\/pas-de-retour-avant-octobre-pour-majecki\/","og_site_name":"La Diagonale","article_published_time":"2024-09-13T11:53:04+00:00","article_modified_time":"2024-09-13T11:53:05+00:00","og_image":[{"width":1160,"height":650,"url":"https:\/\/www.ladiagonale.net\/wp-content\/uploads\/2024\/04\/Majecki2.png","type":"image\/png"}],"author":"Damien Dellerba","twitter_card":"summary_large_image","twitter_image":"https:\/\/www.ladiagonale.net\/wp-content\/uploads\/2024\/04\/Majecki2.png","twitter_misc":{"\u00c9crit par":"Damien Dellerba","Dur\u00e9e de lecture estim\u00e9e":"1 minute"},"schema":{"@context":"https:\/\/schema.org","@graph":[{"@type":"WebPage","@id":"https:\/\/www.ladiagonale.net\/index.php\/2024\/09\/13\/pas-de-retour-avant-octobre-pour-majecki\/","url":"https:\/\/www.ladiagonale.net\/index.php\/2024\/09\/13\/pas-de-retour-avant-octobre-pour-majecki\/","name":"Pas de retour avant octobre pour Majecki ? - La Diagonale","isPartOf":{"@id":"https:\/\/www.ladiagonale.net\/#website"},"datePublished":"2024-09-13T11:53:04+00:00","dateModified":"2024-09-13T11:53:05+00:00","author":{"@id":"https:\/\/www.ladiagonale.net\/#\/schema\/person\/79ff1e7b0853ed01b2aa26e64ad300bf"},"breadcrumb":{"@id":"https:\/\/www.ladiagonale.net\/index.php\/2024\/09\/13\/pas-de-retour-avant-octobre-pour-majecki\/#breadcrumb"},"inLanguage":"fr-FR","potentialAction":[{"@type":"ReadAction","target":["https:\/\/www.ladiagonale.net\/index.php\/2024\/09\/13\/pas-de-retour-avant-octobre-pour-majecki\/"]}]},{"@type":"BreadcrumbList","@id":"https:\/\/www.ladiagonale.net\/index.php\/2024\/09\/13\/pas-de-retour-avant-octobre-pour-majecki\/#breadcrumb","itemListElement":[{"@type":"ListItem","position":1,"name":"Accueil","item":"https:\/\/www.ladiagonale.net\/"},{"@type":"ListItem","position":2,"name":"Pas de retour avant octobre pour Majecki ?"}]},{"@type":"WebSite","@id":"https:\/\/www.ladiagonale.net\/#website","url":"https:\/\/www.ladiagonale.net\/","name":"La Diagonale","description":"Le site des supporters de l&#039;AS Monaco FC","potentialAction":[{"@type":"SearchAction","target":{"@type":"EntryPoint","urlTemplate":"https:\/\/www.ladiagonale.net\/?s={search_term_string}"},"query-input":"required name=search_term_string"}],"inLanguage":"fr-FR"},{"@type":"Person","@id":"https:\/\/www.ladiagonale.net\/#\/schema\/person\/79ff1e7b0853ed01b2aa26e64ad300bf","name":"Damien Dellerba","image":{"@type":"ImageObject","inLanguage":"fr-FR","@id":"https:\/\/www.ladiagonale.net\/#\/schema\/person\/image\/","url":"https:\/\/secure.gravatar.com\/avatar\/c7850e06d3ff63cdbaee88b7fc16e2f0?s=96&d=mm&r=g","contentUrl":"https:\/\/secure.gravatar.com\/avatar\/c7850e06d3ff63cdbaee88b7fc16e2f0?s=96&d=mm&r=g","caption":"Damien Dellerba"},"url":"https:\/\/www.ladiagonale.net\/index.php\/author\/damien\/"}]}},"_links":{"self":[{"href":"https:\/\/www.ladiagonale.net\/index.php\/wp-json\/wp\/v2\/posts\/25655"}],"collection":[{"href":"https:\/\/www.ladiagonale.net\/index.php\/wp-json\/wp\/v2\/posts"}],"about":[{"href":"https:\/\/www.ladiagonale.net\/index.php\/wp-json\/wp\/v2\/types\/post"}],"author":[{"embeddable":true,"href":"https:\/\/www.ladiagonale.net\/index.php\/wp-json\/wp\/v2\/users\/2"}],"replies":[{"embeddable":true,"href":"https:\/\/www.ladiagonale.net\/index.php\/wp-json\/wp\/v2\/comments?post=25655"}],"version-history":[{"count":1,"href":"https:\/\/www.ladiagonale.net\/index.php\/wp-json\/wp\/v2\/posts\/25655\/revisions"}],"predecessor-version":[{"id":25656,"href":"https:\/\/www.ladiagonale.net\/index.php\/wp-json\/wp\/v2\/posts\/25655\/revisions\/25656"}],"wp:attachment":[{"href":"https:\/\/www.ladiagonale.net\/index.php\/wp-json\/wp\/v2\/media?parent=25655"}],"wp:term":[{"taxonomy":"category","embeddable":true,"href":"https:\/\/www.ladiagonale.net\/index.php\/wp-json\/wp\/v2\/categories?post=25655"},{"taxonomy":"post_tag","embeddable":true,"href":"https:\/\/www.ladiagonale.net\/index.php\/wp-json\/wp\/v2\/tags?post=25655"}],"curies":[{"name":"wp","href":"https:\/\/api.w.org\/{rel}","templated":true}]}}