{"id":25658,"date":"2024-09-13T15:48:00","date_gmt":"2024-09-13T13:48:00","guid":{"rendered":"https:\/\/www.ladiagonale.net\/?p=25658"},"modified":"2024-09-14T02:03:48","modified_gmt":"2024-09-14T00:03:48","slug":"hutter-vous-verrez-peut-etre-des-joueurs-auxquels-vous-navez-pas-pense","status":"publish","type":"post","link":"https:\/\/www.ladiagonale.net\/index.php\/2024\/09\/13\/hutter-vous-verrez-peut-etre-des-joueurs-auxquels-vous-navez-pas-pense\/","title":{"rendered":"H\u00fctter : \u00ab\u00a0Vous verrez peut-\u00eatre des joueurs auxquels vous n\u2019avez pas pens\u00e9\u00a0\u00bb"},"content":{"rendered":"\n\n\n<p>La Ligue 1 reprend ses droits apr\u00e8s une premi\u00e8re tr\u00eave internationale. L\u2019AS Monaco se d\u00e9place \u00e0 Auxerre ce samedi (19h) pour la 4e journ\u00e9e de Ligue 1 et entame une semaine de trois matches. Comme il l\u2019avait fait savoir fin ao\u00fbt, Adi H\u00fctter compte utiliser tout son effectif pour cette p\u00e9riode : \u00ab&nbsp;<em>Cette semaine, nous allons disputer deux matchs de championnat face \u00e0 Auxerre puis Le Havre, ainsi que l\u2019affiche face \u00e0 Barcelone au milieu. C\u2019est notre travail, avec le staff technique, de trouver la bonne formule pour chacune de ces rencontres. Demain (samedi), vous verrez peut-\u00eatre des joueurs auxquels vous n\u2019avez pas pens\u00e9, mais comme je l\u2019ai dit il y a deux semaines, nous devons pr\u00e9parer l\u2019\u00e9quipe afin que tout le monde soit pr\u00eat \u00e0 jouer. C\u2019est \u00e9galement le cas demain.<\/em>&nbsp;\u00bb<\/p>\n\n\n\n<p>Plusieurs internationaux pourraient donc d\u00e9buter sur le banc de touche, notamment en raison d\u2019un retour tardif de s\u00e9lection : \u00ab&nbsp;<em>Certains joueurs comme Folarin Balogun, Wilfried Singo et Takumi Minamino reviennent aujourd\u2019hui (vendredi) de s\u00e9lection. Je parlerai avec eux afin de savoir s\u2019ils sont disponibles parce qu\u2019ils ont fait de longs voyages et ont jou\u00e9 il y a trois jours seulement. Il faut se concentrer uniquement sur le match face \u00e0 l\u2019AJA demain car le championnat est notre pain quotidien. Nous ne devons ainsi pas encore penser \u00e0 Barcelone car nous aurons ensuite tout le temps de nous pr\u00e9parer.<\/em>&nbsp;\u00bb<\/p>\n\n\n\n<p>Sur le c\u00f4t\u00e9 gauche, l\u2019entra\u00eeneur mon\u00e9gasque a perdu Ismail Jakobs, pr\u00eat\u00e9 avec option d\u2019achat \u00e0 Galatasaray. Kassoum Ouattara pourrait d\u00e9buter la rencontre contre Auxerre alors que Caio Henrique ne semble pas encore dans un \u00e9tat de forme optimal : \u00ab\u00a0<em>Ismail Jakobs a quitt\u00e9 le club \u00e0 la fin du mercato. \u00c0 pr\u00e9sent, nous avons deux joueurs au poste de lat\u00e9ral gauche : Kassoum Ouattara et Caio Henrique. Caio est tr\u00e8s proche d\u2019\u00eatre \u00e0 100%, au m\u00eame titre que Golovin. La tr\u00eave \u00e9tait une bonne opportunit\u00e9 pour qu\u2019ils puissent travailler et s\u2019entra\u00eener. Comme je l\u2019ai dit avant, nous avons besoin de tous les joueurs parce que notre d\u00e9fi est grand cette saison.<\/em>\u00a0\u00bb<\/p>\n\n\n\n<p>Enfin, H\u00fctter a \u00e9voqu\u00e9 le prochain adversaire, l\u2019AJ Auxerre : \u00ab&nbsp;<em>C\u2019est une \u00e9quipe qui a battu Nice \u00e0 la derni\u00e8re minute et qui a conc\u00e9d\u00e9 deux d\u00e9faites en inf\u00e9riorit\u00e9 num\u00e9rique. En France, toutes les \u00e9quipes sont compliqu\u00e9es \u00e0 n\u00e9gocier \u00e0 l\u2019ext\u00e9rieur car elles sont pouss\u00e9es par leur public. Il faudra particuli\u00e8rement se m\u00e9fier de Theo Bair. C\u2019est un attaquant de grand gabarit et Auxerre est une formation qui centre beaucoup. Apr\u00e8s trois matchs, elle est en effet l\u2019\u00e9quipe qui en r\u00e9alise le plus.<\/em>&nbsp;\u00bb<\/p>\n\n\n\n<p>Source : <em>AS Monaco<\/em><\/p>\n","protected":false},"excerpt":{"rendered":"<p>La Ligue 1 reprend ses droits apr\u00e8s une premi\u00e8re tr\u00eave internationale. L\u2019AS Monaco se d\u00e9place \u00e0 Auxerre ce samedi (19h) pour la 4e journ\u00e9e de Ligue 1 et entame une semaine de trois matches. Comme il l\u2019avait fait savoir fin ao\u00fbt, Adi H\u00fctter compte utiliser tout son effectif pour cette p\u00e9riode : \u00ab&nbsp;Cette semaine, nous [&#8230;]\n","protected":false},"author":2,"featured_media":0,"comment_status":"open","ping_status":"open","sticky":false,"template":"","format":"standard","meta":[],"categories":[6],"tags":[576,86,353,94],"yoast_head":"<!-- This site is optimized with the Yoast SEO plugin v19.8 - https:\/\/yoast.com\/wordpress\/plugins\/seo\/ -->\n<title>H\u00fctter : \u00ab\u00a0Vous verrez peut-\u00eatre des joueurs auxquels vous n\u2019avez pas pens\u00e9\u00a0\u00bb - La Diagonale<\/title>\n<meta name=\"robots\" content=\"index, follow, max-snippet:-1, max-image-preview:large, max-video-preview:-1\" \/>\n<link rel=\"canonical\" href=\"https:\/\/www.ladiagonale.net\/index.php\/2024\/09\/13\/hutter-vous-verrez-peut-etre-des-joueurs-auxquels-vous-navez-pas-pense\/\" \/>\n<meta property=\"og:locale\" content=\"fr_FR\" \/>\n<meta property=\"og:type\" content=\"article\" \/>\n<meta property=\"og:title\" content=\"H\u00fctter : \u00ab\u00a0Vous verrez peut-\u00eatre des joueurs auxquels vous n\u2019avez pas pens\u00e9\u00a0\u00bb - La Diagonale\" \/>\n<meta property=\"og:description\" content=\"La Ligue 1 reprend ses droits apr\u00e8s une premi\u00e8re tr\u00eave internationale. L\u2019AS Monaco se d\u00e9place \u00e0 Auxerre ce samedi (19h) pour la 4e journ\u00e9e de Ligue 1 et entame une semaine de trois matches. Comme il l\u2019avait fait savoir fin ao\u00fbt, Adi H\u00fctter compte utiliser tout son effectif pour cette p\u00e9riode : \u00ab&nbsp;Cette semaine, nous [...]\" \/>\n<meta property=\"og:url\" content=\"https:\/\/www.ladiagonale.net\/index.php\/2024\/09\/13\/hutter-vous-verrez-peut-etre-des-joueurs-auxquels-vous-navez-pas-pense\/\" \/>\n<meta property=\"og:site_name\" content=\"La Diagonale\" \/>\n<meta property=\"article:published_time\" content=\"2024-09-13T13:48:00+00:00\" \/>\n<meta property=\"article:modified_time\" content=\"2024-09-14T00:03:48+00:00\" \/>\n<meta property=\"og:image\" content=\"https:\/\/www.ladiagonale.net\/wp-content\/uploads\/2024\/07\/Hu\u0308tter-training.png\" \/>\n\t<meta property=\"og:image:width\" content=\"1160\" \/>\n\t<meta property=\"og:image:height\" content=\"650\" \/>\n\t<meta property=\"og:image:type\" content=\"image\/png\" \/>\n<meta name=\"author\" content=\"Damien Dellerba\" \/>\n<meta name=\"twitter:card\" content=\"summary_large_image\" \/>\n<meta name=\"twitter:image\" content=\"https:\/\/www.ladiagonale.net\/wp-content\/uploads\/2024\/07\/Hu\u0308tter-training.png\" \/>\n<meta name=\"twitter:label1\" content=\"\u00c9crit par\" \/>\n\t<meta name=\"twitter:data1\" content=\"Damien Dellerba\" \/>\n\t<meta name=\"twitter:label2\" content=\"Dur\u00e9e de lecture estim\u00e9e\" \/>\n\t<meta name=\"twitter:data2\" content=\"3 minutes\" \/>\n<script type=\"application\/ld+json\" class=\"yoast-schema-graph\">{\"@context\":\"https:\/\/schema.org\",\"@graph\":[{\"@type\":\"WebPage\",\"@id\":\"https:\/\/www.ladiagonale.net\/index.php\/2024\/09\/13\/hutter-vous-verrez-peut-etre-des-joueurs-auxquels-vous-navez-pas-pense\/\",\"url\":\"https:\/\/www.ladiagonale.net\/index.php\/2024\/09\/13\/hutter-vous-verrez-peut-etre-des-joueurs-auxquels-vous-navez-pas-pense\/\",\"name\":\"H\u00fctter : \u00ab\u00a0Vous verrez peut-\u00eatre des joueurs auxquels vous n\u2019avez pas pens\u00e9\u00a0\u00bb - La Diagonale\",\"isPartOf\":{\"@id\":\"https:\/\/www.ladiagonale.net\/#website\"},\"datePublished\":\"2024-09-13T13:48:00+00:00\",\"dateModified\":\"2024-09-14T00:03:48+00:00\",\"author\":{\"@id\":\"https:\/\/www.ladiagonale.net\/#\/schema\/person\/79ff1e7b0853ed01b2aa26e64ad300bf\"},\"breadcrumb\":{\"@id\":\"https:\/\/www.ladiagonale.net\/index.php\/2024\/09\/13\/hutter-vous-verrez-peut-etre-des-joueurs-auxquels-vous-navez-pas-pense\/#breadcrumb\"},\"inLanguage\":\"fr-FR\",\"potentialAction\":[{\"@type\":\"ReadAction\",\"target\":[\"https:\/\/www.ladiagonale.net\/index.php\/2024\/09\/13\/hutter-vous-verrez-peut-etre-des-joueurs-auxquels-vous-navez-pas-pense\/\"]}]},{\"@type\":\"BreadcrumbList\",\"@id\":\"https:\/\/www.ladiagonale.net\/index.php\/2024\/09\/13\/hutter-vous-verrez-peut-etre-des-joueurs-auxquels-vous-navez-pas-pense\/#breadcrumb\",\"itemListElement\":[{\"@type\":\"ListItem\",\"position\":1,\"name\":\"Accueil\",\"item\":\"https:\/\/www.ladiagonale.net\/\"},{\"@type\":\"ListItem\",\"position\":2,\"name\":\"H\u00fctter : \u00ab\u00a0Vous verrez peut-\u00eatre des joueurs auxquels vous n\u2019avez pas pens\u00e9\u00a0\u00bb\"}]},{\"@type\":\"WebSite\",\"@id\":\"https:\/\/www.ladiagonale.net\/#website\",\"url\":\"https:\/\/www.ladiagonale.net\/\",\"name\":\"La Diagonale\",\"description\":\"Le site des supporters de l&#039;AS Monaco FC\",\"potentialAction\":[{\"@type\":\"SearchAction\",\"target\":{\"@type\":\"EntryPoint\",\"urlTemplate\":\"https:\/\/www.ladiagonale.net\/?s={search_term_string}\"},\"query-input\":\"required name=search_term_string\"}],\"inLanguage\":\"fr-FR\"},{\"@type\":\"Person\",\"@id\":\"https:\/\/www.ladiagonale.net\/#\/schema\/person\/79ff1e7b0853ed01b2aa26e64ad300bf\",\"name\":\"Damien Dellerba\",\"image\":{\"@type\":\"ImageObject\",\"inLanguage\":\"fr-FR\",\"@id\":\"https:\/\/www.ladiagonale.net\/#\/schema\/person\/image\/\",\"url\":\"https:\/\/secure.gravatar.com\/avatar\/c7850e06d3ff63cdbaee88b7fc16e2f0?s=96&d=mm&r=g\",\"contentUrl\":\"https:\/\/secure.gravatar.com\/avatar\/c7850e06d3ff63cdbaee88b7fc16e2f0?s=96&d=mm&r=g\",\"caption\":\"Damien Dellerba\"},\"url\":\"https:\/\/www.ladiagonale.net\/index.php\/author\/damien\/\"}]}<\/script>\n<!-- \/ Yoast SEO plugin. -->","yoast_head_json":{"title":"H\u00fctter : \u00ab\u00a0Vous verrez peut-\u00eatre des joueurs auxquels vous n\u2019avez pas pens\u00e9\u00a0\u00bb - La Diagonale","robots":{"index":"index","follow":"follow","max-snippet":"max-snippet:-1","max-image-preview":"max-image-preview:large","max-video-preview":"max-video-preview:-1"},"canonical":"https:\/\/www.ladiagonale.net\/index.php\/2024\/09\/13\/hutter-vous-verrez-peut-etre-des-joueurs-auxquels-vous-navez-pas-pense\/","og_locale":"fr_FR","og_type":"article","og_title":"H\u00fctter : \u00ab\u00a0Vous verrez peut-\u00eatre des joueurs auxquels vous n\u2019avez pas pens\u00e9\u00a0\u00bb - La Diagonale","og_description":"La Ligue 1 reprend ses droits apr\u00e8s une premi\u00e8re tr\u00eave internationale. L\u2019AS Monaco se d\u00e9place \u00e0 Auxerre ce samedi (19h) pour la 4e journ\u00e9e de Ligue 1 et entame une semaine de trois matches. Comme il l\u2019avait fait savoir fin ao\u00fbt, Adi H\u00fctter compte utiliser tout son effectif pour cette p\u00e9riode : \u00ab&nbsp;Cette semaine, nous [...]","og_url":"https:\/\/www.ladiagonale.net\/index.php\/2024\/09\/13\/hutter-vous-verrez-peut-etre-des-joueurs-auxquels-vous-navez-pas-pense\/","og_site_name":"La Diagonale","article_published_time":"2024-09-13T13:48:00+00:00","article_modified_time":"2024-09-14T00:03:48+00:00","og_image":[{"width":1160,"height":650,"url":"https:\/\/www.ladiagonale.net\/wp-content\/uploads\/2024\/07\/Hu\u0308tter-training.png","type":"image\/png"}],"author":"Damien Dellerba","twitter_card":"summary_large_image","twitter_image":"https:\/\/www.ladiagonale.net\/wp-content\/uploads\/2024\/07\/Hu\u0308tter-training.png","twitter_misc":{"\u00c9crit par":"Damien Dellerba","Dur\u00e9e de lecture estim\u00e9e":"3 minutes"},"schema":{"@context":"https:\/\/schema.org","@graph":[{"@type":"WebPage","@id":"https:\/\/www.ladiagonale.net\/index.php\/2024\/09\/13\/hutter-vous-verrez-peut-etre-des-joueurs-auxquels-vous-navez-pas-pense\/","url":"https:\/\/www.ladiagonale.net\/index.php\/2024\/09\/13\/hutter-vous-verrez-peut-etre-des-joueurs-auxquels-vous-navez-pas-pense\/","name":"H\u00fctter : \u00ab\u00a0Vous verrez peut-\u00eatre des joueurs auxquels vous n\u2019avez pas pens\u00e9\u00a0\u00bb - La Diagonale","isPartOf":{"@id":"https:\/\/www.ladiagonale.net\/#website"},"datePublished":"2024-09-13T13:48:00+00:00","dateModified":"2024-09-14T00:03:48+00:00","author":{"@id":"https:\/\/www.ladiagonale.net\/#\/schema\/person\/79ff1e7b0853ed01b2aa26e64ad300bf"},"breadcrumb":{"@id":"https:\/\/www.ladiagonale.net\/index.php\/2024\/09\/13\/hutter-vous-verrez-peut-etre-des-joueurs-auxquels-vous-navez-pas-pense\/#breadcrumb"},"inLanguage":"fr-FR","potentialAction":[{"@type":"ReadAction","target":["https:\/\/www.ladiagonale.net\/index.php\/2024\/09\/13\/hutter-vous-verrez-peut-etre-des-joueurs-auxquels-vous-navez-pas-pense\/"]}]},{"@type":"BreadcrumbList","@id":"https:\/\/www.ladiagonale.net\/index.php\/2024\/09\/13\/hutter-vous-verrez-peut-etre-des-joueurs-auxquels-vous-navez-pas-pense\/#breadcrumb","itemListElement":[{"@type":"ListItem","position":1,"name":"Accueil","item":"https:\/\/www.ladiagonale.net\/"},{"@type":"ListItem","position":2,"name":"H\u00fctter : \u00ab\u00a0Vous verrez peut-\u00eatre des joueurs auxquels vous n\u2019avez pas pens\u00e9\u00a0\u00bb"}]},{"@type":"WebSite","@id":"https:\/\/www.ladiagonale.net\/#website","url":"https:\/\/www.ladiagonale.net\/","name":"La Diagonale","description":"Le site des supporters de l&#039;AS Monaco FC","potentialAction":[{"@type":"SearchAction","target":{"@type":"EntryPoint","urlTemplate":"https:\/\/www.ladiagonale.net\/?s={search_term_string}"},"query-input":"required name=search_term_string"}],"inLanguage":"fr-FR"},{"@type":"Person","@id":"https:\/\/www.ladiagonale.net\/#\/schema\/person\/79ff1e7b0853ed01b2aa26e64ad300bf","name":"Damien Dellerba","image":{"@type":"ImageObject","inLanguage":"fr-FR","@id":"https:\/\/www.ladiagonale.net\/#\/schema\/person\/image\/","url":"https:\/\/secure.gravatar.com\/avatar\/c7850e06d3ff63cdbaee88b7fc16e2f0?s=96&d=mm&r=g","contentUrl":"https:\/\/secure.gravatar.com\/avatar\/c7850e06d3ff63cdbaee88b7fc16e2f0?s=96&d=mm&r=g","caption":"Damien Dellerba"},"url":"https:\/\/www.ladiagonale.net\/index.php\/author\/damien\/"}]}},"_links":{"self":[{"href":"https:\/\/www.ladiagonale.net\/index.php\/wp-json\/wp\/v2\/posts\/25658"}],"collection":[{"href":"https:\/\/www.ladiagonale.net\/index.php\/wp-json\/wp\/v2\/posts"}],"about":[{"href":"https:\/\/www.ladiagonale.net\/index.php\/wp-json\/wp\/v2\/types\/post"}],"author":[{"embeddable":true,"href":"https:\/\/www.ladiagonale.net\/index.php\/wp-json\/wp\/v2\/users\/2"}],"replies":[{"embeddable":true,"href":"https:\/\/www.ladiagonale.net\/index.php\/wp-json\/wp\/v2\/comments?post=25658"}],"version-history":[{"count":3,"href":"https:\/\/www.ladiagonale.net\/index.php\/wp-json\/wp\/v2\/posts\/25658\/revisions"}],"predecessor-version":[{"id":25685,"href":"https:\/\/www.ladiagonale.net\/index.php\/wp-json\/wp\/v2\/posts\/25658\/revisions\/25685"}],"wp:attachment":[{"href":"https:\/\/www.ladiagonale.net\/index.php\/wp-json\/wp\/v2\/media?parent=25658"}],"wp:term":[{"taxonomy":"category","embeddable":true,"href":"https:\/\/www.ladiagonale.net\/index.php\/wp-json\/wp\/v2\/categories?post=25658"},{"taxonomy":"post_tag","embeddable":true,"href":"https:\/\/www.ladiagonale.net\/index.php\/wp-json\/wp\/v2\/tags?post=25658"}],"curies":[{"name":"wp","href":"https:\/\/api.w.org\/{rel}","templated":true}]}}