{"id":25660,"date":"2024-09-13T19:31:13","date_gmt":"2024-09-13T17:31:13","guid":{"rendered":"https:\/\/www.ladiagonale.net\/?p=25660"},"modified":"2024-09-13T19:48:31","modified_gmt":"2024-09-13T17:48:31","slug":"le-groupe-monegasque-ben-seghir-est-bien-la","status":"publish","type":"post","link":"https:\/\/www.ladiagonale.net\/index.php\/2024\/09\/13\/le-groupe-monegasque-ben-seghir-est-bien-la\/","title":{"rendered":"Le groupe mon\u00e9gasque : Ben Seghir est bien l\u00e0"},"content":{"rendered":"\n\n\n<p>Le groupe de l\u2019AS Monaco qui se d\u00e9placera dans l\u2019Yonne pour affronter l\u2019AJ Auxerre samedi (19h) a \u00e9t\u00e9 communiqu\u00e9. Eliesse Ben Seghir, l\u00e9g\u00e8rement touch\u00e9 durant la tr\u00eave internationale et qui n\u2019a pas jou\u00e9 avec le Maroc, est bien pr\u00e9sent. En conf\u00e9rence de presse, Adi H\u00fctter avait indiqu\u00e9 que son jeune milieu offensif de 19 ans \u00e9tait \u00ab&nbsp;<em>op\u00e9rationnel<\/em>&nbsp;\u00bb, comme rapport\u00e9 par <em>Nice-Matin<\/em>.<\/p>\n\n\n\n<p>Pour le reste, le groupe ne comporte que peu de surprises, si ce n&rsquo;est l&rsquo;absence de Kr\u00e9pin Diatta, qui n&rsquo;est pas justifi\u00e9e par une blessure. Lamine Camara effectue son retour de suspension tandis que Radoslaw Majecki et Edan Diop sont \u00e0 l\u2019infirmerie. Eliot Matazo est toujours \u00e9cart\u00e9.<\/p>\n\n\n\n<p>Le groupe mon\u00e9gasque<\/p>\n\n\n\n<ul><li><strong>Gardiens :<\/strong> K\u00f6hn, Lienard, Stawiecki.<\/li><li><strong>D\u00e9fenseurs :<\/strong> C. Henrique, Kehrer, Mawissa, Ouattara, Salisu, Singo, Teze, Vanderson<\/li><li><strong>Milieux :<\/strong> Akliouche, Ben Seghir, Camara, Golovin, Magassa, Minamino, Zakaria.<\/li><li><strong>Attaquants :<\/strong> Balogun, Embolo, Ilenikhena.<\/li><\/ul>\n\n\n\n<p><em>Absents :<\/em> Majecki, Diop, Coulibaly (bless\u00e9s), Diatta, Matazo (choix).<\/p>\n","protected":false},"excerpt":{"rendered":"<p>Le groupe de l\u2019AS Monaco qui se d\u00e9placera dans l\u2019Yonne pour affronter l\u2019AJ Auxerre samedi (19h) a \u00e9t\u00e9 communiqu\u00e9. Eliesse Ben Seghir, l\u00e9g\u00e8rement touch\u00e9 durant la tr\u00eave internationale et qui n\u2019a pas jou\u00e9 avec le Maroc, est bien pr\u00e9sent. En conf\u00e9rence de presse, Adi H\u00fctter avait indiqu\u00e9 que son jeune milieu offensif de 19 ans [&#8230;]\n","protected":false},"author":2,"featured_media":0,"comment_status":"open","ping_status":"open","sticky":false,"template":"","format":"standard","meta":[],"categories":[4,6],"tags":[86,353,225,94],"yoast_head":"<!-- This site is optimized with the Yoast SEO plugin v19.8 - https:\/\/yoast.com\/wordpress\/plugins\/seo\/ -->\n<title>Le groupe mon\u00e9gasque : Ben Seghir est bien l\u00e0 - La Diagonale<\/title>\n<meta name=\"robots\" content=\"index, follow, max-snippet:-1, max-image-preview:large, max-video-preview:-1\" \/>\n<link rel=\"canonical\" href=\"https:\/\/www.ladiagonale.net\/index.php\/2024\/09\/13\/le-groupe-monegasque-ben-seghir-est-bien-la\/\" \/>\n<meta property=\"og:locale\" content=\"fr_FR\" \/>\n<meta property=\"og:type\" content=\"article\" \/>\n<meta property=\"og:title\" content=\"Le groupe mon\u00e9gasque : Ben Seghir est bien l\u00e0 - La Diagonale\" \/>\n<meta property=\"og:description\" content=\"Le groupe de l\u2019AS Monaco qui se d\u00e9placera dans l\u2019Yonne pour affronter l\u2019AJ Auxerre samedi (19h) a \u00e9t\u00e9 communiqu\u00e9. Eliesse Ben Seghir, l\u00e9g\u00e8rement touch\u00e9 durant la tr\u00eave internationale et qui n\u2019a pas jou\u00e9 avec le Maroc, est bien pr\u00e9sent. En conf\u00e9rence de presse, Adi H\u00fctter avait indiqu\u00e9 que son jeune milieu offensif de 19 ans [...]\" \/>\n<meta property=\"og:url\" content=\"https:\/\/www.ladiagonale.net\/index.php\/2024\/09\/13\/le-groupe-monegasque-ben-seghir-est-bien-la\/\" \/>\n<meta property=\"og:site_name\" content=\"La Diagonale\" \/>\n<meta property=\"article:published_time\" content=\"2024-09-13T17:31:13+00:00\" \/>\n<meta property=\"article:modified_time\" content=\"2024-09-13T17:48:31+00:00\" \/>\n<meta property=\"og:image\" content=\"https:\/\/www.ladiagonale.net\/wp-content\/uploads\/2024\/09\/ben-seghir-24.png\" \/>\n\t<meta property=\"og:image:width\" content=\"1160\" \/>\n\t<meta property=\"og:image:height\" content=\"650\" \/>\n\t<meta property=\"og:image:type\" content=\"image\/png\" \/>\n<meta name=\"author\" content=\"Damien Dellerba\" \/>\n<meta name=\"twitter:card\" content=\"summary_large_image\" \/>\n<meta name=\"twitter:image\" content=\"https:\/\/www.ladiagonale.net\/wp-content\/uploads\/2024\/09\/ben-seghir-24.png\" \/>\n<meta name=\"twitter:label1\" content=\"\u00c9crit par\" \/>\n\t<meta name=\"twitter:data1\" content=\"Damien Dellerba\" \/>\n\t<meta name=\"twitter:label2\" content=\"Dur\u00e9e de lecture estim\u00e9e\" \/>\n\t<meta name=\"twitter:data2\" content=\"1 minute\" \/>\n<script type=\"application\/ld+json\" class=\"yoast-schema-graph\">{\"@context\":\"https:\/\/schema.org\",\"@graph\":[{\"@type\":\"WebPage\",\"@id\":\"https:\/\/www.ladiagonale.net\/index.php\/2024\/09\/13\/le-groupe-monegasque-ben-seghir-est-bien-la\/\",\"url\":\"https:\/\/www.ladiagonale.net\/index.php\/2024\/09\/13\/le-groupe-monegasque-ben-seghir-est-bien-la\/\",\"name\":\"Le groupe mon\u00e9gasque : Ben Seghir est bien l\u00e0 - La Diagonale\",\"isPartOf\":{\"@id\":\"https:\/\/www.ladiagonale.net\/#website\"},\"datePublished\":\"2024-09-13T17:31:13+00:00\",\"dateModified\":\"2024-09-13T17:48:31+00:00\",\"author\":{\"@id\":\"https:\/\/www.ladiagonale.net\/#\/schema\/person\/79ff1e7b0853ed01b2aa26e64ad300bf\"},\"breadcrumb\":{\"@id\":\"https:\/\/www.ladiagonale.net\/index.php\/2024\/09\/13\/le-groupe-monegasque-ben-seghir-est-bien-la\/#breadcrumb\"},\"inLanguage\":\"fr-FR\",\"potentialAction\":[{\"@type\":\"ReadAction\",\"target\":[\"https:\/\/www.ladiagonale.net\/index.php\/2024\/09\/13\/le-groupe-monegasque-ben-seghir-est-bien-la\/\"]}]},{\"@type\":\"BreadcrumbList\",\"@id\":\"https:\/\/www.ladiagonale.net\/index.php\/2024\/09\/13\/le-groupe-monegasque-ben-seghir-est-bien-la\/#breadcrumb\",\"itemListElement\":[{\"@type\":\"ListItem\",\"position\":1,\"name\":\"Accueil\",\"item\":\"https:\/\/www.ladiagonale.net\/\"},{\"@type\":\"ListItem\",\"position\":2,\"name\":\"Le groupe mon\u00e9gasque : Ben Seghir est bien l\u00e0\"}]},{\"@type\":\"WebSite\",\"@id\":\"https:\/\/www.ladiagonale.net\/#website\",\"url\":\"https:\/\/www.ladiagonale.net\/\",\"name\":\"La Diagonale\",\"description\":\"Le site des supporters de l&#039;AS Monaco FC\",\"potentialAction\":[{\"@type\":\"SearchAction\",\"target\":{\"@type\":\"EntryPoint\",\"urlTemplate\":\"https:\/\/www.ladiagonale.net\/?s={search_term_string}\"},\"query-input\":\"required name=search_term_string\"}],\"inLanguage\":\"fr-FR\"},{\"@type\":\"Person\",\"@id\":\"https:\/\/www.ladiagonale.net\/#\/schema\/person\/79ff1e7b0853ed01b2aa26e64ad300bf\",\"name\":\"Damien Dellerba\",\"image\":{\"@type\":\"ImageObject\",\"inLanguage\":\"fr-FR\",\"@id\":\"https:\/\/www.ladiagonale.net\/#\/schema\/person\/image\/\",\"url\":\"https:\/\/secure.gravatar.com\/avatar\/c7850e06d3ff63cdbaee88b7fc16e2f0?s=96&d=mm&r=g\",\"contentUrl\":\"https:\/\/secure.gravatar.com\/avatar\/c7850e06d3ff63cdbaee88b7fc16e2f0?s=96&d=mm&r=g\",\"caption\":\"Damien Dellerba\"},\"url\":\"https:\/\/www.ladiagonale.net\/index.php\/author\/damien\/\"}]}<\/script>\n<!-- \/ Yoast SEO plugin. -->","yoast_head_json":{"title":"Le groupe mon\u00e9gasque : Ben Seghir est bien l\u00e0 - La Diagonale","robots":{"index":"index","follow":"follow","max-snippet":"max-snippet:-1","max-image-preview":"max-image-preview:large","max-video-preview":"max-video-preview:-1"},"canonical":"https:\/\/www.ladiagonale.net\/index.php\/2024\/09\/13\/le-groupe-monegasque-ben-seghir-est-bien-la\/","og_locale":"fr_FR","og_type":"article","og_title":"Le groupe mon\u00e9gasque : Ben Seghir est bien l\u00e0 - La Diagonale","og_description":"Le groupe de l\u2019AS Monaco qui se d\u00e9placera dans l\u2019Yonne pour affronter l\u2019AJ Auxerre samedi (19h) a \u00e9t\u00e9 communiqu\u00e9. Eliesse Ben Seghir, l\u00e9g\u00e8rement touch\u00e9 durant la tr\u00eave internationale et qui n\u2019a pas jou\u00e9 avec le Maroc, est bien pr\u00e9sent. En conf\u00e9rence de presse, Adi H\u00fctter avait indiqu\u00e9 que son jeune milieu offensif de 19 ans [...]","og_url":"https:\/\/www.ladiagonale.net\/index.php\/2024\/09\/13\/le-groupe-monegasque-ben-seghir-est-bien-la\/","og_site_name":"La Diagonale","article_published_time":"2024-09-13T17:31:13+00:00","article_modified_time":"2024-09-13T17:48:31+00:00","og_image":[{"width":1160,"height":650,"url":"https:\/\/www.ladiagonale.net\/wp-content\/uploads\/2024\/09\/ben-seghir-24.png","type":"image\/png"}],"author":"Damien Dellerba","twitter_card":"summary_large_image","twitter_image":"https:\/\/www.ladiagonale.net\/wp-content\/uploads\/2024\/09\/ben-seghir-24.png","twitter_misc":{"\u00c9crit par":"Damien Dellerba","Dur\u00e9e de lecture estim\u00e9e":"1 minute"},"schema":{"@context":"https:\/\/schema.org","@graph":[{"@type":"WebPage","@id":"https:\/\/www.ladiagonale.net\/index.php\/2024\/09\/13\/le-groupe-monegasque-ben-seghir-est-bien-la\/","url":"https:\/\/www.ladiagonale.net\/index.php\/2024\/09\/13\/le-groupe-monegasque-ben-seghir-est-bien-la\/","name":"Le groupe mon\u00e9gasque : Ben Seghir est bien l\u00e0 - La Diagonale","isPartOf":{"@id":"https:\/\/www.ladiagonale.net\/#website"},"datePublished":"2024-09-13T17:31:13+00:00","dateModified":"2024-09-13T17:48:31+00:00","author":{"@id":"https:\/\/www.ladiagonale.net\/#\/schema\/person\/79ff1e7b0853ed01b2aa26e64ad300bf"},"breadcrumb":{"@id":"https:\/\/www.ladiagonale.net\/index.php\/2024\/09\/13\/le-groupe-monegasque-ben-seghir-est-bien-la\/#breadcrumb"},"inLanguage":"fr-FR","potentialAction":[{"@type":"ReadAction","target":["https:\/\/www.ladiagonale.net\/index.php\/2024\/09\/13\/le-groupe-monegasque-ben-seghir-est-bien-la\/"]}]},{"@type":"BreadcrumbList","@id":"https:\/\/www.ladiagonale.net\/index.php\/2024\/09\/13\/le-groupe-monegasque-ben-seghir-est-bien-la\/#breadcrumb","itemListElement":[{"@type":"ListItem","position":1,"name":"Accueil","item":"https:\/\/www.ladiagonale.net\/"},{"@type":"ListItem","position":2,"name":"Le groupe mon\u00e9gasque : Ben Seghir est bien l\u00e0"}]},{"@type":"WebSite","@id":"https:\/\/www.ladiagonale.net\/#website","url":"https:\/\/www.ladiagonale.net\/","name":"La Diagonale","description":"Le site des supporters de l&#039;AS Monaco FC","potentialAction":[{"@type":"SearchAction","target":{"@type":"EntryPoint","urlTemplate":"https:\/\/www.ladiagonale.net\/?s={search_term_string}"},"query-input":"required name=search_term_string"}],"inLanguage":"fr-FR"},{"@type":"Person","@id":"https:\/\/www.ladiagonale.net\/#\/schema\/person\/79ff1e7b0853ed01b2aa26e64ad300bf","name":"Damien Dellerba","image":{"@type":"ImageObject","inLanguage":"fr-FR","@id":"https:\/\/www.ladiagonale.net\/#\/schema\/person\/image\/","url":"https:\/\/secure.gravatar.com\/avatar\/c7850e06d3ff63cdbaee88b7fc16e2f0?s=96&d=mm&r=g","contentUrl":"https:\/\/secure.gravatar.com\/avatar\/c7850e06d3ff63cdbaee88b7fc16e2f0?s=96&d=mm&r=g","caption":"Damien Dellerba"},"url":"https:\/\/www.ladiagonale.net\/index.php\/author\/damien\/"}]}},"_links":{"self":[{"href":"https:\/\/www.ladiagonale.net\/index.php\/wp-json\/wp\/v2\/posts\/25660"}],"collection":[{"href":"https:\/\/www.ladiagonale.net\/index.php\/wp-json\/wp\/v2\/posts"}],"about":[{"href":"https:\/\/www.ladiagonale.net\/index.php\/wp-json\/wp\/v2\/types\/post"}],"author":[{"embeddable":true,"href":"https:\/\/www.ladiagonale.net\/index.php\/wp-json\/wp\/v2\/users\/2"}],"replies":[{"embeddable":true,"href":"https:\/\/www.ladiagonale.net\/index.php\/wp-json\/wp\/v2\/comments?post=25660"}],"version-history":[{"count":4,"href":"https:\/\/www.ladiagonale.net\/index.php\/wp-json\/wp\/v2\/posts\/25660\/revisions"}],"predecessor-version":[{"id":25667,"href":"https:\/\/www.ladiagonale.net\/index.php\/wp-json\/wp\/v2\/posts\/25660\/revisions\/25667"}],"wp:attachment":[{"href":"https:\/\/www.ladiagonale.net\/index.php\/wp-json\/wp\/v2\/media?parent=25660"}],"wp:term":[{"taxonomy":"category","embeddable":true,"href":"https:\/\/www.ladiagonale.net\/index.php\/wp-json\/wp\/v2\/categories?post=25660"},{"taxonomy":"post_tag","embeddable":true,"href":"https:\/\/www.ladiagonale.net\/index.php\/wp-json\/wp\/v2\/tags?post=25660"}],"curies":[{"name":"wp","href":"https:\/\/api.w.org\/{rel}","templated":true}]}}