{"id":25666,"date":"2024-09-13T20:01:57","date_gmt":"2024-09-13T18:01:57","guid":{"rendered":"https:\/\/www.ladiagonale.net\/?p=25666"},"modified":"2024-09-13T22:23:21","modified_gmt":"2024-09-13T20:23:21","slug":"le-groupe-auxerrois-onaiwu-revient-de-suspension","status":"publish","type":"post","link":"https:\/\/www.ladiagonale.net\/index.php\/2024\/09\/13\/le-groupe-auxerrois-onaiwu-revient-de-suspension\/","title":{"rendered":"Le groupe auxerrois : Onaiwu revient de suspension"},"content":{"rendered":"\n\n\n<p>Christophe Pelissier a convoqu\u00e9 21 joueurs pour la r\u00e9ception de l\u2019AS Monaco ce samedi (19h). Exclu contre Nantes fin ao\u00fbt et suspendu contre Le Havre lors de la 3<sup>e<\/sup> journ\u00e9e, l\u2019international japonais Ado Onaiwu fait son retour dans le groupe. Il pourrait \u00eatre titulaire \u00e0 la pointe de l&rsquo;attaque car le Canadien Th\u00e9o Bair a \u00e9t\u00e9 m\u00e9nag\u00e9 en s\u00e9lection pour une g\u00eane, \u00e0 l\u2019instar d\u2019Eliesse Ben Seghir, m\u00eame s&rsquo;il est bien pr\u00e9sent.<\/p>\n\n\n\n<p>Mais l\u2019AJA perd le lat\u00e9ral droit n\u00e9erlandais Ki-Jana Hoever pour cause de suspension sur cette rencontre.<\/p>\n\n\n\n<h3>Le groupe auxerrois<\/h3>\n\n\n\n<ul><li><strong>Gardiens :<\/strong> De Percin, L\u00e9on, Negrel.<\/li><li><strong>D\u00e9fenseurs :<\/strong> Akpa, Diomand\u00e9, Joly, Jubal, Osho, Pellenard.<\/li><li><strong>Milieux :<\/strong> Danois, Diouss\u00e9, Maddy, Owusu, Perrin, Raveloson, Traor\u00e8.<\/li><li><strong>Attaquants :<\/strong> Ay\u00e9, Bair, Onaiwu, Sinayoko, Zossou.<\/li><\/ul>\n\n\n\n<p><em>Absents :<\/em> Hoever (suspendu), Mensah (reprise), Coulibaly, Buayi-Kiala, Agouzoul, N&rsquo;Gatta (bless\u00e9s).<\/p>\n","protected":false},"excerpt":{"rendered":"<p>Christophe Pelissier a convoqu\u00e9 21 joueurs pour la r\u00e9ception de l\u2019AS Monaco ce samedi (19h). Exclu contre Nantes fin ao\u00fbt et suspendu contre Le Havre lors de la 3e journ\u00e9e, l\u2019international japonais Ado Onaiwu fait son retour dans le groupe. Il pourrait \u00eatre titulaire \u00e0 la pointe de l&rsquo;attaque car le Canadien Th\u00e9o Bair a [&#8230;]\n","protected":false},"author":2,"featured_media":0,"comment_status":"open","ping_status":"open","sticky":false,"template":"","format":"standard","meta":[],"categories":[6],"tags":[86,353,225,94],"yoast_head":"<!-- This site is optimized with the Yoast SEO plugin v19.8 - https:\/\/yoast.com\/wordpress\/plugins\/seo\/ -->\n<title>Le groupe auxerrois : Onaiwu revient de suspension - La Diagonale<\/title>\n<meta name=\"robots\" content=\"index, follow, max-snippet:-1, max-image-preview:large, max-video-preview:-1\" \/>\n<link rel=\"canonical\" href=\"https:\/\/www.ladiagonale.net\/index.php\/2024\/09\/13\/le-groupe-auxerrois-onaiwu-revient-de-suspension\/\" \/>\n<meta property=\"og:locale\" content=\"fr_FR\" \/>\n<meta property=\"og:type\" content=\"article\" \/>\n<meta property=\"og:title\" content=\"Le groupe auxerrois : Onaiwu revient de suspension - La Diagonale\" \/>\n<meta property=\"og:description\" content=\"Christophe Pelissier a convoqu\u00e9 21 joueurs pour la r\u00e9ception de l\u2019AS Monaco ce samedi (19h). Exclu contre Nantes fin ao\u00fbt et suspendu contre Le Havre lors de la 3e journ\u00e9e, l\u2019international japonais Ado Onaiwu fait son retour dans le groupe. Il pourrait \u00eatre titulaire \u00e0 la pointe de l&rsquo;attaque car le Canadien Th\u00e9o Bair a [...]\" \/>\n<meta property=\"og:url\" content=\"https:\/\/www.ladiagonale.net\/index.php\/2024\/09\/13\/le-groupe-auxerrois-onaiwu-revient-de-suspension\/\" \/>\n<meta property=\"og:site_name\" content=\"La Diagonale\" \/>\n<meta property=\"article:published_time\" content=\"2024-09-13T18:01:57+00:00\" \/>\n<meta property=\"article:modified_time\" content=\"2024-09-13T20:23:21+00:00\" \/>\n<meta property=\"og:image\" content=\"https:\/\/www.ladiagonale.net\/wp-content\/uploads\/2024\/09\/onaiwu.png\" \/>\n\t<meta property=\"og:image:width\" content=\"1160\" \/>\n\t<meta property=\"og:image:height\" content=\"650\" \/>\n\t<meta property=\"og:image:type\" content=\"image\/png\" \/>\n<meta name=\"author\" content=\"Damien Dellerba\" \/>\n<meta name=\"twitter:card\" content=\"summary_large_image\" \/>\n<meta name=\"twitter:image\" content=\"https:\/\/www.ladiagonale.net\/wp-content\/uploads\/2024\/09\/onaiwu.png\" \/>\n<meta name=\"twitter:label1\" content=\"\u00c9crit par\" \/>\n\t<meta name=\"twitter:data1\" content=\"Damien Dellerba\" \/>\n\t<meta name=\"twitter:label2\" content=\"Dur\u00e9e de lecture estim\u00e9e\" \/>\n\t<meta name=\"twitter:data2\" content=\"1 minute\" \/>\n<script type=\"application\/ld+json\" class=\"yoast-schema-graph\">{\"@context\":\"https:\/\/schema.org\",\"@graph\":[{\"@type\":\"WebPage\",\"@id\":\"https:\/\/www.ladiagonale.net\/index.php\/2024\/09\/13\/le-groupe-auxerrois-onaiwu-revient-de-suspension\/\",\"url\":\"https:\/\/www.ladiagonale.net\/index.php\/2024\/09\/13\/le-groupe-auxerrois-onaiwu-revient-de-suspension\/\",\"name\":\"Le groupe auxerrois : Onaiwu revient de suspension - La Diagonale\",\"isPartOf\":{\"@id\":\"https:\/\/www.ladiagonale.net\/#website\"},\"datePublished\":\"2024-09-13T18:01:57+00:00\",\"dateModified\":\"2024-09-13T20:23:21+00:00\",\"author\":{\"@id\":\"https:\/\/www.ladiagonale.net\/#\/schema\/person\/79ff1e7b0853ed01b2aa26e64ad300bf\"},\"breadcrumb\":{\"@id\":\"https:\/\/www.ladiagonale.net\/index.php\/2024\/09\/13\/le-groupe-auxerrois-onaiwu-revient-de-suspension\/#breadcrumb\"},\"inLanguage\":\"fr-FR\",\"potentialAction\":[{\"@type\":\"ReadAction\",\"target\":[\"https:\/\/www.ladiagonale.net\/index.php\/2024\/09\/13\/le-groupe-auxerrois-onaiwu-revient-de-suspension\/\"]}]},{\"@type\":\"BreadcrumbList\",\"@id\":\"https:\/\/www.ladiagonale.net\/index.php\/2024\/09\/13\/le-groupe-auxerrois-onaiwu-revient-de-suspension\/#breadcrumb\",\"itemListElement\":[{\"@type\":\"ListItem\",\"position\":1,\"name\":\"Accueil\",\"item\":\"https:\/\/www.ladiagonale.net\/\"},{\"@type\":\"ListItem\",\"position\":2,\"name\":\"Le groupe auxerrois : Onaiwu revient de suspension\"}]},{\"@type\":\"WebSite\",\"@id\":\"https:\/\/www.ladiagonale.net\/#website\",\"url\":\"https:\/\/www.ladiagonale.net\/\",\"name\":\"La Diagonale\",\"description\":\"Le site des supporters de l&#039;AS Monaco FC\",\"potentialAction\":[{\"@type\":\"SearchAction\",\"target\":{\"@type\":\"EntryPoint\",\"urlTemplate\":\"https:\/\/www.ladiagonale.net\/?s={search_term_string}\"},\"query-input\":\"required name=search_term_string\"}],\"inLanguage\":\"fr-FR\"},{\"@type\":\"Person\",\"@id\":\"https:\/\/www.ladiagonale.net\/#\/schema\/person\/79ff1e7b0853ed01b2aa26e64ad300bf\",\"name\":\"Damien Dellerba\",\"image\":{\"@type\":\"ImageObject\",\"inLanguage\":\"fr-FR\",\"@id\":\"https:\/\/www.ladiagonale.net\/#\/schema\/person\/image\/\",\"url\":\"https:\/\/secure.gravatar.com\/avatar\/c7850e06d3ff63cdbaee88b7fc16e2f0?s=96&d=mm&r=g\",\"contentUrl\":\"https:\/\/secure.gravatar.com\/avatar\/c7850e06d3ff63cdbaee88b7fc16e2f0?s=96&d=mm&r=g\",\"caption\":\"Damien Dellerba\"},\"url\":\"https:\/\/www.ladiagonale.net\/index.php\/author\/damien\/\"}]}<\/script>\n<!-- \/ Yoast SEO plugin. -->","yoast_head_json":{"title":"Le groupe auxerrois : Onaiwu revient de suspension - La Diagonale","robots":{"index":"index","follow":"follow","max-snippet":"max-snippet:-1","max-image-preview":"max-image-preview:large","max-video-preview":"max-video-preview:-1"},"canonical":"https:\/\/www.ladiagonale.net\/index.php\/2024\/09\/13\/le-groupe-auxerrois-onaiwu-revient-de-suspension\/","og_locale":"fr_FR","og_type":"article","og_title":"Le groupe auxerrois : Onaiwu revient de suspension - La Diagonale","og_description":"Christophe Pelissier a convoqu\u00e9 21 joueurs pour la r\u00e9ception de l\u2019AS Monaco ce samedi (19h). Exclu contre Nantes fin ao\u00fbt et suspendu contre Le Havre lors de la 3e journ\u00e9e, l\u2019international japonais Ado Onaiwu fait son retour dans le groupe. Il pourrait \u00eatre titulaire \u00e0 la pointe de l&rsquo;attaque car le Canadien Th\u00e9o Bair a [...]","og_url":"https:\/\/www.ladiagonale.net\/index.php\/2024\/09\/13\/le-groupe-auxerrois-onaiwu-revient-de-suspension\/","og_site_name":"La Diagonale","article_published_time":"2024-09-13T18:01:57+00:00","article_modified_time":"2024-09-13T20:23:21+00:00","og_image":[{"width":1160,"height":650,"url":"https:\/\/www.ladiagonale.net\/wp-content\/uploads\/2024\/09\/onaiwu.png","type":"image\/png"}],"author":"Damien Dellerba","twitter_card":"summary_large_image","twitter_image":"https:\/\/www.ladiagonale.net\/wp-content\/uploads\/2024\/09\/onaiwu.png","twitter_misc":{"\u00c9crit par":"Damien Dellerba","Dur\u00e9e de lecture estim\u00e9e":"1 minute"},"schema":{"@context":"https:\/\/schema.org","@graph":[{"@type":"WebPage","@id":"https:\/\/www.ladiagonale.net\/index.php\/2024\/09\/13\/le-groupe-auxerrois-onaiwu-revient-de-suspension\/","url":"https:\/\/www.ladiagonale.net\/index.php\/2024\/09\/13\/le-groupe-auxerrois-onaiwu-revient-de-suspension\/","name":"Le groupe auxerrois : Onaiwu revient de suspension - La Diagonale","isPartOf":{"@id":"https:\/\/www.ladiagonale.net\/#website"},"datePublished":"2024-09-13T18:01:57+00:00","dateModified":"2024-09-13T20:23:21+00:00","author":{"@id":"https:\/\/www.ladiagonale.net\/#\/schema\/person\/79ff1e7b0853ed01b2aa26e64ad300bf"},"breadcrumb":{"@id":"https:\/\/www.ladiagonale.net\/index.php\/2024\/09\/13\/le-groupe-auxerrois-onaiwu-revient-de-suspension\/#breadcrumb"},"inLanguage":"fr-FR","potentialAction":[{"@type":"ReadAction","target":["https:\/\/www.ladiagonale.net\/index.php\/2024\/09\/13\/le-groupe-auxerrois-onaiwu-revient-de-suspension\/"]}]},{"@type":"BreadcrumbList","@id":"https:\/\/www.ladiagonale.net\/index.php\/2024\/09\/13\/le-groupe-auxerrois-onaiwu-revient-de-suspension\/#breadcrumb","itemListElement":[{"@type":"ListItem","position":1,"name":"Accueil","item":"https:\/\/www.ladiagonale.net\/"},{"@type":"ListItem","position":2,"name":"Le groupe auxerrois : Onaiwu revient de suspension"}]},{"@type":"WebSite","@id":"https:\/\/www.ladiagonale.net\/#website","url":"https:\/\/www.ladiagonale.net\/","name":"La Diagonale","description":"Le site des supporters de l&#039;AS Monaco FC","potentialAction":[{"@type":"SearchAction","target":{"@type":"EntryPoint","urlTemplate":"https:\/\/www.ladiagonale.net\/?s={search_term_string}"},"query-input":"required name=search_term_string"}],"inLanguage":"fr-FR"},{"@type":"Person","@id":"https:\/\/www.ladiagonale.net\/#\/schema\/person\/79ff1e7b0853ed01b2aa26e64ad300bf","name":"Damien Dellerba","image":{"@type":"ImageObject","inLanguage":"fr-FR","@id":"https:\/\/www.ladiagonale.net\/#\/schema\/person\/image\/","url":"https:\/\/secure.gravatar.com\/avatar\/c7850e06d3ff63cdbaee88b7fc16e2f0?s=96&d=mm&r=g","contentUrl":"https:\/\/secure.gravatar.com\/avatar\/c7850e06d3ff63cdbaee88b7fc16e2f0?s=96&d=mm&r=g","caption":"Damien Dellerba"},"url":"https:\/\/www.ladiagonale.net\/index.php\/author\/damien\/"}]}},"_links":{"self":[{"href":"https:\/\/www.ladiagonale.net\/index.php\/wp-json\/wp\/v2\/posts\/25666"}],"collection":[{"href":"https:\/\/www.ladiagonale.net\/index.php\/wp-json\/wp\/v2\/posts"}],"about":[{"href":"https:\/\/www.ladiagonale.net\/index.php\/wp-json\/wp\/v2\/types\/post"}],"author":[{"embeddable":true,"href":"https:\/\/www.ladiagonale.net\/index.php\/wp-json\/wp\/v2\/users\/2"}],"replies":[{"embeddable":true,"href":"https:\/\/www.ladiagonale.net\/index.php\/wp-json\/wp\/v2\/comments?post=25666"}],"version-history":[{"count":5,"href":"https:\/\/www.ladiagonale.net\/index.php\/wp-json\/wp\/v2\/posts\/25666\/revisions"}],"predecessor-version":[{"id":25678,"href":"https:\/\/www.ladiagonale.net\/index.php\/wp-json\/wp\/v2\/posts\/25666\/revisions\/25678"}],"wp:attachment":[{"href":"https:\/\/www.ladiagonale.net\/index.php\/wp-json\/wp\/v2\/media?parent=25666"}],"wp:term":[{"taxonomy":"category","embeddable":true,"href":"https:\/\/www.ladiagonale.net\/index.php\/wp-json\/wp\/v2\/categories?post=25666"},{"taxonomy":"post_tag","embeddable":true,"href":"https:\/\/www.ladiagonale.net\/index.php\/wp-json\/wp\/v2\/tags?post=25666"}],"curies":[{"name":"wp","href":"https:\/\/api.w.org\/{rel}","templated":true}]}}