{"id":25896,"date":"2024-09-19T20:05:17","date_gmt":"2024-09-19T18:05:17","guid":{"rendered":"https:\/\/www.ladiagonale.net\/?p=25896"},"modified":"2024-09-19T20:14:54","modified_gmt":"2024-09-19T18:14:54","slug":"les-compositions-singo-et-vanderson-alignes","status":"publish","type":"post","link":"https:\/\/www.ladiagonale.net\/index.php\/2024\/09\/19\/les-compositions-singo-et-vanderson-alignes\/","title":{"rendered":"Les compositions : Singo et Vanderson align\u00e9s"},"content":{"rendered":"\n<p>Les derni\u00e8res informations parues sur <em>L&rsquo;\u00c9quipe<\/em> \u00e9taient fond\u00e9es : Adi H\u00fctter devrait bien remanier sa d\u00e9fense avec les titularisations de Wilfried Singo et de Vanderson. Le premier serait align\u00e9 comme lat\u00e9ral droit tandis que le second basculerait du c\u00f4t\u00e9 gauche. Le reste de l&rsquo;\u00e9quipe ne pr\u00e9sente pas de surprise, avec Embolo en pointe. <\/p>\n\n\n\n<p>D\u00e9clar\u00e9 apte en d\u00e9but de semaine, Lamine Camara est titulaire au c\u00f4t\u00e9 de Denis Zakaria. <\/p>\n\n\n\n<p><strong>AS Monaco (4-2-3-1) : <\/strong>K\u00f6hn &#8211; Singo, Kehrer, Salisu, Vanderson &#8211; Camara, Zakaria (cap.) &#8211; Akliouche, Minamino, Ben Seghir &#8211; Embolo.<\/p>\n\n\n\n<p><em>Rempla\u00e7ants :<\/em> Lienard (g.), Teze, Mawissa, C. Henrique, Ouattara, Magassa, Matazo, Diatta, Golovin, Balogun, Ilenikhena.<\/p>\n\n\n\n<p><strong>FC Barcelone (4-2-3-1) : <\/strong>Ter Stegen (cap.) &#8211; Kound\u00e9, Martinez, Cubarsi, Bald\u00e9 &#8211; Garc\u00eda, Casado &#8211; Yamal, Pedri, Raphinha &#8211; Lewandowski.<\/p>\n\n\n\n<p><em>Rempla\u00e7ants :<\/em> Pena (g.), Astralaga (g.), Torres, Fati, Torre, Victor, Fort, Martin, Dominguez, Cuenca, G. Fernandez, A. Fernandez.<\/p>\n","protected":false},"excerpt":{"rendered":"<p>Les derni\u00e8res informations parues sur L&rsquo;\u00c9quipe \u00e9taient fond\u00e9es : Adi H\u00fctter devrait bien remanier sa d\u00e9fense avec les titularisations de Wilfried Singo et de Vanderson. Le premier serait align\u00e9 comme lat\u00e9ral droit tandis que le second basculerait du c\u00f4t\u00e9 gauche. Le reste de l&rsquo;\u00e9quipe ne pr\u00e9sente pas de surprise, avec Embolo en pointe. D\u00e9clar\u00e9 apte [&#8230;]\n","protected":false},"author":2,"featured_media":0,"comment_status":"closed","ping_status":"open","sticky":false,"template":"","format":"standard","meta":[],"categories":[4,6],"tags":[86,213,287,918],"yoast_head":"<!-- This site is optimized with the Yoast SEO plugin v19.8 - https:\/\/yoast.com\/wordpress\/plugins\/seo\/ -->\n<title>Les compositions : Singo et Vanderson align\u00e9s - La Diagonale<\/title>\n<meta name=\"robots\" content=\"index, follow, max-snippet:-1, max-image-preview:large, max-video-preview:-1\" \/>\n<link rel=\"canonical\" href=\"https:\/\/www.ladiagonale.net\/index.php\/2024\/09\/19\/les-compositions-singo-et-vanderson-alignes\/\" \/>\n<meta property=\"og:locale\" content=\"fr_FR\" \/>\n<meta property=\"og:type\" content=\"article\" \/>\n<meta property=\"og:title\" content=\"Les compositions : Singo et Vanderson align\u00e9s - La Diagonale\" \/>\n<meta property=\"og:description\" content=\"Les derni\u00e8res informations parues sur L&rsquo;\u00c9quipe \u00e9taient fond\u00e9es : Adi H\u00fctter devrait bien remanier sa d\u00e9fense avec les titularisations de Wilfried Singo et de Vanderson. Le premier serait align\u00e9 comme lat\u00e9ral droit tandis que le second basculerait du c\u00f4t\u00e9 gauche. Le reste de l&rsquo;\u00e9quipe ne pr\u00e9sente pas de surprise, avec Embolo en pointe. D\u00e9clar\u00e9 apte [...]\" \/>\n<meta property=\"og:url\" content=\"https:\/\/www.ladiagonale.net\/index.php\/2024\/09\/19\/les-compositions-singo-et-vanderson-alignes\/\" \/>\n<meta property=\"og:site_name\" content=\"La Diagonale\" \/>\n<meta property=\"article:published_time\" content=\"2024-09-19T18:05:17+00:00\" \/>\n<meta property=\"article:modified_time\" content=\"2024-09-19T18:14:54+00:00\" \/>\n<meta property=\"og:image\" content=\"https:\/\/www.ladiagonale.net\/wp-content\/uploads\/2024\/09\/Singo-1.png\" \/>\n\t<meta property=\"og:image:width\" content=\"1160\" \/>\n\t<meta property=\"og:image:height\" content=\"650\" \/>\n\t<meta property=\"og:image:type\" content=\"image\/png\" \/>\n<meta name=\"author\" content=\"Damien Dellerba\" \/>\n<meta name=\"twitter:card\" content=\"summary_large_image\" \/>\n<meta name=\"twitter:image\" content=\"https:\/\/www.ladiagonale.net\/wp-content\/uploads\/2024\/09\/Singo-1.png\" \/>\n<meta name=\"twitter:label1\" content=\"\u00c9crit par\" \/>\n\t<meta name=\"twitter:data1\" content=\"Damien Dellerba\" \/>\n\t<meta name=\"twitter:label2\" content=\"Dur\u00e9e de lecture estim\u00e9e\" \/>\n\t<meta name=\"twitter:data2\" content=\"1 minute\" \/>\n<script type=\"application\/ld+json\" class=\"yoast-schema-graph\">{\"@context\":\"https:\/\/schema.org\",\"@graph\":[{\"@type\":\"WebPage\",\"@id\":\"https:\/\/www.ladiagonale.net\/index.php\/2024\/09\/19\/les-compositions-singo-et-vanderson-alignes\/\",\"url\":\"https:\/\/www.ladiagonale.net\/index.php\/2024\/09\/19\/les-compositions-singo-et-vanderson-alignes\/\",\"name\":\"Les compositions : Singo et Vanderson align\u00e9s - La Diagonale\",\"isPartOf\":{\"@id\":\"https:\/\/www.ladiagonale.net\/#website\"},\"datePublished\":\"2024-09-19T18:05:17+00:00\",\"dateModified\":\"2024-09-19T18:14:54+00:00\",\"author\":{\"@id\":\"https:\/\/www.ladiagonale.net\/#\/schema\/person\/79ff1e7b0853ed01b2aa26e64ad300bf\"},\"breadcrumb\":{\"@id\":\"https:\/\/www.ladiagonale.net\/index.php\/2024\/09\/19\/les-compositions-singo-et-vanderson-alignes\/#breadcrumb\"},\"inLanguage\":\"fr-FR\",\"potentialAction\":[{\"@type\":\"ReadAction\",\"target\":[\"https:\/\/www.ladiagonale.net\/index.php\/2024\/09\/19\/les-compositions-singo-et-vanderson-alignes\/\"]}]},{\"@type\":\"BreadcrumbList\",\"@id\":\"https:\/\/www.ladiagonale.net\/index.php\/2024\/09\/19\/les-compositions-singo-et-vanderson-alignes\/#breadcrumb\",\"itemListElement\":[{\"@type\":\"ListItem\",\"position\":1,\"name\":\"Accueil\",\"item\":\"https:\/\/www.ladiagonale.net\/\"},{\"@type\":\"ListItem\",\"position\":2,\"name\":\"Les compositions : Singo et Vanderson align\u00e9s\"}]},{\"@type\":\"WebSite\",\"@id\":\"https:\/\/www.ladiagonale.net\/#website\",\"url\":\"https:\/\/www.ladiagonale.net\/\",\"name\":\"La Diagonale\",\"description\":\"Le site des supporters de l&#039;AS Monaco FC\",\"potentialAction\":[{\"@type\":\"SearchAction\",\"target\":{\"@type\":\"EntryPoint\",\"urlTemplate\":\"https:\/\/www.ladiagonale.net\/?s={search_term_string}\"},\"query-input\":\"required name=search_term_string\"}],\"inLanguage\":\"fr-FR\"},{\"@type\":\"Person\",\"@id\":\"https:\/\/www.ladiagonale.net\/#\/schema\/person\/79ff1e7b0853ed01b2aa26e64ad300bf\",\"name\":\"Damien Dellerba\",\"image\":{\"@type\":\"ImageObject\",\"inLanguage\":\"fr-FR\",\"@id\":\"https:\/\/www.ladiagonale.net\/#\/schema\/person\/image\/\",\"url\":\"https:\/\/secure.gravatar.com\/avatar\/c7850e06d3ff63cdbaee88b7fc16e2f0?s=96&d=mm&r=g\",\"contentUrl\":\"https:\/\/secure.gravatar.com\/avatar\/c7850e06d3ff63cdbaee88b7fc16e2f0?s=96&d=mm&r=g\",\"caption\":\"Damien Dellerba\"},\"url\":\"https:\/\/www.ladiagonale.net\/index.php\/author\/damien\/\"}]}<\/script>\n<!-- \/ Yoast SEO plugin. -->","yoast_head_json":{"title":"Les compositions : Singo et Vanderson align\u00e9s - La Diagonale","robots":{"index":"index","follow":"follow","max-snippet":"max-snippet:-1","max-image-preview":"max-image-preview:large","max-video-preview":"max-video-preview:-1"},"canonical":"https:\/\/www.ladiagonale.net\/index.php\/2024\/09\/19\/les-compositions-singo-et-vanderson-alignes\/","og_locale":"fr_FR","og_type":"article","og_title":"Les compositions : Singo et Vanderson align\u00e9s - La Diagonale","og_description":"Les derni\u00e8res informations parues sur L&rsquo;\u00c9quipe \u00e9taient fond\u00e9es : Adi H\u00fctter devrait bien remanier sa d\u00e9fense avec les titularisations de Wilfried Singo et de Vanderson. Le premier serait align\u00e9 comme lat\u00e9ral droit tandis que le second basculerait du c\u00f4t\u00e9 gauche. Le reste de l&rsquo;\u00e9quipe ne pr\u00e9sente pas de surprise, avec Embolo en pointe. D\u00e9clar\u00e9 apte [...]","og_url":"https:\/\/www.ladiagonale.net\/index.php\/2024\/09\/19\/les-compositions-singo-et-vanderson-alignes\/","og_site_name":"La Diagonale","article_published_time":"2024-09-19T18:05:17+00:00","article_modified_time":"2024-09-19T18:14:54+00:00","og_image":[{"width":1160,"height":650,"url":"https:\/\/www.ladiagonale.net\/wp-content\/uploads\/2024\/09\/Singo-1.png","type":"image\/png"}],"author":"Damien Dellerba","twitter_card":"summary_large_image","twitter_image":"https:\/\/www.ladiagonale.net\/wp-content\/uploads\/2024\/09\/Singo-1.png","twitter_misc":{"\u00c9crit par":"Damien Dellerba","Dur\u00e9e de lecture estim\u00e9e":"1 minute"},"schema":{"@context":"https:\/\/schema.org","@graph":[{"@type":"WebPage","@id":"https:\/\/www.ladiagonale.net\/index.php\/2024\/09\/19\/les-compositions-singo-et-vanderson-alignes\/","url":"https:\/\/www.ladiagonale.net\/index.php\/2024\/09\/19\/les-compositions-singo-et-vanderson-alignes\/","name":"Les compositions : Singo et Vanderson align\u00e9s - La Diagonale","isPartOf":{"@id":"https:\/\/www.ladiagonale.net\/#website"},"datePublished":"2024-09-19T18:05:17+00:00","dateModified":"2024-09-19T18:14:54+00:00","author":{"@id":"https:\/\/www.ladiagonale.net\/#\/schema\/person\/79ff1e7b0853ed01b2aa26e64ad300bf"},"breadcrumb":{"@id":"https:\/\/www.ladiagonale.net\/index.php\/2024\/09\/19\/les-compositions-singo-et-vanderson-alignes\/#breadcrumb"},"inLanguage":"fr-FR","potentialAction":[{"@type":"ReadAction","target":["https:\/\/www.ladiagonale.net\/index.php\/2024\/09\/19\/les-compositions-singo-et-vanderson-alignes\/"]}]},{"@type":"BreadcrumbList","@id":"https:\/\/www.ladiagonale.net\/index.php\/2024\/09\/19\/les-compositions-singo-et-vanderson-alignes\/#breadcrumb","itemListElement":[{"@type":"ListItem","position":1,"name":"Accueil","item":"https:\/\/www.ladiagonale.net\/"},{"@type":"ListItem","position":2,"name":"Les compositions : Singo et Vanderson align\u00e9s"}]},{"@type":"WebSite","@id":"https:\/\/www.ladiagonale.net\/#website","url":"https:\/\/www.ladiagonale.net\/","name":"La Diagonale","description":"Le site des supporters de l&#039;AS Monaco FC","potentialAction":[{"@type":"SearchAction","target":{"@type":"EntryPoint","urlTemplate":"https:\/\/www.ladiagonale.net\/?s={search_term_string}"},"query-input":"required name=search_term_string"}],"inLanguage":"fr-FR"},{"@type":"Person","@id":"https:\/\/www.ladiagonale.net\/#\/schema\/person\/79ff1e7b0853ed01b2aa26e64ad300bf","name":"Damien Dellerba","image":{"@type":"ImageObject","inLanguage":"fr-FR","@id":"https:\/\/www.ladiagonale.net\/#\/schema\/person\/image\/","url":"https:\/\/secure.gravatar.com\/avatar\/c7850e06d3ff63cdbaee88b7fc16e2f0?s=96&d=mm&r=g","contentUrl":"https:\/\/secure.gravatar.com\/avatar\/c7850e06d3ff63cdbaee88b7fc16e2f0?s=96&d=mm&r=g","caption":"Damien Dellerba"},"url":"https:\/\/www.ladiagonale.net\/index.php\/author\/damien\/"}]}},"_links":{"self":[{"href":"https:\/\/www.ladiagonale.net\/index.php\/wp-json\/wp\/v2\/posts\/25896"}],"collection":[{"href":"https:\/\/www.ladiagonale.net\/index.php\/wp-json\/wp\/v2\/posts"}],"about":[{"href":"https:\/\/www.ladiagonale.net\/index.php\/wp-json\/wp\/v2\/types\/post"}],"author":[{"embeddable":true,"href":"https:\/\/www.ladiagonale.net\/index.php\/wp-json\/wp\/v2\/users\/2"}],"replies":[{"embeddable":true,"href":"https:\/\/www.ladiagonale.net\/index.php\/wp-json\/wp\/v2\/comments?post=25896"}],"version-history":[{"count":3,"href":"https:\/\/www.ladiagonale.net\/index.php\/wp-json\/wp\/v2\/posts\/25896\/revisions"}],"predecessor-version":[{"id":25901,"href":"https:\/\/www.ladiagonale.net\/index.php\/wp-json\/wp\/v2\/posts\/25896\/revisions\/25901"}],"wp:attachment":[{"href":"https:\/\/www.ladiagonale.net\/index.php\/wp-json\/wp\/v2\/media?parent=25896"}],"wp:term":[{"taxonomy":"category","embeddable":true,"href":"https:\/\/www.ladiagonale.net\/index.php\/wp-json\/wp\/v2\/categories?post=25896"},{"taxonomy":"post_tag","embeddable":true,"href":"https:\/\/www.ladiagonale.net\/index.php\/wp-json\/wp\/v2\/tags?post=25896"}],"curies":[{"name":"wp","href":"https:\/\/api.w.org\/{rel}","templated":true}]}}