{"id":26157,"date":"2024-09-28T14:22:43","date_gmt":"2024-09-28T12:22:43","guid":{"rendered":"https:\/\/www.ladiagonale.net\/?p=26157"},"modified":"2024-09-28T14:22:44","modified_gmt":"2024-09-28T12:22:44","slug":"que-la-fete-soit-folle","status":"publish","type":"post","link":"https:\/\/www.ladiagonale.net\/index.php\/2024\/09\/28\/que-la-fete-soit-folle\/","title":{"rendered":"Que la f\u00eate soit folle"},"content":{"rendered":"\n\n\n<p><strong>Ce samedi (21h), l\u2019AS Monaco re\u00e7oit Montpellier pour la 6<sup>e<\/sup> journ\u00e9e de Ligue 1. Face \u00e0 une \u00e9quipe en grande difficult\u00e9, les Rouge et Blanc voudront frapper un grand coup. La circonstance l\u2019exige.<\/strong><\/p>\n\n\n\n<p>Devant, le rythme ne semble pas parti pour ralentir. En pr\u00e9ambule de la 6<sup>e<\/sup> journ\u00e9e de championnat, Paris a battu Rennes (3-1) pour reprendre trois points d\u2019avance sur Marseille et Monaco. Si l\u2019ASM n\u2019a jamais publiquement ambitionn\u00e9 le titre, elle aurait tort de se priver de continuer \u00e0 avancer \u00e0 ce rythme endiabl\u00e9. Tout en continuant de mettre sous pression le PSG, elle se pr\u00e9munirait d\u2019une victoire de l\u2019OM, autre concurrent direct au podium et \u00e0 la Ligue des champions, et peut-\u00eatre plus ? Mais la motivation pourrait surtout venir d\u2019un tout autre \u00e9v\u00e8nement, bien diff\u00e9rent. Face \u00e0 Montpellier, le club de la Principaut\u00e9 f\u00eatera ses 100 ans d\u2019existence. Si le cap a d\u00e9j\u00e0 \u00e9t\u00e9 pass\u00e9 le 23 ao\u00fbt dernier, il sera immortalis\u00e9 ce samedi soir.<\/p>\n\n\n\n<p>Tout pointe vers une soir\u00e9e tr\u00e8s sp\u00e9ciale, avec de nombreuses c\u00e9l\u00e9brations et une mise \u00e0 l\u2019honneur de l\u2019histoire riche du club, raison de plus donc de ne pas g\u00e2cher la f\u00eate avec un r\u00e9sultat autre qu\u2019une victoire. Le s\u00e9rieux semble tout de m\u00eame pr\u00e9dominer dans les rangs mon\u00e9gasques. \u00ab&nbsp;<em>Nous nous effor\u00e7ons de ne pas nous d\u00e9tourner du football<\/em>, a indiqu\u00e9 Thiago Scuro. <em>Tout ce qui nous entoure, l&rsquo;excitation, les c\u00e9l\u00e9brations, c&rsquo;est important pour la Principaut\u00e9 et pour nos supporters, mais nous devons rester concentr\u00e9s sur notre travail sur le terrain. Nos joueurs se montrent tr\u00e8s forts, surtout mentalement. Nous devons maintenir cette constance sur le terrain.&nbsp;<\/em>\u00bb Sur le papier, il n\u2019y a franchement pas photo entre les deux formations et sur le terrain non plus, depuis le d\u00e9but de la saison.&nbsp;<\/p>\n\n\n\n<p>Les enjeux de cette soir\u00e9e ne seront quand m\u00eame pas \u00e0 la hauteur de ceux d\u2019un match de Ligue des champions, c\u2019est certain, et cela permettra de d\u00e9tendre un peu les Rouge et Blanc pour livrer une bonne prestation. La pression se veut davantage positive que de celle qui inhibe, m\u00eame s&rsquo;il ne faudra pas se rater sous les yeux attentifs des l\u00e9gendes du club : \u00ab\u00a0<em>On va essayer de prendre toute cette \u00e9nergie positive et de la ramener sur le terrain<\/em>\u00a0\u00bb, indiquait Thilo Kehrer avant la rencontre. Les Mon\u00e9gasques ont montr\u00e9 des forces et des certitudes depuis le d\u00e9but de la saison sur lesquelles ils savent qu\u2019ils pourront s\u2019appuyer, \u00e0 commencer par son assise d\u00e9fensive.\u00a0<\/p>\n\n\n\n<p>Meilleure d\u00e9fense du championnat, avec deux buts encaiss\u00e9s en cinq rencontres, on imagine mal Monaco se faire malmener par un Montpellier amorphe et amput\u00e9 de nombreux \u00e9l\u00e9ments. On imaginerait plus l\u2019ASM avoir du mal \u00e0 faire de vraies diff\u00e9rences, quand ses attaquants se sont eux souvent montr\u00e9s maladroits. Mais la semaine derni\u00e8re, George Ilenikhena puis Folarin Balogun ont d\u00e9bloqu\u00e9 les compteurs pour les attaquants as\u00e9mistes. Non pas que l\u2019on attende un festival offensif, m\u00eame si on l&rsquo;esp\u00e8re quand m\u00eame, mais il y aura un feu d\u2019artifice \u00e0 la fin de la rencontre, et il faudra simplement souhaiter que les 90 minutes de football qui le pr\u00e9c\u00e9deront ne soient pas un p\u00e9tard mouill\u00e9.<\/p>\n","protected":false},"excerpt":{"rendered":"<p>Ce samedi (21h), l\u2019AS Monaco re\u00e7oit Montpellier pour la 6e journ\u00e9e de Ligue 1. Face \u00e0 une \u00e9quipe en grande difficult\u00e9, les Rouge et Blanc voudront frapper un grand coup. La circonstance l\u2019exige. Devant, le rythme ne semble pas parti pour ralentir. En pr\u00e9ambule de la 6e journ\u00e9e de championnat, Paris a battu Rennes (3-1) [&#8230;]\n","protected":false},"author":2,"featured_media":26158,"comment_status":"open","ping_status":"open","sticky":false,"template":"","format":"standard","meta":[],"categories":[5,6],"tags":[86,94,478],"yoast_head":"<!-- This site is optimized with the Yoast SEO plugin v19.8 - https:\/\/yoast.com\/wordpress\/plugins\/seo\/ -->\n<title>Que la f\u00eate soit folle - La Diagonale<\/title>\n<meta name=\"robots\" content=\"index, follow, max-snippet:-1, max-image-preview:large, max-video-preview:-1\" \/>\n<link rel=\"canonical\" href=\"https:\/\/www.ladiagonale.net\/index.php\/2024\/09\/28\/que-la-fete-soit-folle\/\" \/>\n<meta property=\"og:locale\" content=\"fr_FR\" \/>\n<meta property=\"og:type\" content=\"article\" \/>\n<meta property=\"og:title\" content=\"Que la f\u00eate soit folle - La Diagonale\" \/>\n<meta property=\"og:description\" content=\"Ce samedi (21h), l\u2019AS Monaco re\u00e7oit Montpellier pour la 6e journ\u00e9e de Ligue 1. Face \u00e0 une \u00e9quipe en grande difficult\u00e9, les Rouge et Blanc voudront frapper un grand coup. La circonstance l\u2019exige. Devant, le rythme ne semble pas parti pour ralentir. En pr\u00e9ambule de la 6e journ\u00e9e de championnat, Paris a battu Rennes (3-1) [...]\" \/>\n<meta property=\"og:url\" content=\"https:\/\/www.ladiagonale.net\/index.php\/2024\/09\/28\/que-la-fete-soit-folle\/\" \/>\n<meta property=\"og:site_name\" content=\"La Diagonale\" \/>\n<meta property=\"article:published_time\" content=\"2024-09-28T12:22:43+00:00\" \/>\n<meta property=\"article:modified_time\" content=\"2024-09-28T12:22:44+00:00\" \/>\n<meta property=\"og:image\" content=\"https:\/\/www.ladiagonale.net\/wp-content\/uploads\/2024\/09\/ce\u0301le\u0301bration.png\" \/>\n\t<meta property=\"og:image:width\" content=\"1160\" \/>\n\t<meta property=\"og:image:height\" content=\"650\" \/>\n\t<meta property=\"og:image:type\" content=\"image\/png\" \/>\n<meta name=\"author\" content=\"Damien Dellerba\" \/>\n<meta name=\"twitter:card\" content=\"summary_large_image\" \/>\n<meta name=\"twitter:image\" content=\"https:\/\/www.ladiagonale.net\/wp-content\/uploads\/2024\/09\/ce\u0301le\u0301bration.png\" \/>\n<meta name=\"twitter:label1\" content=\"\u00c9crit par\" \/>\n\t<meta name=\"twitter:data1\" content=\"Damien Dellerba\" \/>\n\t<meta name=\"twitter:label2\" content=\"Dur\u00e9e de lecture estim\u00e9e\" \/>\n\t<meta name=\"twitter:data2\" content=\"3 minutes\" \/>\n<script type=\"application\/ld+json\" class=\"yoast-schema-graph\">{\"@context\":\"https:\/\/schema.org\",\"@graph\":[{\"@type\":\"WebPage\",\"@id\":\"https:\/\/www.ladiagonale.net\/index.php\/2024\/09\/28\/que-la-fete-soit-folle\/\",\"url\":\"https:\/\/www.ladiagonale.net\/index.php\/2024\/09\/28\/que-la-fete-soit-folle\/\",\"name\":\"Que la f\u00eate soit folle - La Diagonale\",\"isPartOf\":{\"@id\":\"https:\/\/www.ladiagonale.net\/#website\"},\"datePublished\":\"2024-09-28T12:22:43+00:00\",\"dateModified\":\"2024-09-28T12:22:44+00:00\",\"author\":{\"@id\":\"https:\/\/www.ladiagonale.net\/#\/schema\/person\/79ff1e7b0853ed01b2aa26e64ad300bf\"},\"breadcrumb\":{\"@id\":\"https:\/\/www.ladiagonale.net\/index.php\/2024\/09\/28\/que-la-fete-soit-folle\/#breadcrumb\"},\"inLanguage\":\"fr-FR\",\"potentialAction\":[{\"@type\":\"ReadAction\",\"target\":[\"https:\/\/www.ladiagonale.net\/index.php\/2024\/09\/28\/que-la-fete-soit-folle\/\"]}]},{\"@type\":\"BreadcrumbList\",\"@id\":\"https:\/\/www.ladiagonale.net\/index.php\/2024\/09\/28\/que-la-fete-soit-folle\/#breadcrumb\",\"itemListElement\":[{\"@type\":\"ListItem\",\"position\":1,\"name\":\"Accueil\",\"item\":\"https:\/\/www.ladiagonale.net\/\"},{\"@type\":\"ListItem\",\"position\":2,\"name\":\"Que la f\u00eate soit folle\"}]},{\"@type\":\"WebSite\",\"@id\":\"https:\/\/www.ladiagonale.net\/#website\",\"url\":\"https:\/\/www.ladiagonale.net\/\",\"name\":\"La Diagonale\",\"description\":\"Le site des supporters de l&#039;AS Monaco FC\",\"potentialAction\":[{\"@type\":\"SearchAction\",\"target\":{\"@type\":\"EntryPoint\",\"urlTemplate\":\"https:\/\/www.ladiagonale.net\/?s={search_term_string}\"},\"query-input\":\"required name=search_term_string\"}],\"inLanguage\":\"fr-FR\"},{\"@type\":\"Person\",\"@id\":\"https:\/\/www.ladiagonale.net\/#\/schema\/person\/79ff1e7b0853ed01b2aa26e64ad300bf\",\"name\":\"Damien Dellerba\",\"image\":{\"@type\":\"ImageObject\",\"inLanguage\":\"fr-FR\",\"@id\":\"https:\/\/www.ladiagonale.net\/#\/schema\/person\/image\/\",\"url\":\"https:\/\/secure.gravatar.com\/avatar\/c7850e06d3ff63cdbaee88b7fc16e2f0?s=96&d=mm&r=g\",\"contentUrl\":\"https:\/\/secure.gravatar.com\/avatar\/c7850e06d3ff63cdbaee88b7fc16e2f0?s=96&d=mm&r=g\",\"caption\":\"Damien Dellerba\"},\"url\":\"https:\/\/www.ladiagonale.net\/index.php\/author\/damien\/\"}]}<\/script>\n<!-- \/ Yoast SEO plugin. -->","yoast_head_json":{"title":"Que la f\u00eate soit folle - La Diagonale","robots":{"index":"index","follow":"follow","max-snippet":"max-snippet:-1","max-image-preview":"max-image-preview:large","max-video-preview":"max-video-preview:-1"},"canonical":"https:\/\/www.ladiagonale.net\/index.php\/2024\/09\/28\/que-la-fete-soit-folle\/","og_locale":"fr_FR","og_type":"article","og_title":"Que la f\u00eate soit folle - La Diagonale","og_description":"Ce samedi (21h), l\u2019AS Monaco re\u00e7oit Montpellier pour la 6e journ\u00e9e de Ligue 1. Face \u00e0 une \u00e9quipe en grande difficult\u00e9, les Rouge et Blanc voudront frapper un grand coup. La circonstance l\u2019exige. Devant, le rythme ne semble pas parti pour ralentir. En pr\u00e9ambule de la 6e journ\u00e9e de championnat, Paris a battu Rennes (3-1) [...]","og_url":"https:\/\/www.ladiagonale.net\/index.php\/2024\/09\/28\/que-la-fete-soit-folle\/","og_site_name":"La Diagonale","article_published_time":"2024-09-28T12:22:43+00:00","article_modified_time":"2024-09-28T12:22:44+00:00","og_image":[{"width":1160,"height":650,"url":"https:\/\/www.ladiagonale.net\/wp-content\/uploads\/2024\/09\/ce\u0301le\u0301bration.png","type":"image\/png"}],"author":"Damien Dellerba","twitter_card":"summary_large_image","twitter_image":"https:\/\/www.ladiagonale.net\/wp-content\/uploads\/2024\/09\/ce\u0301le\u0301bration.png","twitter_misc":{"\u00c9crit par":"Damien Dellerba","Dur\u00e9e de lecture estim\u00e9e":"3 minutes"},"schema":{"@context":"https:\/\/schema.org","@graph":[{"@type":"WebPage","@id":"https:\/\/www.ladiagonale.net\/index.php\/2024\/09\/28\/que-la-fete-soit-folle\/","url":"https:\/\/www.ladiagonale.net\/index.php\/2024\/09\/28\/que-la-fete-soit-folle\/","name":"Que la f\u00eate soit folle - La Diagonale","isPartOf":{"@id":"https:\/\/www.ladiagonale.net\/#website"},"datePublished":"2024-09-28T12:22:43+00:00","dateModified":"2024-09-28T12:22:44+00:00","author":{"@id":"https:\/\/www.ladiagonale.net\/#\/schema\/person\/79ff1e7b0853ed01b2aa26e64ad300bf"},"breadcrumb":{"@id":"https:\/\/www.ladiagonale.net\/index.php\/2024\/09\/28\/que-la-fete-soit-folle\/#breadcrumb"},"inLanguage":"fr-FR","potentialAction":[{"@type":"ReadAction","target":["https:\/\/www.ladiagonale.net\/index.php\/2024\/09\/28\/que-la-fete-soit-folle\/"]}]},{"@type":"BreadcrumbList","@id":"https:\/\/www.ladiagonale.net\/index.php\/2024\/09\/28\/que-la-fete-soit-folle\/#breadcrumb","itemListElement":[{"@type":"ListItem","position":1,"name":"Accueil","item":"https:\/\/www.ladiagonale.net\/"},{"@type":"ListItem","position":2,"name":"Que la f\u00eate soit folle"}]},{"@type":"WebSite","@id":"https:\/\/www.ladiagonale.net\/#website","url":"https:\/\/www.ladiagonale.net\/","name":"La Diagonale","description":"Le site des supporters de l&#039;AS Monaco FC","potentialAction":[{"@type":"SearchAction","target":{"@type":"EntryPoint","urlTemplate":"https:\/\/www.ladiagonale.net\/?s={search_term_string}"},"query-input":"required name=search_term_string"}],"inLanguage":"fr-FR"},{"@type":"Person","@id":"https:\/\/www.ladiagonale.net\/#\/schema\/person\/79ff1e7b0853ed01b2aa26e64ad300bf","name":"Damien Dellerba","image":{"@type":"ImageObject","inLanguage":"fr-FR","@id":"https:\/\/www.ladiagonale.net\/#\/schema\/person\/image\/","url":"https:\/\/secure.gravatar.com\/avatar\/c7850e06d3ff63cdbaee88b7fc16e2f0?s=96&d=mm&r=g","contentUrl":"https:\/\/secure.gravatar.com\/avatar\/c7850e06d3ff63cdbaee88b7fc16e2f0?s=96&d=mm&r=g","caption":"Damien Dellerba"},"url":"https:\/\/www.ladiagonale.net\/index.php\/author\/damien\/"}]}},"_links":{"self":[{"href":"https:\/\/www.ladiagonale.net\/index.php\/wp-json\/wp\/v2\/posts\/26157"}],"collection":[{"href":"https:\/\/www.ladiagonale.net\/index.php\/wp-json\/wp\/v2\/posts"}],"about":[{"href":"https:\/\/www.ladiagonale.net\/index.php\/wp-json\/wp\/v2\/types\/post"}],"author":[{"embeddable":true,"href":"https:\/\/www.ladiagonale.net\/index.php\/wp-json\/wp\/v2\/users\/2"}],"replies":[{"embeddable":true,"href":"https:\/\/www.ladiagonale.net\/index.php\/wp-json\/wp\/v2\/comments?post=26157"}],"version-history":[{"count":1,"href":"https:\/\/www.ladiagonale.net\/index.php\/wp-json\/wp\/v2\/posts\/26157\/revisions"}],"predecessor-version":[{"id":26159,"href":"https:\/\/www.ladiagonale.net\/index.php\/wp-json\/wp\/v2\/posts\/26157\/revisions\/26159"}],"wp:featuredmedia":[{"embeddable":true,"href":"https:\/\/www.ladiagonale.net\/index.php\/wp-json\/wp\/v2\/media\/26158"}],"wp:attachment":[{"href":"https:\/\/www.ladiagonale.net\/index.php\/wp-json\/wp\/v2\/media?parent=26157"}],"wp:term":[{"taxonomy":"category","embeddable":true,"href":"https:\/\/www.ladiagonale.net\/index.php\/wp-json\/wp\/v2\/categories?post=26157"},{"taxonomy":"post_tag","embeddable":true,"href":"https:\/\/www.ladiagonale.net\/index.php\/wp-json\/wp\/v2\/tags?post=26157"}],"curies":[{"name":"wp","href":"https:\/\/api.w.org\/{rel}","templated":true}]}}