{"id":26160,"date":"2024-09-28T14:30:12","date_gmt":"2024-09-28T12:30:12","guid":{"rendered":"https:\/\/www.ladiagonale.net\/?p=26160"},"modified":"2024-09-28T14:30:12","modified_gmt":"2024-09-28T12:30:12","slug":"der-zakarian-veut-gacher-la-fete-monegasque","status":"publish","type":"post","link":"https:\/\/www.ladiagonale.net\/index.php\/2024\/09\/28\/der-zakarian-veut-gacher-la-fete-monegasque\/","title":{"rendered":"Der Zakarian veut g\u00e2cher la f\u00eate mon\u00e9gasque"},"content":{"rendered":"\n\n\n<p>On n\u2019en attendait pas moins de Michel Der Zakarian. L\u2019entra\u00eeneur de Montpellier, dont le poste est menac\u00e9, veut pouvoir embrayer sur son succ\u00e8s acquis la semaine pr\u00e9c\u00e9dente contre Auxerre et \u00e9chapper de cette zone de turbulences. Cela passera par un succ\u00e8s face \u00e0 l\u2019AS Monaco, ce qui, \u00e0 n\u2019en pas douter, viendrait g\u00e2cher la f\u00eate en Principaut\u00e9 : \u00ab\u00a0<em>Le centenaire de Monaco ? Ils jouent en noir. Les All Blacks ! Ils vont faire la f\u00eate mais j\u2019esp\u00e8re que nous, on f\u00eatera une victoire \u00e0 la fin (sourire). On aborde tous les matchs pour les gagner et il y a toujours une adversit\u00e9 en face de nous. \u00c0 nous d\u2019\u00eatre bon.<\/em>\u00a0\u00bb<\/p>\n\n\n\n<p>Sur un ton plus s\u00e9rieux, le technicien montpelli\u00e9rain voit l\u2019ASM comme un pr\u00e9tendant au titre et compte de nombreuses qualit\u00e9s dans les rangs mon\u00e9gasques :\u00a0\u00ab\u00a0<em>Monaco peut chatouiller le PSG. Ils sont en t\u00eate avec eux et Marseille. C\u2019est une \u00e9quipe tr\u00e8s athl\u00e9tique avec des joueurs tr\u00e8s techniques aussi. Ils additionnent tous les domaines et c\u2019est pour \u00e7a qu\u2019aujourd\u2019hui, ils sont en haut du classement et qu\u2019ils proposent du bon football. Ils sont efficaces et ils d\u00e9fendent bien. \u00c0 nous de contrecarrer leur d\u00e9fense, de faire du bon jeu et d\u2019\u00eatre pr\u00e9cis dans nos transmissions pour obtenir des d\u00e9calages, des bons centres. Sur les phases arr\u00eat\u00e9es aussi. Ce sont des armes importantes pour nous.<\/em>\u00a0\u00bb<\/p>\n\n\n\n<p class=\"has-text-align-right has-small-font-size\">Source : <em>Allez Paillade<\/em><\/p>\n","protected":false},"excerpt":{"rendered":"<p>On n\u2019en attendait pas moins de Michel Der Zakarian. L\u2019entra\u00eeneur de Montpellier, dont le poste est menac\u00e9, veut pouvoir embrayer sur son succ\u00e8s acquis la semaine pr\u00e9c\u00e9dente contre Auxerre et \u00e9chapper de cette zone de turbulences. Cela passera par un succ\u00e8s face \u00e0 l\u2019AS Monaco, ce qui, \u00e0 n\u2019en pas douter, viendrait g\u00e2cher la f\u00eate [&#8230;]\n","protected":false},"author":2,"featured_media":0,"comment_status":"open","ping_status":"open","sticky":false,"template":"","format":"standard","meta":[],"categories":[6],"tags":[86,94,521,478],"yoast_head":"<!-- This site is optimized with the Yoast SEO plugin v19.8 - https:\/\/yoast.com\/wordpress\/plugins\/seo\/ -->\n<title>Der Zakarian veut g\u00e2cher la f\u00eate mon\u00e9gasque - La Diagonale<\/title>\n<meta name=\"robots\" content=\"index, follow, max-snippet:-1, max-image-preview:large, max-video-preview:-1\" \/>\n<link rel=\"canonical\" href=\"https:\/\/www.ladiagonale.net\/index.php\/2024\/09\/28\/der-zakarian-veut-gacher-la-fete-monegasque\/\" \/>\n<meta property=\"og:locale\" content=\"fr_FR\" \/>\n<meta property=\"og:type\" content=\"article\" \/>\n<meta property=\"og:title\" content=\"Der Zakarian veut g\u00e2cher la f\u00eate mon\u00e9gasque - La Diagonale\" \/>\n<meta property=\"og:description\" content=\"On n\u2019en attendait pas moins de Michel Der Zakarian. L\u2019entra\u00eeneur de Montpellier, dont le poste est menac\u00e9, veut pouvoir embrayer sur son succ\u00e8s acquis la semaine pr\u00e9c\u00e9dente contre Auxerre et \u00e9chapper de cette zone de turbulences. Cela passera par un succ\u00e8s face \u00e0 l\u2019AS Monaco, ce qui, \u00e0 n\u2019en pas douter, viendrait g\u00e2cher la f\u00eate [...]\" \/>\n<meta property=\"og:url\" content=\"https:\/\/www.ladiagonale.net\/index.php\/2024\/09\/28\/der-zakarian-veut-gacher-la-fete-monegasque\/\" \/>\n<meta property=\"og:site_name\" content=\"La Diagonale\" \/>\n<meta property=\"article:published_time\" content=\"2024-09-28T12:30:12+00:00\" \/>\n<meta property=\"og:image\" content=\"https:\/\/www.ladiagonale.net\/wp-content\/uploads\/2023\/04\/der-zakarian.png\" \/>\n\t<meta property=\"og:image:width\" content=\"1160\" \/>\n\t<meta property=\"og:image:height\" content=\"650\" \/>\n\t<meta property=\"og:image:type\" content=\"image\/png\" \/>\n<meta name=\"author\" content=\"Damien Dellerba\" \/>\n<meta name=\"twitter:card\" content=\"summary_large_image\" \/>\n<meta name=\"twitter:image\" content=\"https:\/\/www.ladiagonale.net\/wp-content\/uploads\/2023\/04\/der-zakarian.png\" \/>\n<meta name=\"twitter:label1\" content=\"\u00c9crit par\" \/>\n\t<meta name=\"twitter:data1\" content=\"Damien Dellerba\" \/>\n\t<meta name=\"twitter:label2\" content=\"Dur\u00e9e de lecture estim\u00e9e\" \/>\n\t<meta name=\"twitter:data2\" content=\"2 minutes\" \/>\n<script type=\"application\/ld+json\" class=\"yoast-schema-graph\">{\"@context\":\"https:\/\/schema.org\",\"@graph\":[{\"@type\":\"WebPage\",\"@id\":\"https:\/\/www.ladiagonale.net\/index.php\/2024\/09\/28\/der-zakarian-veut-gacher-la-fete-monegasque\/\",\"url\":\"https:\/\/www.ladiagonale.net\/index.php\/2024\/09\/28\/der-zakarian-veut-gacher-la-fete-monegasque\/\",\"name\":\"Der Zakarian veut g\u00e2cher la f\u00eate mon\u00e9gasque - La Diagonale\",\"isPartOf\":{\"@id\":\"https:\/\/www.ladiagonale.net\/#website\"},\"datePublished\":\"2024-09-28T12:30:12+00:00\",\"dateModified\":\"2024-09-28T12:30:12+00:00\",\"author\":{\"@id\":\"https:\/\/www.ladiagonale.net\/#\/schema\/person\/79ff1e7b0853ed01b2aa26e64ad300bf\"},\"breadcrumb\":{\"@id\":\"https:\/\/www.ladiagonale.net\/index.php\/2024\/09\/28\/der-zakarian-veut-gacher-la-fete-monegasque\/#breadcrumb\"},\"inLanguage\":\"fr-FR\",\"potentialAction\":[{\"@type\":\"ReadAction\",\"target\":[\"https:\/\/www.ladiagonale.net\/index.php\/2024\/09\/28\/der-zakarian-veut-gacher-la-fete-monegasque\/\"]}]},{\"@type\":\"BreadcrumbList\",\"@id\":\"https:\/\/www.ladiagonale.net\/index.php\/2024\/09\/28\/der-zakarian-veut-gacher-la-fete-monegasque\/#breadcrumb\",\"itemListElement\":[{\"@type\":\"ListItem\",\"position\":1,\"name\":\"Accueil\",\"item\":\"https:\/\/www.ladiagonale.net\/\"},{\"@type\":\"ListItem\",\"position\":2,\"name\":\"Der Zakarian veut g\u00e2cher la f\u00eate mon\u00e9gasque\"}]},{\"@type\":\"WebSite\",\"@id\":\"https:\/\/www.ladiagonale.net\/#website\",\"url\":\"https:\/\/www.ladiagonale.net\/\",\"name\":\"La Diagonale\",\"description\":\"Le site des supporters de l&#039;AS Monaco FC\",\"potentialAction\":[{\"@type\":\"SearchAction\",\"target\":{\"@type\":\"EntryPoint\",\"urlTemplate\":\"https:\/\/www.ladiagonale.net\/?s={search_term_string}\"},\"query-input\":\"required name=search_term_string\"}],\"inLanguage\":\"fr-FR\"},{\"@type\":\"Person\",\"@id\":\"https:\/\/www.ladiagonale.net\/#\/schema\/person\/79ff1e7b0853ed01b2aa26e64ad300bf\",\"name\":\"Damien Dellerba\",\"image\":{\"@type\":\"ImageObject\",\"inLanguage\":\"fr-FR\",\"@id\":\"https:\/\/www.ladiagonale.net\/#\/schema\/person\/image\/\",\"url\":\"https:\/\/secure.gravatar.com\/avatar\/c7850e06d3ff63cdbaee88b7fc16e2f0?s=96&d=mm&r=g\",\"contentUrl\":\"https:\/\/secure.gravatar.com\/avatar\/c7850e06d3ff63cdbaee88b7fc16e2f0?s=96&d=mm&r=g\",\"caption\":\"Damien Dellerba\"},\"url\":\"https:\/\/www.ladiagonale.net\/index.php\/author\/damien\/\"}]}<\/script>\n<!-- \/ Yoast SEO plugin. -->","yoast_head_json":{"title":"Der Zakarian veut g\u00e2cher la f\u00eate mon\u00e9gasque - La Diagonale","robots":{"index":"index","follow":"follow","max-snippet":"max-snippet:-1","max-image-preview":"max-image-preview:large","max-video-preview":"max-video-preview:-1"},"canonical":"https:\/\/www.ladiagonale.net\/index.php\/2024\/09\/28\/der-zakarian-veut-gacher-la-fete-monegasque\/","og_locale":"fr_FR","og_type":"article","og_title":"Der Zakarian veut g\u00e2cher la f\u00eate mon\u00e9gasque - La Diagonale","og_description":"On n\u2019en attendait pas moins de Michel Der Zakarian. L\u2019entra\u00eeneur de Montpellier, dont le poste est menac\u00e9, veut pouvoir embrayer sur son succ\u00e8s acquis la semaine pr\u00e9c\u00e9dente contre Auxerre et \u00e9chapper de cette zone de turbulences. Cela passera par un succ\u00e8s face \u00e0 l\u2019AS Monaco, ce qui, \u00e0 n\u2019en pas douter, viendrait g\u00e2cher la f\u00eate [...]","og_url":"https:\/\/www.ladiagonale.net\/index.php\/2024\/09\/28\/der-zakarian-veut-gacher-la-fete-monegasque\/","og_site_name":"La Diagonale","article_published_time":"2024-09-28T12:30:12+00:00","og_image":[{"width":1160,"height":650,"url":"https:\/\/www.ladiagonale.net\/wp-content\/uploads\/2023\/04\/der-zakarian.png","type":"image\/png"}],"author":"Damien Dellerba","twitter_card":"summary_large_image","twitter_image":"https:\/\/www.ladiagonale.net\/wp-content\/uploads\/2023\/04\/der-zakarian.png","twitter_misc":{"\u00c9crit par":"Damien Dellerba","Dur\u00e9e de lecture estim\u00e9e":"2 minutes"},"schema":{"@context":"https:\/\/schema.org","@graph":[{"@type":"WebPage","@id":"https:\/\/www.ladiagonale.net\/index.php\/2024\/09\/28\/der-zakarian-veut-gacher-la-fete-monegasque\/","url":"https:\/\/www.ladiagonale.net\/index.php\/2024\/09\/28\/der-zakarian-veut-gacher-la-fete-monegasque\/","name":"Der Zakarian veut g\u00e2cher la f\u00eate mon\u00e9gasque - La Diagonale","isPartOf":{"@id":"https:\/\/www.ladiagonale.net\/#website"},"datePublished":"2024-09-28T12:30:12+00:00","dateModified":"2024-09-28T12:30:12+00:00","author":{"@id":"https:\/\/www.ladiagonale.net\/#\/schema\/person\/79ff1e7b0853ed01b2aa26e64ad300bf"},"breadcrumb":{"@id":"https:\/\/www.ladiagonale.net\/index.php\/2024\/09\/28\/der-zakarian-veut-gacher-la-fete-monegasque\/#breadcrumb"},"inLanguage":"fr-FR","potentialAction":[{"@type":"ReadAction","target":["https:\/\/www.ladiagonale.net\/index.php\/2024\/09\/28\/der-zakarian-veut-gacher-la-fete-monegasque\/"]}]},{"@type":"BreadcrumbList","@id":"https:\/\/www.ladiagonale.net\/index.php\/2024\/09\/28\/der-zakarian-veut-gacher-la-fete-monegasque\/#breadcrumb","itemListElement":[{"@type":"ListItem","position":1,"name":"Accueil","item":"https:\/\/www.ladiagonale.net\/"},{"@type":"ListItem","position":2,"name":"Der Zakarian veut g\u00e2cher la f\u00eate mon\u00e9gasque"}]},{"@type":"WebSite","@id":"https:\/\/www.ladiagonale.net\/#website","url":"https:\/\/www.ladiagonale.net\/","name":"La Diagonale","description":"Le site des supporters de l&#039;AS Monaco FC","potentialAction":[{"@type":"SearchAction","target":{"@type":"EntryPoint","urlTemplate":"https:\/\/www.ladiagonale.net\/?s={search_term_string}"},"query-input":"required name=search_term_string"}],"inLanguage":"fr-FR"},{"@type":"Person","@id":"https:\/\/www.ladiagonale.net\/#\/schema\/person\/79ff1e7b0853ed01b2aa26e64ad300bf","name":"Damien Dellerba","image":{"@type":"ImageObject","inLanguage":"fr-FR","@id":"https:\/\/www.ladiagonale.net\/#\/schema\/person\/image\/","url":"https:\/\/secure.gravatar.com\/avatar\/c7850e06d3ff63cdbaee88b7fc16e2f0?s=96&d=mm&r=g","contentUrl":"https:\/\/secure.gravatar.com\/avatar\/c7850e06d3ff63cdbaee88b7fc16e2f0?s=96&d=mm&r=g","caption":"Damien Dellerba"},"url":"https:\/\/www.ladiagonale.net\/index.php\/author\/damien\/"}]}},"_links":{"self":[{"href":"https:\/\/www.ladiagonale.net\/index.php\/wp-json\/wp\/v2\/posts\/26160"}],"collection":[{"href":"https:\/\/www.ladiagonale.net\/index.php\/wp-json\/wp\/v2\/posts"}],"about":[{"href":"https:\/\/www.ladiagonale.net\/index.php\/wp-json\/wp\/v2\/types\/post"}],"author":[{"embeddable":true,"href":"https:\/\/www.ladiagonale.net\/index.php\/wp-json\/wp\/v2\/users\/2"}],"replies":[{"embeddable":true,"href":"https:\/\/www.ladiagonale.net\/index.php\/wp-json\/wp\/v2\/comments?post=26160"}],"version-history":[{"count":1,"href":"https:\/\/www.ladiagonale.net\/index.php\/wp-json\/wp\/v2\/posts\/26160\/revisions"}],"predecessor-version":[{"id":26161,"href":"https:\/\/www.ladiagonale.net\/index.php\/wp-json\/wp\/v2\/posts\/26160\/revisions\/26161"}],"wp:attachment":[{"href":"https:\/\/www.ladiagonale.net\/index.php\/wp-json\/wp\/v2\/media?parent=26160"}],"wp:term":[{"taxonomy":"category","embeddable":true,"href":"https:\/\/www.ladiagonale.net\/index.php\/wp-json\/wp\/v2\/categories?post=26160"},{"taxonomy":"post_tag","embeddable":true,"href":"https:\/\/www.ladiagonale.net\/index.php\/wp-json\/wp\/v2\/tags?post=26160"}],"curies":[{"name":"wp","href":"https:\/\/api.w.org\/{rel}","templated":true}]}}