{"id":26162,"date":"2024-09-28T17:58:47","date_gmt":"2024-09-28T15:58:47","guid":{"rendered":"https:\/\/www.ladiagonale.net\/?p=26162"},"modified":"2024-09-28T17:58:49","modified_gmt":"2024-09-28T15:58:49","slug":"scuro-pas-dindividu-au-dessus-de-lesprit-dequipe","status":"publish","type":"post","link":"https:\/\/www.ladiagonale.net\/index.php\/2024\/09\/28\/scuro-pas-dindividu-au-dessus-de-lesprit-dequipe\/","title":{"rendered":"Scuro : \u00ab\u00a0Pas d\u2019individu au-dessus de l\u2019esprit d\u2019\u00e9quipe\u00a0\u00bb"},"content":{"rendered":"\n<p>En marge de la rencontre face \u00e0 Montpellier, Thiago Scuro s\u2019est livr\u00e9 \u00e0 la presse. Le niveau de l\u2019\u00e9quipe et son potentiel ont \u00e9t\u00e9 les axes principaux de l\u2019entretien donn\u00e9 \u00e0 <em>Get Football France<\/em>, et la rencontre face \u00e0 Barcelone en Ligue des champions a notamment pu rassurer : \u00ab <em>Cela montre que nos joueurs, dont certains disputaient leur premier match de C1, que nous pouvons jouer \u00e0 ce niveau et que nous pouvons construire une \u00e9quipe. Nous devons penser comme une \u00e9quipe ; il n&rsquo;y a pas d&rsquo;individu au-dessus de l&rsquo;esprit d&rsquo;\u00e9quipe, de l\u2019objectif collectif, et je pense que nous pouvons utiliser tout ce qui s&rsquo;est pass\u00e9 dans ce match de mani\u00e8re positive. (&#8230;) Il est clair que le potentiel est l\u00e0.<\/em>\u00a0\u00bb<\/p>\n\n\n\n<p>Le directeur g\u00e9n\u00e9ral esp\u00e8re que son \u00e9quipe fera un bon parcours europ\u00e9en, m\u00eame s&rsquo;il y a encore beaucoup d&rsquo;inconnues \u00e0 ce propos. En championnat, l&rsquo;objectif sera d&rsquo;\u00eatre dans le top 3. Parler de titre n&rsquo;est pas opportun \u00e0 l&rsquo;instant T pour le Br\u00e9silien : \u00ab\u00a0<em>Pour moi, il est trop t\u00f4t. L\u2019ann\u00e9e derni\u00e8re, \u00e0 ce stade, nous \u00e9tions en t\u00eate du championnat. Nous n&rsquo;\u00e9tions pas troisi\u00e8mes. Au final, le PSG a termin\u00e9 avec neuf points d&rsquo;avance sur nous. Selon moi, nous devons rester concentr\u00e9s sur le travail quotidien, match par match, et si nous parvenons \u00e0 nous retrouver dans une position similaire en avril, avec le m\u00eame \u00e9cart de points, alors nous pourrons peut-\u00eatre discuter de ce que nous pouvons faire lors des quatre ou cinq derniers matches afin de nous battre \u00e0 nouveau pour la deuxi\u00e8me place ou m\u00eame pour le titre, mais \u00e0 ce stade, il est trop t\u00f4t pour discuter de cette possibilit\u00e9. (\u2026) Nous nous attendons \u00e0 ce que le championnat soit plus comp\u00e9titif, plus attractif et \u00e0 ce que nous nous maintenions dans le trio de t\u00eate.<\/em>\u00a0\u00bb<\/p>\n\n\n\n<p>Pour guider l&rsquo;\u00e9quipe, le Directeur g\u00e9n\u00e9ral de l&rsquo;ASM a toute confiance en son entra\u00eeneur Adi H\u00fctter : \u00ab\u00a0<em>Adi correspond vraiment \u00e0 notre fa\u00e7on de travailler. Il a une id\u00e9e claire du jeu et il est tr\u00e8s simple dans sa fa\u00e7on de la partager avec les joueurs. Il a \u00e9galement des comp\u00e9tences de leadership tr\u00e8s positives avec le staff et les joueurs et je suis presque s\u00fbr qu\u2019il ressent la m\u00eame chose que moi, \u00e0 savoir que nous cr\u00e9ons pas \u00e0 pas un bon environnement. (\u2026) Nous sommes heureux de l&rsquo;\u00e9quipe que nous avons ici et nous f\u00e9licitons vivement notre entra\u00eeneur, Adi, qui est en train de construire une histoire solide ici \u00e0 l&rsquo;AS Monaco.<\/em>\u00a0\u00bb<\/p>\n\n\n\n<h3>Scuro veut un effectif compos\u00e9 de 50% des joueurs de l&rsquo;Academy d&rsquo;ici trois ans<\/h3>\n\n\n\n<p>Avec Scuro, la jeunesse est plus que jamais mise en avant \u00e0 l&rsquo;ASM. Cette strat\u00e9gie bas\u00e9e avait d\u00e9j\u00e0 \u00e9t\u00e9 \u00e9bauch\u00e9e avec Paul Mitchell mais elle est d\u00e9sormais centrale : \u00ab\u00a0<em>Nous en avons beaucoup discut\u00e9 sur le march\u00e9 des transferts, o\u00f9 nous avons sign\u00e9 quatre joueurs, dont trois \u00e2g\u00e9s d&rsquo;une vingtaine d&rsquo;ann\u00e9es. Cela va parfois \u00e0 l&rsquo;encontre des attentes des supporters, mais nous y croyons. (&#8230;) C\u2019est l&rsquo;histoire du club. C&rsquo;est ainsi que nous pensons que nous devons continuer \u00e0 travailler. Le fait d&rsquo;avoir autant de jeunes joueurs sur le terrain jouant un match de ce niveau sera certainement un grand, grand pas en avant pour leur permettre de devenir des joueurs de plus haut niveau \u00e0 l&rsquo;avenir et c&rsquo;est la strat\u00e9gie que nous avons pour rester fid\u00e8les \u00e0 nos principes de jeu et aussi \u00e0 notre strat\u00e9gie \u00e0 long terme.<\/em>\u00a0\u00bb\u00a0<\/p>\n\n\n\n<p>La question de la formation est tout aussi centrale car elle pourra assurer de nombreux revenus \u00e0 l&rsquo;ASM dans le futur et contribuer \u00e0 p\u00e9renniser son mod\u00e8le \u00e9conomique, comme Scuro l&rsquo;a \u00e9voqu\u00e9 sur <em>Forbes<\/em>, d\u00e9taillant cette strat\u00e9gie et la place de Monaco dans le football mondial : \u00ab <em>Le recrutement n&rsquo;est pas la partie la plus difficile : c&rsquo;est le d\u00e9veloppement qui l&rsquo;est. Le d\u00e9veloppement de nos propres joueurs est essentiel pour r\u00e9duire le risque li\u00e9 au transfert de joueurs. Parce que nous devons accepter le fait que nos meilleurs joueurs finiront par \u00eatre acquis par des clubs plus riches, lorsque cela se produit, nous nous effor\u00e7ons de remplacer ce joueur par un de notre centre plut\u00f4t que d&rsquo;avoir \u00e0 l&rsquo;acheter \u00e0 une autre \u00e9quipe. D&rsquo;un point de vue commercial, le sc\u00e9nario id\u00e9al est de signer un contrat de cinq ans avec un joueur, de d\u00e9velopper ses performances sportives et de le vendre apr\u00e8s la troisi\u00e8me ann\u00e9e. De cette fa\u00e7on, vous \u00eates en mesure de rentabiliser le joueur au moment o\u00f9 sa valeur marchande est la plus \u00e9lev\u00e9e.<\/em>\u00a0\u00bb<\/p>\n\n\n\n<p>Et le Br\u00e9silien de conclure avec un souhait : \u00ab\u00a0<em>Dans les trois prochaines ann\u00e9es, nous aimerions que 50 % de l&rsquo;effectif de l&rsquo;\u00e9quipe premi\u00e8re soit compos\u00e9 de joueurs issus de notre Acad\u00e9mie, dans laquelle nous investissons plus de 10 millions d&rsquo;euros par an. Pour atteindre ce chiffre, nous devons accorder de plus en plus d&rsquo;attention au secteur des jeunes et au Groupe Elite.<\/em>\u00a0\u00bb<\/p>\n\n\n\n<p class=\"has-text-align-right has-small-font-size\">Les entretiens complets (en anglais) sont \u00e0 retrouver sur <em><a href=\"https:\/\/www.getfootballnewsfrance.com\/2024\/interview-we-believe-in-this-way-as-monacos-thiago-scuro-perpetuating-tradition-ahead-of-historic-night\/\" target=\"_blank\" rel=\"noreferrer noopener\">Get Football France<\/a><\/em> et <a href=\"https:\/\/www.forbes.com\/sites\/danieleproch\/2024\/09\/27\/as-monaco-ceo-thiago-scuro-discusses-goals-and-challenges-ahead-of-centenary-game\/\" target=\"_blank\" rel=\"noreferrer noopener\"><em>Forbes<\/em><\/a> <\/p>\n\n\n\n<p><\/p>\n","protected":false},"excerpt":{"rendered":"<p>En marge de la rencontre face \u00e0 Montpellier, Thiago Scuro s\u2019est livr\u00e9 \u00e0 la presse. Le niveau de l\u2019\u00e9quipe et son potentiel ont \u00e9t\u00e9 les axes principaux de l\u2019entretien donn\u00e9 \u00e0 Get Football France, et la rencontre face \u00e0 Barcelone en Ligue des champions a notamment pu rassurer : \u00ab Cela montre que nos joueurs, [&#8230;]\n","protected":false},"author":2,"featured_media":0,"comment_status":"open","ping_status":"open","sticky":false,"template":"","format":"standard","meta":[],"categories":[6],"tags":[86,479],"yoast_head":"<!-- This site is optimized with the Yoast SEO plugin v19.8 - https:\/\/yoast.com\/wordpress\/plugins\/seo\/ -->\n<title>Scuro : \u00ab\u00a0Pas d\u2019individu au-dessus de l\u2019esprit d\u2019\u00e9quipe\u00a0\u00bb - La Diagonale<\/title>\n<meta name=\"robots\" content=\"index, follow, max-snippet:-1, max-image-preview:large, max-video-preview:-1\" \/>\n<link rel=\"canonical\" href=\"https:\/\/www.ladiagonale.net\/index.php\/2024\/09\/28\/scuro-pas-dindividu-au-dessus-de-lesprit-dequipe\/\" \/>\n<meta property=\"og:locale\" content=\"fr_FR\" \/>\n<meta property=\"og:type\" content=\"article\" \/>\n<meta property=\"og:title\" content=\"Scuro : \u00ab\u00a0Pas d\u2019individu au-dessus de l\u2019esprit d\u2019\u00e9quipe\u00a0\u00bb - La Diagonale\" \/>\n<meta property=\"og:description\" content=\"En marge de la rencontre face \u00e0 Montpellier, Thiago Scuro s\u2019est livr\u00e9 \u00e0 la presse. Le niveau de l\u2019\u00e9quipe et son potentiel ont \u00e9t\u00e9 les axes principaux de l\u2019entretien donn\u00e9 \u00e0 Get Football France, et la rencontre face \u00e0 Barcelone en Ligue des champions a notamment pu rassurer : \u00ab Cela montre que nos joueurs, [...]\" \/>\n<meta property=\"og:url\" content=\"https:\/\/www.ladiagonale.net\/index.php\/2024\/09\/28\/scuro-pas-dindividu-au-dessus-de-lesprit-dequipe\/\" \/>\n<meta property=\"og:site_name\" content=\"La Diagonale\" \/>\n<meta property=\"article:published_time\" content=\"2024-09-28T15:58:47+00:00\" \/>\n<meta property=\"article:modified_time\" content=\"2024-09-28T15:58:49+00:00\" \/>\n<meta property=\"og:image\" content=\"https:\/\/www.ladiagonale.net\/wp-content\/uploads\/2023\/07\/scuro.png\" \/>\n\t<meta property=\"og:image:width\" content=\"1160\" \/>\n\t<meta property=\"og:image:height\" content=\"650\" \/>\n\t<meta property=\"og:image:type\" content=\"image\/png\" \/>\n<meta name=\"author\" content=\"Damien Dellerba\" \/>\n<meta name=\"twitter:card\" content=\"summary_large_image\" \/>\n<meta name=\"twitter:image\" content=\"https:\/\/www.ladiagonale.net\/wp-content\/uploads\/2023\/07\/scuro.png\" \/>\n<meta name=\"twitter:label1\" content=\"\u00c9crit par\" \/>\n\t<meta name=\"twitter:data1\" content=\"Damien Dellerba\" \/>\n\t<meta name=\"twitter:label2\" content=\"Dur\u00e9e de lecture estim\u00e9e\" \/>\n\t<meta name=\"twitter:data2\" content=\"5 minutes\" \/>\n<script type=\"application\/ld+json\" class=\"yoast-schema-graph\">{\"@context\":\"https:\/\/schema.org\",\"@graph\":[{\"@type\":\"WebPage\",\"@id\":\"https:\/\/www.ladiagonale.net\/index.php\/2024\/09\/28\/scuro-pas-dindividu-au-dessus-de-lesprit-dequipe\/\",\"url\":\"https:\/\/www.ladiagonale.net\/index.php\/2024\/09\/28\/scuro-pas-dindividu-au-dessus-de-lesprit-dequipe\/\",\"name\":\"Scuro : \u00ab\u00a0Pas d\u2019individu au-dessus de l\u2019esprit d\u2019\u00e9quipe\u00a0\u00bb - La Diagonale\",\"isPartOf\":{\"@id\":\"https:\/\/www.ladiagonale.net\/#website\"},\"datePublished\":\"2024-09-28T15:58:47+00:00\",\"dateModified\":\"2024-09-28T15:58:49+00:00\",\"author\":{\"@id\":\"https:\/\/www.ladiagonale.net\/#\/schema\/person\/79ff1e7b0853ed01b2aa26e64ad300bf\"},\"breadcrumb\":{\"@id\":\"https:\/\/www.ladiagonale.net\/index.php\/2024\/09\/28\/scuro-pas-dindividu-au-dessus-de-lesprit-dequipe\/#breadcrumb\"},\"inLanguage\":\"fr-FR\",\"potentialAction\":[{\"@type\":\"ReadAction\",\"target\":[\"https:\/\/www.ladiagonale.net\/index.php\/2024\/09\/28\/scuro-pas-dindividu-au-dessus-de-lesprit-dequipe\/\"]}]},{\"@type\":\"BreadcrumbList\",\"@id\":\"https:\/\/www.ladiagonale.net\/index.php\/2024\/09\/28\/scuro-pas-dindividu-au-dessus-de-lesprit-dequipe\/#breadcrumb\",\"itemListElement\":[{\"@type\":\"ListItem\",\"position\":1,\"name\":\"Accueil\",\"item\":\"https:\/\/www.ladiagonale.net\/\"},{\"@type\":\"ListItem\",\"position\":2,\"name\":\"Scuro : \u00ab\u00a0Pas d\u2019individu au-dessus de l\u2019esprit d\u2019\u00e9quipe\u00a0\u00bb\"}]},{\"@type\":\"WebSite\",\"@id\":\"https:\/\/www.ladiagonale.net\/#website\",\"url\":\"https:\/\/www.ladiagonale.net\/\",\"name\":\"La Diagonale\",\"description\":\"Le site des supporters de l&#039;AS Monaco FC\",\"potentialAction\":[{\"@type\":\"SearchAction\",\"target\":{\"@type\":\"EntryPoint\",\"urlTemplate\":\"https:\/\/www.ladiagonale.net\/?s={search_term_string}\"},\"query-input\":\"required name=search_term_string\"}],\"inLanguage\":\"fr-FR\"},{\"@type\":\"Person\",\"@id\":\"https:\/\/www.ladiagonale.net\/#\/schema\/person\/79ff1e7b0853ed01b2aa26e64ad300bf\",\"name\":\"Damien Dellerba\",\"image\":{\"@type\":\"ImageObject\",\"inLanguage\":\"fr-FR\",\"@id\":\"https:\/\/www.ladiagonale.net\/#\/schema\/person\/image\/\",\"url\":\"https:\/\/secure.gravatar.com\/avatar\/c7850e06d3ff63cdbaee88b7fc16e2f0?s=96&d=mm&r=g\",\"contentUrl\":\"https:\/\/secure.gravatar.com\/avatar\/c7850e06d3ff63cdbaee88b7fc16e2f0?s=96&d=mm&r=g\",\"caption\":\"Damien Dellerba\"},\"url\":\"https:\/\/www.ladiagonale.net\/index.php\/author\/damien\/\"}]}<\/script>\n<!-- \/ Yoast SEO plugin. -->","yoast_head_json":{"title":"Scuro : \u00ab\u00a0Pas d\u2019individu au-dessus de l\u2019esprit d\u2019\u00e9quipe\u00a0\u00bb - La Diagonale","robots":{"index":"index","follow":"follow","max-snippet":"max-snippet:-1","max-image-preview":"max-image-preview:large","max-video-preview":"max-video-preview:-1"},"canonical":"https:\/\/www.ladiagonale.net\/index.php\/2024\/09\/28\/scuro-pas-dindividu-au-dessus-de-lesprit-dequipe\/","og_locale":"fr_FR","og_type":"article","og_title":"Scuro : \u00ab\u00a0Pas d\u2019individu au-dessus de l\u2019esprit d\u2019\u00e9quipe\u00a0\u00bb - La Diagonale","og_description":"En marge de la rencontre face \u00e0 Montpellier, Thiago Scuro s\u2019est livr\u00e9 \u00e0 la presse. Le niveau de l\u2019\u00e9quipe et son potentiel ont \u00e9t\u00e9 les axes principaux de l\u2019entretien donn\u00e9 \u00e0 Get Football France, et la rencontre face \u00e0 Barcelone en Ligue des champions a notamment pu rassurer : \u00ab Cela montre que nos joueurs, [...]","og_url":"https:\/\/www.ladiagonale.net\/index.php\/2024\/09\/28\/scuro-pas-dindividu-au-dessus-de-lesprit-dequipe\/","og_site_name":"La Diagonale","article_published_time":"2024-09-28T15:58:47+00:00","article_modified_time":"2024-09-28T15:58:49+00:00","og_image":[{"width":1160,"height":650,"url":"https:\/\/www.ladiagonale.net\/wp-content\/uploads\/2023\/07\/scuro.png","type":"image\/png"}],"author":"Damien Dellerba","twitter_card":"summary_large_image","twitter_image":"https:\/\/www.ladiagonale.net\/wp-content\/uploads\/2023\/07\/scuro.png","twitter_misc":{"\u00c9crit par":"Damien Dellerba","Dur\u00e9e de lecture estim\u00e9e":"5 minutes"},"schema":{"@context":"https:\/\/schema.org","@graph":[{"@type":"WebPage","@id":"https:\/\/www.ladiagonale.net\/index.php\/2024\/09\/28\/scuro-pas-dindividu-au-dessus-de-lesprit-dequipe\/","url":"https:\/\/www.ladiagonale.net\/index.php\/2024\/09\/28\/scuro-pas-dindividu-au-dessus-de-lesprit-dequipe\/","name":"Scuro : \u00ab\u00a0Pas d\u2019individu au-dessus de l\u2019esprit d\u2019\u00e9quipe\u00a0\u00bb - La Diagonale","isPartOf":{"@id":"https:\/\/www.ladiagonale.net\/#website"},"datePublished":"2024-09-28T15:58:47+00:00","dateModified":"2024-09-28T15:58:49+00:00","author":{"@id":"https:\/\/www.ladiagonale.net\/#\/schema\/person\/79ff1e7b0853ed01b2aa26e64ad300bf"},"breadcrumb":{"@id":"https:\/\/www.ladiagonale.net\/index.php\/2024\/09\/28\/scuro-pas-dindividu-au-dessus-de-lesprit-dequipe\/#breadcrumb"},"inLanguage":"fr-FR","potentialAction":[{"@type":"ReadAction","target":["https:\/\/www.ladiagonale.net\/index.php\/2024\/09\/28\/scuro-pas-dindividu-au-dessus-de-lesprit-dequipe\/"]}]},{"@type":"BreadcrumbList","@id":"https:\/\/www.ladiagonale.net\/index.php\/2024\/09\/28\/scuro-pas-dindividu-au-dessus-de-lesprit-dequipe\/#breadcrumb","itemListElement":[{"@type":"ListItem","position":1,"name":"Accueil","item":"https:\/\/www.ladiagonale.net\/"},{"@type":"ListItem","position":2,"name":"Scuro : \u00ab\u00a0Pas d\u2019individu au-dessus de l\u2019esprit d\u2019\u00e9quipe\u00a0\u00bb"}]},{"@type":"WebSite","@id":"https:\/\/www.ladiagonale.net\/#website","url":"https:\/\/www.ladiagonale.net\/","name":"La Diagonale","description":"Le site des supporters de l&#039;AS Monaco FC","potentialAction":[{"@type":"SearchAction","target":{"@type":"EntryPoint","urlTemplate":"https:\/\/www.ladiagonale.net\/?s={search_term_string}"},"query-input":"required name=search_term_string"}],"inLanguage":"fr-FR"},{"@type":"Person","@id":"https:\/\/www.ladiagonale.net\/#\/schema\/person\/79ff1e7b0853ed01b2aa26e64ad300bf","name":"Damien Dellerba","image":{"@type":"ImageObject","inLanguage":"fr-FR","@id":"https:\/\/www.ladiagonale.net\/#\/schema\/person\/image\/","url":"https:\/\/secure.gravatar.com\/avatar\/c7850e06d3ff63cdbaee88b7fc16e2f0?s=96&d=mm&r=g","contentUrl":"https:\/\/secure.gravatar.com\/avatar\/c7850e06d3ff63cdbaee88b7fc16e2f0?s=96&d=mm&r=g","caption":"Damien Dellerba"},"url":"https:\/\/www.ladiagonale.net\/index.php\/author\/damien\/"}]}},"_links":{"self":[{"href":"https:\/\/www.ladiagonale.net\/index.php\/wp-json\/wp\/v2\/posts\/26162"}],"collection":[{"href":"https:\/\/www.ladiagonale.net\/index.php\/wp-json\/wp\/v2\/posts"}],"about":[{"href":"https:\/\/www.ladiagonale.net\/index.php\/wp-json\/wp\/v2\/types\/post"}],"author":[{"embeddable":true,"href":"https:\/\/www.ladiagonale.net\/index.php\/wp-json\/wp\/v2\/users\/2"}],"replies":[{"embeddable":true,"href":"https:\/\/www.ladiagonale.net\/index.php\/wp-json\/wp\/v2\/comments?post=26162"}],"version-history":[{"count":1,"href":"https:\/\/www.ladiagonale.net\/index.php\/wp-json\/wp\/v2\/posts\/26162\/revisions"}],"predecessor-version":[{"id":26163,"href":"https:\/\/www.ladiagonale.net\/index.php\/wp-json\/wp\/v2\/posts\/26162\/revisions\/26163"}],"wp:attachment":[{"href":"https:\/\/www.ladiagonale.net\/index.php\/wp-json\/wp\/v2\/media?parent=26162"}],"wp:term":[{"taxonomy":"category","embeddable":true,"href":"https:\/\/www.ladiagonale.net\/index.php\/wp-json\/wp\/v2\/categories?post=26162"},{"taxonomy":"post_tag","embeddable":true,"href":"https:\/\/www.ladiagonale.net\/index.php\/wp-json\/wp\/v2\/tags?post=26162"}],"curies":[{"name":"wp","href":"https:\/\/api.w.org\/{rel}","templated":true}]}}