{"id":26220,"date":"2024-10-01T10:51:40","date_gmt":"2024-10-01T08:51:40","guid":{"rendered":"https:\/\/www.ladiagonale.net\/?p=26220"},"modified":"2024-10-01T10:51:42","modified_gmt":"2024-10-01T08:51:42","slug":"le-groupe-monegasque-majecki-fait-son-retour","status":"publish","type":"post","link":"https:\/\/www.ladiagonale.net\/index.php\/2024\/10\/01\/le-groupe-monegasque-majecki-fait-son-retour\/","title":{"rendered":"Le groupe mon\u00e9gasque : Majecki fait son retour"},"content":{"rendered":"\n<p>\u00c0 la veille de la rencontre face au Dinamo Zagreb pour la 2<sup>e<\/sup> journ\u00e9e de la Ligue des champions, le groupe de l\u2019AS Monaco a \u00e9t\u00e9 communiqu\u00e9. Bonne nouvelle pour Adi H\u00fctter puisque Radoslaw Majecki sera du voyage en Croatie. Le portier polonais fait partie du groupe de 23 joueurs convoqu\u00e9s. M\u00eame s\u2019il est probablement trop t\u00f4t pour le revoir dans le onze de d\u00e9part, sa pr\u00e9sence signifie au moins que ses probl\u00e8mes \u00e0 la cheville droite sont derri\u00e8re lui.<\/p>\n\n\n\n<p>Pour le reste, le groupe est au complet, puisque seuls Edan Diop et Mamadou Coulibaly sont sur le flanc, mais ils n\u2019ont pas encore jou\u00e9 de la saison. M\u00e9nag\u00e9 contre Montpellier le week-end dernier, Takumi Minamino est lui aussi r\u00e9int\u00e9gr\u00e9, comme l&rsquo;avait annonc\u00e9 H\u00fctter apr\u00e8s la rencontre du centenaire.<\/p>\n\n\n\n<h3>Le groupe mon\u00e9gasque<\/h3>\n\n\n\n<ul><li><strong>Gardiens :<\/strong> K\u00f6hn, Lienard, Majecki.<\/li><li><strong>D\u00e9fenseurs : <\/strong>C. Henrique, Kehrer, Mawissa, Ouattara, Salisu, Singo, Teze, Vanderson.<\/li><li><strong>Milieux :<\/strong> Akliouche, Ben Seghir, Camara, Diatta, Golovin, Magassa, Matazo, Minamino, Zakaria.<\/li><li><strong>Attaquants : <\/strong>Balogun, Embolo, Ilenikhena.<\/li><\/ul>\n\n\n\n<p><em>Absents : <\/em>Diop, Coulibaly (bless\u00e9s), Stawiecki (choix).<\/p>\n\n\n","protected":false},"excerpt":{"rendered":"<p>\u00c0 la veille de la rencontre face au Dinamo Zagreb pour la 2e journ\u00e9e de la Ligue des champions, le groupe de l\u2019AS Monaco a \u00e9t\u00e9 communiqu\u00e9. Bonne nouvelle pour Adi H\u00fctter puisque Radoslaw Majecki sera du voyage en Croatie. Le portier polonais fait partie du groupe de 23 joueurs convoqu\u00e9s. M\u00eame s\u2019il est probablement [&#8230;]\n","protected":false},"author":2,"featured_media":0,"comment_status":"open","ping_status":"open","sticky":false,"template":"","format":"standard","meta":[],"categories":[4,6],"tags":[86,927,225,287],"yoast_head":"<!-- This site is optimized with the Yoast SEO plugin v19.8 - https:\/\/yoast.com\/wordpress\/plugins\/seo\/ -->\n<title>Le groupe mon\u00e9gasque : Majecki fait son retour - La Diagonale<\/title>\n<meta name=\"robots\" content=\"index, follow, max-snippet:-1, max-image-preview:large, max-video-preview:-1\" \/>\n<link rel=\"canonical\" href=\"https:\/\/www.ladiagonale.net\/index.php\/2024\/10\/01\/le-groupe-monegasque-majecki-fait-son-retour\/\" \/>\n<meta property=\"og:locale\" content=\"fr_FR\" \/>\n<meta property=\"og:type\" content=\"article\" \/>\n<meta property=\"og:title\" content=\"Le groupe mon\u00e9gasque : Majecki fait son retour - La Diagonale\" \/>\n<meta property=\"og:description\" content=\"\u00c0 la veille de la rencontre face au Dinamo Zagreb pour la 2e journ\u00e9e de la Ligue des champions, le groupe de l\u2019AS Monaco a \u00e9t\u00e9 communiqu\u00e9. Bonne nouvelle pour Adi H\u00fctter puisque Radoslaw Majecki sera du voyage en Croatie. Le portier polonais fait partie du groupe de 23 joueurs convoqu\u00e9s. M\u00eame s\u2019il est probablement [...]\" \/>\n<meta property=\"og:url\" content=\"https:\/\/www.ladiagonale.net\/index.php\/2024\/10\/01\/le-groupe-monegasque-majecki-fait-son-retour\/\" \/>\n<meta property=\"og:site_name\" content=\"La Diagonale\" \/>\n<meta property=\"article:published_time\" content=\"2024-10-01T08:51:40+00:00\" \/>\n<meta property=\"article:modified_time\" content=\"2024-10-01T08:51:42+00:00\" \/>\n<meta property=\"og:image\" content=\"https:\/\/www.ladiagonale.net\/wp-content\/uploads\/2024\/04\/Majecki2.png\" \/>\n\t<meta property=\"og:image:width\" content=\"1160\" \/>\n\t<meta property=\"og:image:height\" content=\"650\" \/>\n\t<meta property=\"og:image:type\" content=\"image\/png\" \/>\n<meta name=\"author\" content=\"Damien Dellerba\" \/>\n<meta name=\"twitter:card\" content=\"summary_large_image\" \/>\n<meta name=\"twitter:image\" content=\"https:\/\/www.ladiagonale.net\/wp-content\/uploads\/2024\/04\/Majecki2.png\" \/>\n<meta name=\"twitter:label1\" content=\"\u00c9crit par\" \/>\n\t<meta name=\"twitter:data1\" content=\"Damien Dellerba\" \/>\n\t<meta name=\"twitter:label2\" content=\"Dur\u00e9e de lecture estim\u00e9e\" \/>\n\t<meta name=\"twitter:data2\" content=\"1 minute\" \/>\n<script type=\"application\/ld+json\" class=\"yoast-schema-graph\">{\"@context\":\"https:\/\/schema.org\",\"@graph\":[{\"@type\":\"WebPage\",\"@id\":\"https:\/\/www.ladiagonale.net\/index.php\/2024\/10\/01\/le-groupe-monegasque-majecki-fait-son-retour\/\",\"url\":\"https:\/\/www.ladiagonale.net\/index.php\/2024\/10\/01\/le-groupe-monegasque-majecki-fait-son-retour\/\",\"name\":\"Le groupe mon\u00e9gasque : Majecki fait son retour - La Diagonale\",\"isPartOf\":{\"@id\":\"https:\/\/www.ladiagonale.net\/#website\"},\"datePublished\":\"2024-10-01T08:51:40+00:00\",\"dateModified\":\"2024-10-01T08:51:42+00:00\",\"author\":{\"@id\":\"https:\/\/www.ladiagonale.net\/#\/schema\/person\/79ff1e7b0853ed01b2aa26e64ad300bf\"},\"breadcrumb\":{\"@id\":\"https:\/\/www.ladiagonale.net\/index.php\/2024\/10\/01\/le-groupe-monegasque-majecki-fait-son-retour\/#breadcrumb\"},\"inLanguage\":\"fr-FR\",\"potentialAction\":[{\"@type\":\"ReadAction\",\"target\":[\"https:\/\/www.ladiagonale.net\/index.php\/2024\/10\/01\/le-groupe-monegasque-majecki-fait-son-retour\/\"]}]},{\"@type\":\"BreadcrumbList\",\"@id\":\"https:\/\/www.ladiagonale.net\/index.php\/2024\/10\/01\/le-groupe-monegasque-majecki-fait-son-retour\/#breadcrumb\",\"itemListElement\":[{\"@type\":\"ListItem\",\"position\":1,\"name\":\"Accueil\",\"item\":\"https:\/\/www.ladiagonale.net\/\"},{\"@type\":\"ListItem\",\"position\":2,\"name\":\"Le groupe mon\u00e9gasque : Majecki fait son retour\"}]},{\"@type\":\"WebSite\",\"@id\":\"https:\/\/www.ladiagonale.net\/#website\",\"url\":\"https:\/\/www.ladiagonale.net\/\",\"name\":\"La Diagonale\",\"description\":\"Le site des supporters de l&#039;AS Monaco FC\",\"potentialAction\":[{\"@type\":\"SearchAction\",\"target\":{\"@type\":\"EntryPoint\",\"urlTemplate\":\"https:\/\/www.ladiagonale.net\/?s={search_term_string}\"},\"query-input\":\"required name=search_term_string\"}],\"inLanguage\":\"fr-FR\"},{\"@type\":\"Person\",\"@id\":\"https:\/\/www.ladiagonale.net\/#\/schema\/person\/79ff1e7b0853ed01b2aa26e64ad300bf\",\"name\":\"Damien Dellerba\",\"image\":{\"@type\":\"ImageObject\",\"inLanguage\":\"fr-FR\",\"@id\":\"https:\/\/www.ladiagonale.net\/#\/schema\/person\/image\/\",\"url\":\"https:\/\/secure.gravatar.com\/avatar\/c7850e06d3ff63cdbaee88b7fc16e2f0?s=96&d=mm&r=g\",\"contentUrl\":\"https:\/\/secure.gravatar.com\/avatar\/c7850e06d3ff63cdbaee88b7fc16e2f0?s=96&d=mm&r=g\",\"caption\":\"Damien Dellerba\"},\"url\":\"https:\/\/www.ladiagonale.net\/index.php\/author\/damien\/\"}]}<\/script>\n<!-- \/ Yoast SEO plugin. -->","yoast_head_json":{"title":"Le groupe mon\u00e9gasque : Majecki fait son retour - La Diagonale","robots":{"index":"index","follow":"follow","max-snippet":"max-snippet:-1","max-image-preview":"max-image-preview:large","max-video-preview":"max-video-preview:-1"},"canonical":"https:\/\/www.ladiagonale.net\/index.php\/2024\/10\/01\/le-groupe-monegasque-majecki-fait-son-retour\/","og_locale":"fr_FR","og_type":"article","og_title":"Le groupe mon\u00e9gasque : Majecki fait son retour - La Diagonale","og_description":"\u00c0 la veille de la rencontre face au Dinamo Zagreb pour la 2e journ\u00e9e de la Ligue des champions, le groupe de l\u2019AS Monaco a \u00e9t\u00e9 communiqu\u00e9. Bonne nouvelle pour Adi H\u00fctter puisque Radoslaw Majecki sera du voyage en Croatie. Le portier polonais fait partie du groupe de 23 joueurs convoqu\u00e9s. M\u00eame s\u2019il est probablement [...]","og_url":"https:\/\/www.ladiagonale.net\/index.php\/2024\/10\/01\/le-groupe-monegasque-majecki-fait-son-retour\/","og_site_name":"La Diagonale","article_published_time":"2024-10-01T08:51:40+00:00","article_modified_time":"2024-10-01T08:51:42+00:00","og_image":[{"width":1160,"height":650,"url":"https:\/\/www.ladiagonale.net\/wp-content\/uploads\/2024\/04\/Majecki2.png","type":"image\/png"}],"author":"Damien Dellerba","twitter_card":"summary_large_image","twitter_image":"https:\/\/www.ladiagonale.net\/wp-content\/uploads\/2024\/04\/Majecki2.png","twitter_misc":{"\u00c9crit par":"Damien Dellerba","Dur\u00e9e de lecture estim\u00e9e":"1 minute"},"schema":{"@context":"https:\/\/schema.org","@graph":[{"@type":"WebPage","@id":"https:\/\/www.ladiagonale.net\/index.php\/2024\/10\/01\/le-groupe-monegasque-majecki-fait-son-retour\/","url":"https:\/\/www.ladiagonale.net\/index.php\/2024\/10\/01\/le-groupe-monegasque-majecki-fait-son-retour\/","name":"Le groupe mon\u00e9gasque : Majecki fait son retour - La Diagonale","isPartOf":{"@id":"https:\/\/www.ladiagonale.net\/#website"},"datePublished":"2024-10-01T08:51:40+00:00","dateModified":"2024-10-01T08:51:42+00:00","author":{"@id":"https:\/\/www.ladiagonale.net\/#\/schema\/person\/79ff1e7b0853ed01b2aa26e64ad300bf"},"breadcrumb":{"@id":"https:\/\/www.ladiagonale.net\/index.php\/2024\/10\/01\/le-groupe-monegasque-majecki-fait-son-retour\/#breadcrumb"},"inLanguage":"fr-FR","potentialAction":[{"@type":"ReadAction","target":["https:\/\/www.ladiagonale.net\/index.php\/2024\/10\/01\/le-groupe-monegasque-majecki-fait-son-retour\/"]}]},{"@type":"BreadcrumbList","@id":"https:\/\/www.ladiagonale.net\/index.php\/2024\/10\/01\/le-groupe-monegasque-majecki-fait-son-retour\/#breadcrumb","itemListElement":[{"@type":"ListItem","position":1,"name":"Accueil","item":"https:\/\/www.ladiagonale.net\/"},{"@type":"ListItem","position":2,"name":"Le groupe mon\u00e9gasque : Majecki fait son retour"}]},{"@type":"WebSite","@id":"https:\/\/www.ladiagonale.net\/#website","url":"https:\/\/www.ladiagonale.net\/","name":"La Diagonale","description":"Le site des supporters de l&#039;AS Monaco FC","potentialAction":[{"@type":"SearchAction","target":{"@type":"EntryPoint","urlTemplate":"https:\/\/www.ladiagonale.net\/?s={search_term_string}"},"query-input":"required name=search_term_string"}],"inLanguage":"fr-FR"},{"@type":"Person","@id":"https:\/\/www.ladiagonale.net\/#\/schema\/person\/79ff1e7b0853ed01b2aa26e64ad300bf","name":"Damien Dellerba","image":{"@type":"ImageObject","inLanguage":"fr-FR","@id":"https:\/\/www.ladiagonale.net\/#\/schema\/person\/image\/","url":"https:\/\/secure.gravatar.com\/avatar\/c7850e06d3ff63cdbaee88b7fc16e2f0?s=96&d=mm&r=g","contentUrl":"https:\/\/secure.gravatar.com\/avatar\/c7850e06d3ff63cdbaee88b7fc16e2f0?s=96&d=mm&r=g","caption":"Damien Dellerba"},"url":"https:\/\/www.ladiagonale.net\/index.php\/author\/damien\/"}]}},"_links":{"self":[{"href":"https:\/\/www.ladiagonale.net\/index.php\/wp-json\/wp\/v2\/posts\/26220"}],"collection":[{"href":"https:\/\/www.ladiagonale.net\/index.php\/wp-json\/wp\/v2\/posts"}],"about":[{"href":"https:\/\/www.ladiagonale.net\/index.php\/wp-json\/wp\/v2\/types\/post"}],"author":[{"embeddable":true,"href":"https:\/\/www.ladiagonale.net\/index.php\/wp-json\/wp\/v2\/users\/2"}],"replies":[{"embeddable":true,"href":"https:\/\/www.ladiagonale.net\/index.php\/wp-json\/wp\/v2\/comments?post=26220"}],"version-history":[{"count":1,"href":"https:\/\/www.ladiagonale.net\/index.php\/wp-json\/wp\/v2\/posts\/26220\/revisions"}],"predecessor-version":[{"id":26221,"href":"https:\/\/www.ladiagonale.net\/index.php\/wp-json\/wp\/v2\/posts\/26220\/revisions\/26221"}],"wp:attachment":[{"href":"https:\/\/www.ladiagonale.net\/index.php\/wp-json\/wp\/v2\/media?parent=26220"}],"wp:term":[{"taxonomy":"category","embeddable":true,"href":"https:\/\/www.ladiagonale.net\/index.php\/wp-json\/wp\/v2\/categories?post=26220"},{"taxonomy":"post_tag","embeddable":true,"href":"https:\/\/www.ladiagonale.net\/index.php\/wp-json\/wp\/v2\/tags?post=26220"}],"curies":[{"name":"wp","href":"https:\/\/api.w.org\/{rel}","templated":true}]}}