{"id":26331,"date":"2024-10-04T18:21:20","date_gmt":"2024-10-04T16:21:20","guid":{"rendered":"https:\/\/www.ladiagonale.net\/?p=26331"},"modified":"2024-10-04T18:26:06","modified_gmt":"2024-10-04T16:26:06","slug":"officiel-golovin-prolonge-trois-saisons","status":"publish","type":"post","link":"https:\/\/www.ladiagonale.net\/index.php\/2024\/10\/04\/officiel-golovin-prolonge-trois-saisons\/","title":{"rendered":"Officiel : Golovin prolonge pour trois saisons"},"content":{"rendered":"\n\n\n<p>L&rsquo;AS Monaco a annonc\u00e9 la prolongation de contrat d&rsquo;Aleksandr Golovin ce vendredi. Le milieu de terrain russe de 28 ans, pr\u00e9c\u00e9demment li\u00e9 au club de la Principaut\u00e9 jusqu&rsquo;en 2026, a vu son bail \u00e9tendu pour trois saisons suppl\u00e9mentaires, jusqu&rsquo;en 2029. Le prot\u00e9g\u00e9 du pr\u00e9sident Dmitry Rybolovlev avait \u00e9t\u00e9 prolong\u00e9 de deux ans en f\u00e9vrier 2023.<\/p>\n\n\n\n<p>\u00ab&nbsp;<em>Je suis tr\u00e8s heureux de cette prolongation de contrat<\/em>, a indiqu\u00e9 Golovin. <em>Le club m\u2019apporte sa confiance et j\u2019aurai \u00e0 c\u0153ur de continuer de tout donner pour l\u2019AS Monaco. Je suis convaincu que nous continuerons de r\u00e9aliser de grandes choses tous ensemble !<\/em>&nbsp;\u00bb<\/p>\n\n\n\n<p>Arriv\u00e9 sur le Rocher lors de l&rsquo;\u00e9t\u00e9 2018, Golovin compte 209 matches avec le maillot \u00e0 la diagonale et 31 buts inscrits. Frein\u00e9 par une entorse \u00e0 la cheville droite cet \u00e9t\u00e9, il a retrouv\u00e9 sa place en septembre et a disput\u00e9 six rencontres cette saison, sans toutefois se montrer d\u00e9cisif.<\/p>\n","protected":false},"excerpt":{"rendered":"<p>L&rsquo;AS Monaco a annonc\u00e9 la prolongation de contrat d&rsquo;Aleksandr Golovin ce vendredi. Le milieu de terrain russe de 28 ans, pr\u00e9c\u00e9demment li\u00e9 au club de la Principaut\u00e9 jusqu&rsquo;en 2026, a vu son bail \u00e9tendu pour trois saisons suppl\u00e9mentaires, jusqu&rsquo;en 2029. Le prot\u00e9g\u00e9 du pr\u00e9sident Dmitry Rybolovlev avait \u00e9t\u00e9 prolong\u00e9 de deux ans en f\u00e9vrier 2023. [&#8230;]\n","protected":false},"author":2,"featured_media":0,"comment_status":"open","ping_status":"open","sticky":false,"template":"","format":"standard","meta":[],"categories":[4,6],"tags":[184,86,186],"yoast_head":"<!-- This site is optimized with the Yoast SEO plugin v19.8 - https:\/\/yoast.com\/wordpress\/plugins\/seo\/ -->\n<title>Officiel : Golovin prolonge pour trois saisons - La Diagonale<\/title>\n<meta name=\"robots\" content=\"index, follow, max-snippet:-1, max-image-preview:large, max-video-preview:-1\" \/>\n<link rel=\"canonical\" href=\"https:\/\/www.ladiagonale.net\/index.php\/2024\/10\/04\/officiel-golovin-prolonge-trois-saisons\/\" \/>\n<meta property=\"og:locale\" content=\"fr_FR\" \/>\n<meta property=\"og:type\" content=\"article\" \/>\n<meta property=\"og:title\" content=\"Officiel : Golovin prolonge pour trois saisons - La Diagonale\" \/>\n<meta property=\"og:description\" content=\"L&rsquo;AS Monaco a annonc\u00e9 la prolongation de contrat d&rsquo;Aleksandr Golovin ce vendredi. Le milieu de terrain russe de 28 ans, pr\u00e9c\u00e9demment li\u00e9 au club de la Principaut\u00e9 jusqu&rsquo;en 2026, a vu son bail \u00e9tendu pour trois saisons suppl\u00e9mentaires, jusqu&rsquo;en 2029. Le prot\u00e9g\u00e9 du pr\u00e9sident Dmitry Rybolovlev avait \u00e9t\u00e9 prolong\u00e9 de deux ans en f\u00e9vrier 2023. [...]\" \/>\n<meta property=\"og:url\" content=\"https:\/\/www.ladiagonale.net\/index.php\/2024\/10\/04\/officiel-golovin-prolonge-trois-saisons\/\" \/>\n<meta property=\"og:site_name\" content=\"La Diagonale\" \/>\n<meta property=\"article:published_time\" content=\"2024-10-04T16:21:20+00:00\" \/>\n<meta property=\"article:modified_time\" content=\"2024-10-04T16:26:06+00:00\" \/>\n<meta property=\"og:image\" content=\"https:\/\/www.ladiagonale.net\/wp-content\/uploads\/2024\/07\/golovin-cap.png\" \/>\n\t<meta property=\"og:image:width\" content=\"1160\" \/>\n\t<meta property=\"og:image:height\" content=\"650\" \/>\n\t<meta property=\"og:image:type\" content=\"image\/png\" \/>\n<meta name=\"author\" content=\"Damien Dellerba\" \/>\n<meta name=\"twitter:card\" content=\"summary_large_image\" \/>\n<meta name=\"twitter:image\" content=\"https:\/\/www.ladiagonale.net\/wp-content\/uploads\/2024\/07\/golovin-cap.png\" \/>\n<meta name=\"twitter:label1\" content=\"\u00c9crit par\" \/>\n\t<meta name=\"twitter:data1\" content=\"Damien Dellerba\" \/>\n\t<meta name=\"twitter:label2\" content=\"Dur\u00e9e de lecture estim\u00e9e\" \/>\n\t<meta name=\"twitter:data2\" content=\"1 minute\" \/>\n<script type=\"application\/ld+json\" class=\"yoast-schema-graph\">{\"@context\":\"https:\/\/schema.org\",\"@graph\":[{\"@type\":\"WebPage\",\"@id\":\"https:\/\/www.ladiagonale.net\/index.php\/2024\/10\/04\/officiel-golovin-prolonge-trois-saisons\/\",\"url\":\"https:\/\/www.ladiagonale.net\/index.php\/2024\/10\/04\/officiel-golovin-prolonge-trois-saisons\/\",\"name\":\"Officiel : Golovin prolonge pour trois saisons - La Diagonale\",\"isPartOf\":{\"@id\":\"https:\/\/www.ladiagonale.net\/#website\"},\"datePublished\":\"2024-10-04T16:21:20+00:00\",\"dateModified\":\"2024-10-04T16:26:06+00:00\",\"author\":{\"@id\":\"https:\/\/www.ladiagonale.net\/#\/schema\/person\/79ff1e7b0853ed01b2aa26e64ad300bf\"},\"breadcrumb\":{\"@id\":\"https:\/\/www.ladiagonale.net\/index.php\/2024\/10\/04\/officiel-golovin-prolonge-trois-saisons\/#breadcrumb\"},\"inLanguage\":\"fr-FR\",\"potentialAction\":[{\"@type\":\"ReadAction\",\"target\":[\"https:\/\/www.ladiagonale.net\/index.php\/2024\/10\/04\/officiel-golovin-prolonge-trois-saisons\/\"]}]},{\"@type\":\"BreadcrumbList\",\"@id\":\"https:\/\/www.ladiagonale.net\/index.php\/2024\/10\/04\/officiel-golovin-prolonge-trois-saisons\/#breadcrumb\",\"itemListElement\":[{\"@type\":\"ListItem\",\"position\":1,\"name\":\"Accueil\",\"item\":\"https:\/\/www.ladiagonale.net\/\"},{\"@type\":\"ListItem\",\"position\":2,\"name\":\"Officiel : Golovin prolonge pour trois saisons\"}]},{\"@type\":\"WebSite\",\"@id\":\"https:\/\/www.ladiagonale.net\/#website\",\"url\":\"https:\/\/www.ladiagonale.net\/\",\"name\":\"La Diagonale\",\"description\":\"Le site des supporters de l&#039;AS Monaco FC\",\"potentialAction\":[{\"@type\":\"SearchAction\",\"target\":{\"@type\":\"EntryPoint\",\"urlTemplate\":\"https:\/\/www.ladiagonale.net\/?s={search_term_string}\"},\"query-input\":\"required name=search_term_string\"}],\"inLanguage\":\"fr-FR\"},{\"@type\":\"Person\",\"@id\":\"https:\/\/www.ladiagonale.net\/#\/schema\/person\/79ff1e7b0853ed01b2aa26e64ad300bf\",\"name\":\"Damien Dellerba\",\"image\":{\"@type\":\"ImageObject\",\"inLanguage\":\"fr-FR\",\"@id\":\"https:\/\/www.ladiagonale.net\/#\/schema\/person\/image\/\",\"url\":\"https:\/\/secure.gravatar.com\/avatar\/c7850e06d3ff63cdbaee88b7fc16e2f0?s=96&d=mm&r=g\",\"contentUrl\":\"https:\/\/secure.gravatar.com\/avatar\/c7850e06d3ff63cdbaee88b7fc16e2f0?s=96&d=mm&r=g\",\"caption\":\"Damien Dellerba\"},\"url\":\"https:\/\/www.ladiagonale.net\/index.php\/author\/damien\/\"}]}<\/script>\n<!-- \/ Yoast SEO plugin. -->","yoast_head_json":{"title":"Officiel : Golovin prolonge pour trois saisons - La Diagonale","robots":{"index":"index","follow":"follow","max-snippet":"max-snippet:-1","max-image-preview":"max-image-preview:large","max-video-preview":"max-video-preview:-1"},"canonical":"https:\/\/www.ladiagonale.net\/index.php\/2024\/10\/04\/officiel-golovin-prolonge-trois-saisons\/","og_locale":"fr_FR","og_type":"article","og_title":"Officiel : Golovin prolonge pour trois saisons - La Diagonale","og_description":"L&rsquo;AS Monaco a annonc\u00e9 la prolongation de contrat d&rsquo;Aleksandr Golovin ce vendredi. Le milieu de terrain russe de 28 ans, pr\u00e9c\u00e9demment li\u00e9 au club de la Principaut\u00e9 jusqu&rsquo;en 2026, a vu son bail \u00e9tendu pour trois saisons suppl\u00e9mentaires, jusqu&rsquo;en 2029. Le prot\u00e9g\u00e9 du pr\u00e9sident Dmitry Rybolovlev avait \u00e9t\u00e9 prolong\u00e9 de deux ans en f\u00e9vrier 2023. [...]","og_url":"https:\/\/www.ladiagonale.net\/index.php\/2024\/10\/04\/officiel-golovin-prolonge-trois-saisons\/","og_site_name":"La Diagonale","article_published_time":"2024-10-04T16:21:20+00:00","article_modified_time":"2024-10-04T16:26:06+00:00","og_image":[{"width":1160,"height":650,"url":"https:\/\/www.ladiagonale.net\/wp-content\/uploads\/2024\/07\/golovin-cap.png","type":"image\/png"}],"author":"Damien Dellerba","twitter_card":"summary_large_image","twitter_image":"https:\/\/www.ladiagonale.net\/wp-content\/uploads\/2024\/07\/golovin-cap.png","twitter_misc":{"\u00c9crit par":"Damien Dellerba","Dur\u00e9e de lecture estim\u00e9e":"1 minute"},"schema":{"@context":"https:\/\/schema.org","@graph":[{"@type":"WebPage","@id":"https:\/\/www.ladiagonale.net\/index.php\/2024\/10\/04\/officiel-golovin-prolonge-trois-saisons\/","url":"https:\/\/www.ladiagonale.net\/index.php\/2024\/10\/04\/officiel-golovin-prolonge-trois-saisons\/","name":"Officiel : Golovin prolonge pour trois saisons - La Diagonale","isPartOf":{"@id":"https:\/\/www.ladiagonale.net\/#website"},"datePublished":"2024-10-04T16:21:20+00:00","dateModified":"2024-10-04T16:26:06+00:00","author":{"@id":"https:\/\/www.ladiagonale.net\/#\/schema\/person\/79ff1e7b0853ed01b2aa26e64ad300bf"},"breadcrumb":{"@id":"https:\/\/www.ladiagonale.net\/index.php\/2024\/10\/04\/officiel-golovin-prolonge-trois-saisons\/#breadcrumb"},"inLanguage":"fr-FR","potentialAction":[{"@type":"ReadAction","target":["https:\/\/www.ladiagonale.net\/index.php\/2024\/10\/04\/officiel-golovin-prolonge-trois-saisons\/"]}]},{"@type":"BreadcrumbList","@id":"https:\/\/www.ladiagonale.net\/index.php\/2024\/10\/04\/officiel-golovin-prolonge-trois-saisons\/#breadcrumb","itemListElement":[{"@type":"ListItem","position":1,"name":"Accueil","item":"https:\/\/www.ladiagonale.net\/"},{"@type":"ListItem","position":2,"name":"Officiel : Golovin prolonge pour trois saisons"}]},{"@type":"WebSite","@id":"https:\/\/www.ladiagonale.net\/#website","url":"https:\/\/www.ladiagonale.net\/","name":"La Diagonale","description":"Le site des supporters de l&#039;AS Monaco FC","potentialAction":[{"@type":"SearchAction","target":{"@type":"EntryPoint","urlTemplate":"https:\/\/www.ladiagonale.net\/?s={search_term_string}"},"query-input":"required name=search_term_string"}],"inLanguage":"fr-FR"},{"@type":"Person","@id":"https:\/\/www.ladiagonale.net\/#\/schema\/person\/79ff1e7b0853ed01b2aa26e64ad300bf","name":"Damien Dellerba","image":{"@type":"ImageObject","inLanguage":"fr-FR","@id":"https:\/\/www.ladiagonale.net\/#\/schema\/person\/image\/","url":"https:\/\/secure.gravatar.com\/avatar\/c7850e06d3ff63cdbaee88b7fc16e2f0?s=96&d=mm&r=g","contentUrl":"https:\/\/secure.gravatar.com\/avatar\/c7850e06d3ff63cdbaee88b7fc16e2f0?s=96&d=mm&r=g","caption":"Damien Dellerba"},"url":"https:\/\/www.ladiagonale.net\/index.php\/author\/damien\/"}]}},"_links":{"self":[{"href":"https:\/\/www.ladiagonale.net\/index.php\/wp-json\/wp\/v2\/posts\/26331"}],"collection":[{"href":"https:\/\/www.ladiagonale.net\/index.php\/wp-json\/wp\/v2\/posts"}],"about":[{"href":"https:\/\/www.ladiagonale.net\/index.php\/wp-json\/wp\/v2\/types\/post"}],"author":[{"embeddable":true,"href":"https:\/\/www.ladiagonale.net\/index.php\/wp-json\/wp\/v2\/users\/2"}],"replies":[{"embeddable":true,"href":"https:\/\/www.ladiagonale.net\/index.php\/wp-json\/wp\/v2\/comments?post=26331"}],"version-history":[{"count":4,"href":"https:\/\/www.ladiagonale.net\/index.php\/wp-json\/wp\/v2\/posts\/26331\/revisions"}],"predecessor-version":[{"id":26336,"href":"https:\/\/www.ladiagonale.net\/index.php\/wp-json\/wp\/v2\/posts\/26331\/revisions\/26336"}],"wp:attachment":[{"href":"https:\/\/www.ladiagonale.net\/index.php\/wp-json\/wp\/v2\/media?parent=26331"}],"wp:term":[{"taxonomy":"category","embeddable":true,"href":"https:\/\/www.ladiagonale.net\/index.php\/wp-json\/wp\/v2\/categories?post=26331"},{"taxonomy":"post_tag","embeddable":true,"href":"https:\/\/www.ladiagonale.net\/index.php\/wp-json\/wp\/v2\/tags?post=26331"}],"curies":[{"name":"wp","href":"https:\/\/api.w.org\/{rel}","templated":true}]}}