{"id":26422,"date":"2024-10-07T13:15:05","date_gmt":"2024-10-07T11:15:05","guid":{"rendered":"https:\/\/www.ladiagonale.net\/?p=26422"},"modified":"2024-10-07T14:01:49","modified_gmt":"2024-10-07T12:01:49","slug":"pas-de-selection-pour-zakaria-touche-a-un-genou","status":"publish","type":"post","link":"https:\/\/www.ladiagonale.net\/index.php\/2024\/10\/07\/pas-de-selection-pour-zakaria-touche-a-un-genou\/","title":{"rendered":"Pas de s\u00e9lection pour Zakaria, touch\u00e9 \u00e0 un genou"},"content":{"rendered":"\n<p>Denis Zakaria n\u2019accompagnera pas le retour en s\u00e9lection de Philipp K\u00f6hn. Le milieu de terrain de l\u2019AS Monaco, appel\u00e9 par Murat Yakin pour disputer les deux matches de la Suisse en Ligue des nations, est finalement indisponible. D\u2019apr\u00e8s la F\u00e9d\u00e9ration suisse, Zakaria souffre d\u2019une contusion au genou.<\/p>\n\n\n\n<p>La blessure du capitaine as\u00e9miste lui permettra de prendre du repos pendant cette tr\u00eave, lui qui a \u00e9t\u00e9 titularis\u00e9 sur 8 des 9 matches disput\u00e9s depuis la reprise. C\u2019est le deuxi\u00e8me joueur qui ne rejoindra pas sa s\u00e9lection, puisque Folarin Balogun, <a href=\"https:\/\/www.ladiagonale.net\/index.php\/2024\/10\/06\/luxation-pour-balogun-absent-plusieurs-semaines\/\" target=\"_blank\" rel=\"noreferrer noopener\">victime d\u2019une luxation de l\u2019\u00e9paule gauche<\/a>, est sur le flanc pour plusieurs semaines.<\/p>\n","protected":false},"excerpt":{"rendered":"<p>Denis Zakaria n\u2019accompagnera pas le retour en s\u00e9lection de Philipp K\u00f6hn. Le milieu de terrain de l\u2019AS Monaco, appel\u00e9 par Murat Yakin pour disputer les deux matches de la Suisse en Ligue des nations, est finalement indisponible. D\u2019apr\u00e8s la F\u00e9d\u00e9ration suisse, Zakaria souffre d\u2019une contusion au genou. La blessure du capitaine as\u00e9miste lui permettra de [&#8230;]\n","protected":false},"author":2,"featured_media":0,"comment_status":"closed","ping_status":"open","sticky":false,"template":"","format":"standard","meta":[],"categories":[4,6],"tags":[86,631,196],"yoast_head":"<!-- This site is optimized with the Yoast SEO plugin v19.8 - https:\/\/yoast.com\/wordpress\/plugins\/seo\/ -->\n<title>Pas de s\u00e9lection pour Zakaria, touch\u00e9 \u00e0 un genou - La Diagonale<\/title>\n<meta name=\"robots\" content=\"index, follow, max-snippet:-1, max-image-preview:large, max-video-preview:-1\" \/>\n<link rel=\"canonical\" href=\"https:\/\/www.ladiagonale.net\/index.php\/2024\/10\/07\/pas-de-selection-pour-zakaria-touche-a-un-genou\/\" \/>\n<meta property=\"og:locale\" content=\"fr_FR\" \/>\n<meta property=\"og:type\" content=\"article\" \/>\n<meta property=\"og:title\" content=\"Pas de s\u00e9lection pour Zakaria, touch\u00e9 \u00e0 un genou - La Diagonale\" \/>\n<meta property=\"og:description\" content=\"Denis Zakaria n\u2019accompagnera pas le retour en s\u00e9lection de Philipp K\u00f6hn. Le milieu de terrain de l\u2019AS Monaco, appel\u00e9 par Murat Yakin pour disputer les deux matches de la Suisse en Ligue des nations, est finalement indisponible. D\u2019apr\u00e8s la F\u00e9d\u00e9ration suisse, Zakaria souffre d\u2019une contusion au genou. La blessure du capitaine as\u00e9miste lui permettra de [...]\" \/>\n<meta property=\"og:url\" content=\"https:\/\/www.ladiagonale.net\/index.php\/2024\/10\/07\/pas-de-selection-pour-zakaria-touche-a-un-genou\/\" \/>\n<meta property=\"og:site_name\" content=\"La Diagonale\" \/>\n<meta property=\"article:published_time\" content=\"2024-10-07T11:15:05+00:00\" \/>\n<meta property=\"article:modified_time\" content=\"2024-10-07T12:01:49+00:00\" \/>\n<meta property=\"og:image\" content=\"https:\/\/www.ladiagonale.net\/wp-content\/uploads\/2024\/09\/zakaria.png\" \/>\n\t<meta property=\"og:image:width\" content=\"1160\" \/>\n\t<meta property=\"og:image:height\" content=\"650\" \/>\n\t<meta property=\"og:image:type\" content=\"image\/png\" \/>\n<meta name=\"author\" content=\"Damien Dellerba\" \/>\n<meta name=\"twitter:card\" content=\"summary_large_image\" \/>\n<meta name=\"twitter:image\" content=\"https:\/\/www.ladiagonale.net\/wp-content\/uploads\/2024\/09\/zakaria.png\" \/>\n<meta name=\"twitter:label1\" content=\"\u00c9crit par\" \/>\n\t<meta name=\"twitter:data1\" content=\"Damien Dellerba\" \/>\n\t<meta name=\"twitter:label2\" content=\"Dur\u00e9e de lecture estim\u00e9e\" \/>\n\t<meta name=\"twitter:data2\" content=\"1 minute\" \/>\n<script type=\"application\/ld+json\" class=\"yoast-schema-graph\">{\"@context\":\"https:\/\/schema.org\",\"@graph\":[{\"@type\":\"WebPage\",\"@id\":\"https:\/\/www.ladiagonale.net\/index.php\/2024\/10\/07\/pas-de-selection-pour-zakaria-touche-a-un-genou\/\",\"url\":\"https:\/\/www.ladiagonale.net\/index.php\/2024\/10\/07\/pas-de-selection-pour-zakaria-touche-a-un-genou\/\",\"name\":\"Pas de s\u00e9lection pour Zakaria, touch\u00e9 \u00e0 un genou - La Diagonale\",\"isPartOf\":{\"@id\":\"https:\/\/www.ladiagonale.net\/#website\"},\"datePublished\":\"2024-10-07T11:15:05+00:00\",\"dateModified\":\"2024-10-07T12:01:49+00:00\",\"author\":{\"@id\":\"https:\/\/www.ladiagonale.net\/#\/schema\/person\/79ff1e7b0853ed01b2aa26e64ad300bf\"},\"breadcrumb\":{\"@id\":\"https:\/\/www.ladiagonale.net\/index.php\/2024\/10\/07\/pas-de-selection-pour-zakaria-touche-a-un-genou\/#breadcrumb\"},\"inLanguage\":\"fr-FR\",\"potentialAction\":[{\"@type\":\"ReadAction\",\"target\":[\"https:\/\/www.ladiagonale.net\/index.php\/2024\/10\/07\/pas-de-selection-pour-zakaria-touche-a-un-genou\/\"]}]},{\"@type\":\"BreadcrumbList\",\"@id\":\"https:\/\/www.ladiagonale.net\/index.php\/2024\/10\/07\/pas-de-selection-pour-zakaria-touche-a-un-genou\/#breadcrumb\",\"itemListElement\":[{\"@type\":\"ListItem\",\"position\":1,\"name\":\"Accueil\",\"item\":\"https:\/\/www.ladiagonale.net\/\"},{\"@type\":\"ListItem\",\"position\":2,\"name\":\"Pas de s\u00e9lection pour Zakaria, touch\u00e9 \u00e0 un genou\"}]},{\"@type\":\"WebSite\",\"@id\":\"https:\/\/www.ladiagonale.net\/#website\",\"url\":\"https:\/\/www.ladiagonale.net\/\",\"name\":\"La Diagonale\",\"description\":\"Le site des supporters de l&#039;AS Monaco FC\",\"potentialAction\":[{\"@type\":\"SearchAction\",\"target\":{\"@type\":\"EntryPoint\",\"urlTemplate\":\"https:\/\/www.ladiagonale.net\/?s={search_term_string}\"},\"query-input\":\"required name=search_term_string\"}],\"inLanguage\":\"fr-FR\"},{\"@type\":\"Person\",\"@id\":\"https:\/\/www.ladiagonale.net\/#\/schema\/person\/79ff1e7b0853ed01b2aa26e64ad300bf\",\"name\":\"Damien Dellerba\",\"image\":{\"@type\":\"ImageObject\",\"inLanguage\":\"fr-FR\",\"@id\":\"https:\/\/www.ladiagonale.net\/#\/schema\/person\/image\/\",\"url\":\"https:\/\/secure.gravatar.com\/avatar\/c7850e06d3ff63cdbaee88b7fc16e2f0?s=96&d=mm&r=g\",\"contentUrl\":\"https:\/\/secure.gravatar.com\/avatar\/c7850e06d3ff63cdbaee88b7fc16e2f0?s=96&d=mm&r=g\",\"caption\":\"Damien Dellerba\"},\"url\":\"https:\/\/www.ladiagonale.net\/index.php\/author\/damien\/\"}]}<\/script>\n<!-- \/ Yoast SEO plugin. -->","yoast_head_json":{"title":"Pas de s\u00e9lection pour Zakaria, touch\u00e9 \u00e0 un genou - La Diagonale","robots":{"index":"index","follow":"follow","max-snippet":"max-snippet:-1","max-image-preview":"max-image-preview:large","max-video-preview":"max-video-preview:-1"},"canonical":"https:\/\/www.ladiagonale.net\/index.php\/2024\/10\/07\/pas-de-selection-pour-zakaria-touche-a-un-genou\/","og_locale":"fr_FR","og_type":"article","og_title":"Pas de s\u00e9lection pour Zakaria, touch\u00e9 \u00e0 un genou - La Diagonale","og_description":"Denis Zakaria n\u2019accompagnera pas le retour en s\u00e9lection de Philipp K\u00f6hn. Le milieu de terrain de l\u2019AS Monaco, appel\u00e9 par Murat Yakin pour disputer les deux matches de la Suisse en Ligue des nations, est finalement indisponible. D\u2019apr\u00e8s la F\u00e9d\u00e9ration suisse, Zakaria souffre d\u2019une contusion au genou. La blessure du capitaine as\u00e9miste lui permettra de [...]","og_url":"https:\/\/www.ladiagonale.net\/index.php\/2024\/10\/07\/pas-de-selection-pour-zakaria-touche-a-un-genou\/","og_site_name":"La Diagonale","article_published_time":"2024-10-07T11:15:05+00:00","article_modified_time":"2024-10-07T12:01:49+00:00","og_image":[{"width":1160,"height":650,"url":"https:\/\/www.ladiagonale.net\/wp-content\/uploads\/2024\/09\/zakaria.png","type":"image\/png"}],"author":"Damien Dellerba","twitter_card":"summary_large_image","twitter_image":"https:\/\/www.ladiagonale.net\/wp-content\/uploads\/2024\/09\/zakaria.png","twitter_misc":{"\u00c9crit par":"Damien Dellerba","Dur\u00e9e de lecture estim\u00e9e":"1 minute"},"schema":{"@context":"https:\/\/schema.org","@graph":[{"@type":"WebPage","@id":"https:\/\/www.ladiagonale.net\/index.php\/2024\/10\/07\/pas-de-selection-pour-zakaria-touche-a-un-genou\/","url":"https:\/\/www.ladiagonale.net\/index.php\/2024\/10\/07\/pas-de-selection-pour-zakaria-touche-a-un-genou\/","name":"Pas de s\u00e9lection pour Zakaria, touch\u00e9 \u00e0 un genou - La Diagonale","isPartOf":{"@id":"https:\/\/www.ladiagonale.net\/#website"},"datePublished":"2024-10-07T11:15:05+00:00","dateModified":"2024-10-07T12:01:49+00:00","author":{"@id":"https:\/\/www.ladiagonale.net\/#\/schema\/person\/79ff1e7b0853ed01b2aa26e64ad300bf"},"breadcrumb":{"@id":"https:\/\/www.ladiagonale.net\/index.php\/2024\/10\/07\/pas-de-selection-pour-zakaria-touche-a-un-genou\/#breadcrumb"},"inLanguage":"fr-FR","potentialAction":[{"@type":"ReadAction","target":["https:\/\/www.ladiagonale.net\/index.php\/2024\/10\/07\/pas-de-selection-pour-zakaria-touche-a-un-genou\/"]}]},{"@type":"BreadcrumbList","@id":"https:\/\/www.ladiagonale.net\/index.php\/2024\/10\/07\/pas-de-selection-pour-zakaria-touche-a-un-genou\/#breadcrumb","itemListElement":[{"@type":"ListItem","position":1,"name":"Accueil","item":"https:\/\/www.ladiagonale.net\/"},{"@type":"ListItem","position":2,"name":"Pas de s\u00e9lection pour Zakaria, touch\u00e9 \u00e0 un genou"}]},{"@type":"WebSite","@id":"https:\/\/www.ladiagonale.net\/#website","url":"https:\/\/www.ladiagonale.net\/","name":"La Diagonale","description":"Le site des supporters de l&#039;AS Monaco FC","potentialAction":[{"@type":"SearchAction","target":{"@type":"EntryPoint","urlTemplate":"https:\/\/www.ladiagonale.net\/?s={search_term_string}"},"query-input":"required name=search_term_string"}],"inLanguage":"fr-FR"},{"@type":"Person","@id":"https:\/\/www.ladiagonale.net\/#\/schema\/person\/79ff1e7b0853ed01b2aa26e64ad300bf","name":"Damien Dellerba","image":{"@type":"ImageObject","inLanguage":"fr-FR","@id":"https:\/\/www.ladiagonale.net\/#\/schema\/person\/image\/","url":"https:\/\/secure.gravatar.com\/avatar\/c7850e06d3ff63cdbaee88b7fc16e2f0?s=96&d=mm&r=g","contentUrl":"https:\/\/secure.gravatar.com\/avatar\/c7850e06d3ff63cdbaee88b7fc16e2f0?s=96&d=mm&r=g","caption":"Damien Dellerba"},"url":"https:\/\/www.ladiagonale.net\/index.php\/author\/damien\/"}]}},"_links":{"self":[{"href":"https:\/\/www.ladiagonale.net\/index.php\/wp-json\/wp\/v2\/posts\/26422"}],"collection":[{"href":"https:\/\/www.ladiagonale.net\/index.php\/wp-json\/wp\/v2\/posts"}],"about":[{"href":"https:\/\/www.ladiagonale.net\/index.php\/wp-json\/wp\/v2\/types\/post"}],"author":[{"embeddable":true,"href":"https:\/\/www.ladiagonale.net\/index.php\/wp-json\/wp\/v2\/users\/2"}],"replies":[{"embeddable":true,"href":"https:\/\/www.ladiagonale.net\/index.php\/wp-json\/wp\/v2\/comments?post=26422"}],"version-history":[{"count":3,"href":"https:\/\/www.ladiagonale.net\/index.php\/wp-json\/wp\/v2\/posts\/26422\/revisions"}],"predecessor-version":[{"id":26427,"href":"https:\/\/www.ladiagonale.net\/index.php\/wp-json\/wp\/v2\/posts\/26422\/revisions\/26427"}],"wp:attachment":[{"href":"https:\/\/www.ladiagonale.net\/index.php\/wp-json\/wp\/v2\/media?parent=26422"}],"wp:term":[{"taxonomy":"category","embeddable":true,"href":"https:\/\/www.ladiagonale.net\/index.php\/wp-json\/wp\/v2\/categories?post=26422"},{"taxonomy":"post_tag","embeddable":true,"href":"https:\/\/www.ladiagonale.net\/index.php\/wp-json\/wp\/v2\/tags?post=26422"}],"curies":[{"name":"wp","href":"https:\/\/api.w.org\/{rel}","templated":true}]}}