{"id":26543,"date":"2024-10-11T22:11:20","date_gmt":"2024-10-11T20:11:20","guid":{"rendered":"https:\/\/www.ladiagonale.net\/?p=26543"},"modified":"2024-10-11T22:11:21","modified_gmt":"2024-10-11T20:11:21","slug":"akliouche-buteur-avec-les-bleuets","status":"publish","type":"post","link":"https:\/\/www.ladiagonale.net\/index.php\/2024\/10\/11\/akliouche-buteur-avec-les-bleuets\/","title":{"rendered":"Akliouche buteur avec les Bleuets"},"content":{"rendered":"\n<p>Belle soir\u00e9e pour Maghnes Akliouche. Le milieu offensif de l\u2019AS Monaco a \u00e9t\u00e9 d\u00e9cisif avec l\u2019\u00e9quipe de France Espoirs face \u00e0 Chypre (3-0), auteur du deuxi\u00e8me but tricolore. Servi par Tchaouna sur un centre en retrait, Akliouche a catapult\u00e9 du gauche le ballon au fond des filets en premi\u00e8re intention, aid\u00e9 par la barre transversale. Titularis\u00e9 sur l\u2019aile droite, il a jou\u00e9 84 minutes.<\/p>\n\n\n\n<p>Gr\u00e2ce \u00e0 ce succ\u00e8s les Bleuets reprennent provisoirement la t\u00eate de leur groupe des \u00e9liminatoires pour l\u2019Euro Espoirs 2025. Les hommes de G\u00e9rard Baticle affronteront l\u2019Autriche pour leur prochain match, mardi (18h30) et un succ\u00e8s les enverra au Championnat d\u2019Europe.<\/p>\n\n\n\n<p>La Belgique a difficilement battu l\u2019\u00c9cosse (2-0) mais Eliot Matazo n\u2019y a pas contribu\u00e9. Le milieu mon\u00e9gasque est rest\u00e9 sur le banc lors de cette rencontre. Un succ\u00e8s pr\u00e9cieux pour prendre trois longueurs d\u2019avance sur leur adversaire du soir. Les Diablotins recevront la Hongrie mardi (18h) et il ne faudra pas se louper pour tenter d\u2019aller \u00e0 l\u2019Euro.<\/p>\n\n\n\n<p>Chez les U20, la France de Mayssam Benama, capitaine, Christian Mawissa, Sa\u00efmon Bouabr\u00e9, titulaires, et Lucas Michal, ont affront\u00e9 le Maroc de Yanis Benchaouch et elle en est sortie vainqueure (4-3). Align\u00e9 dans le but marocain, Benchaouch a encaiss\u00e9 quatre buts mais aucun de la part de ses co\u00e9quipiers en club. La revanche entre les deux \u00e9quipes est pr\u00e9vue lundi (14h).<\/p>\n\n\n","protected":false},"excerpt":{"rendered":"<p>Belle soir\u00e9e pour Maghnes Akliouche. Le milieu offensif de l\u2019AS Monaco a \u00e9t\u00e9 d\u00e9cisif avec l\u2019\u00e9quipe de France Espoirs face \u00e0 Chypre (3-0), auteur du deuxi\u00e8me but tricolore. Servi par Tchaouna sur un centre en retrait, Akliouche a catapult\u00e9 du gauche le ballon au fond des filets en premi\u00e8re intention, aid\u00e9 par la barre transversale. [&#8230;]\n","protected":false},"author":2,"featured_media":0,"comment_status":"open","ping_status":"open","sticky":false,"template":"","format":"standard","meta":[],"categories":[6],"tags":[86,150,145,311,190,116],"yoast_head":"<!-- This site is optimized with the Yoast SEO plugin v19.8 - https:\/\/yoast.com\/wordpress\/plugins\/seo\/ -->\n<title>Akliouche buteur avec les Bleuets - La Diagonale<\/title>\n<meta name=\"robots\" content=\"index, follow, max-snippet:-1, max-image-preview:large, max-video-preview:-1\" \/>\n<link rel=\"canonical\" href=\"https:\/\/www.ladiagonale.net\/index.php\/2024\/10\/11\/akliouche-buteur-avec-les-bleuets\/\" \/>\n<meta property=\"og:locale\" content=\"fr_FR\" \/>\n<meta property=\"og:type\" content=\"article\" \/>\n<meta property=\"og:title\" content=\"Akliouche buteur avec les Bleuets - La Diagonale\" \/>\n<meta property=\"og:description\" content=\"Belle soir\u00e9e pour Maghnes Akliouche. Le milieu offensif de l\u2019AS Monaco a \u00e9t\u00e9 d\u00e9cisif avec l\u2019\u00e9quipe de France Espoirs face \u00e0 Chypre (3-0), auteur du deuxi\u00e8me but tricolore. Servi par Tchaouna sur un centre en retrait, Akliouche a catapult\u00e9 du gauche le ballon au fond des filets en premi\u00e8re intention, aid\u00e9 par la barre transversale. [...]\" \/>\n<meta property=\"og:url\" content=\"https:\/\/www.ladiagonale.net\/index.php\/2024\/10\/11\/akliouche-buteur-avec-les-bleuets\/\" \/>\n<meta property=\"og:site_name\" content=\"La Diagonale\" \/>\n<meta property=\"article:published_time\" content=\"2024-10-11T20:11:20+00:00\" \/>\n<meta property=\"article:modified_time\" content=\"2024-10-11T20:11:21+00:00\" \/>\n<meta property=\"og:image\" content=\"https:\/\/www.ladiagonale.net\/wp-content\/uploads\/2024\/07\/akliouche-jo.png\" \/>\n\t<meta property=\"og:image:width\" content=\"1160\" \/>\n\t<meta property=\"og:image:height\" content=\"650\" \/>\n\t<meta property=\"og:image:type\" content=\"image\/png\" \/>\n<meta name=\"author\" content=\"Damien Dellerba\" \/>\n<meta name=\"twitter:card\" content=\"summary_large_image\" \/>\n<meta name=\"twitter:image\" content=\"https:\/\/www.ladiagonale.net\/wp-content\/uploads\/2024\/07\/akliouche-jo.png\" \/>\n<meta name=\"twitter:label1\" content=\"\u00c9crit par\" \/>\n\t<meta name=\"twitter:data1\" content=\"Damien Dellerba\" \/>\n\t<meta name=\"twitter:label2\" content=\"Dur\u00e9e de lecture estim\u00e9e\" \/>\n\t<meta name=\"twitter:data2\" content=\"2 minutes\" \/>\n<script type=\"application\/ld+json\" class=\"yoast-schema-graph\">{\"@context\":\"https:\/\/schema.org\",\"@graph\":[{\"@type\":\"WebPage\",\"@id\":\"https:\/\/www.ladiagonale.net\/index.php\/2024\/10\/11\/akliouche-buteur-avec-les-bleuets\/\",\"url\":\"https:\/\/www.ladiagonale.net\/index.php\/2024\/10\/11\/akliouche-buteur-avec-les-bleuets\/\",\"name\":\"Akliouche buteur avec les Bleuets - La Diagonale\",\"isPartOf\":{\"@id\":\"https:\/\/www.ladiagonale.net\/#website\"},\"datePublished\":\"2024-10-11T20:11:20+00:00\",\"dateModified\":\"2024-10-11T20:11:21+00:00\",\"author\":{\"@id\":\"https:\/\/www.ladiagonale.net\/#\/schema\/person\/79ff1e7b0853ed01b2aa26e64ad300bf\"},\"breadcrumb\":{\"@id\":\"https:\/\/www.ladiagonale.net\/index.php\/2024\/10\/11\/akliouche-buteur-avec-les-bleuets\/#breadcrumb\"},\"inLanguage\":\"fr-FR\",\"potentialAction\":[{\"@type\":\"ReadAction\",\"target\":[\"https:\/\/www.ladiagonale.net\/index.php\/2024\/10\/11\/akliouche-buteur-avec-les-bleuets\/\"]}]},{\"@type\":\"BreadcrumbList\",\"@id\":\"https:\/\/www.ladiagonale.net\/index.php\/2024\/10\/11\/akliouche-buteur-avec-les-bleuets\/#breadcrumb\",\"itemListElement\":[{\"@type\":\"ListItem\",\"position\":1,\"name\":\"Accueil\",\"item\":\"https:\/\/www.ladiagonale.net\/\"},{\"@type\":\"ListItem\",\"position\":2,\"name\":\"Akliouche buteur avec les Bleuets\"}]},{\"@type\":\"WebSite\",\"@id\":\"https:\/\/www.ladiagonale.net\/#website\",\"url\":\"https:\/\/www.ladiagonale.net\/\",\"name\":\"La Diagonale\",\"description\":\"Le site des supporters de l&#039;AS Monaco FC\",\"potentialAction\":[{\"@type\":\"SearchAction\",\"target\":{\"@type\":\"EntryPoint\",\"urlTemplate\":\"https:\/\/www.ladiagonale.net\/?s={search_term_string}\"},\"query-input\":\"required name=search_term_string\"}],\"inLanguage\":\"fr-FR\"},{\"@type\":\"Person\",\"@id\":\"https:\/\/www.ladiagonale.net\/#\/schema\/person\/79ff1e7b0853ed01b2aa26e64ad300bf\",\"name\":\"Damien Dellerba\",\"image\":{\"@type\":\"ImageObject\",\"inLanguage\":\"fr-FR\",\"@id\":\"https:\/\/www.ladiagonale.net\/#\/schema\/person\/image\/\",\"url\":\"https:\/\/secure.gravatar.com\/avatar\/c7850e06d3ff63cdbaee88b7fc16e2f0?s=96&d=mm&r=g\",\"contentUrl\":\"https:\/\/secure.gravatar.com\/avatar\/c7850e06d3ff63cdbaee88b7fc16e2f0?s=96&d=mm&r=g\",\"caption\":\"Damien Dellerba\"},\"url\":\"https:\/\/www.ladiagonale.net\/index.php\/author\/damien\/\"}]}<\/script>\n<!-- \/ Yoast SEO plugin. -->","yoast_head_json":{"title":"Akliouche buteur avec les Bleuets - La Diagonale","robots":{"index":"index","follow":"follow","max-snippet":"max-snippet:-1","max-image-preview":"max-image-preview:large","max-video-preview":"max-video-preview:-1"},"canonical":"https:\/\/www.ladiagonale.net\/index.php\/2024\/10\/11\/akliouche-buteur-avec-les-bleuets\/","og_locale":"fr_FR","og_type":"article","og_title":"Akliouche buteur avec les Bleuets - La Diagonale","og_description":"Belle soir\u00e9e pour Maghnes Akliouche. Le milieu offensif de l\u2019AS Monaco a \u00e9t\u00e9 d\u00e9cisif avec l\u2019\u00e9quipe de France Espoirs face \u00e0 Chypre (3-0), auteur du deuxi\u00e8me but tricolore. Servi par Tchaouna sur un centre en retrait, Akliouche a catapult\u00e9 du gauche le ballon au fond des filets en premi\u00e8re intention, aid\u00e9 par la barre transversale. [...]","og_url":"https:\/\/www.ladiagonale.net\/index.php\/2024\/10\/11\/akliouche-buteur-avec-les-bleuets\/","og_site_name":"La Diagonale","article_published_time":"2024-10-11T20:11:20+00:00","article_modified_time":"2024-10-11T20:11:21+00:00","og_image":[{"width":1160,"height":650,"url":"https:\/\/www.ladiagonale.net\/wp-content\/uploads\/2024\/07\/akliouche-jo.png","type":"image\/png"}],"author":"Damien Dellerba","twitter_card":"summary_large_image","twitter_image":"https:\/\/www.ladiagonale.net\/wp-content\/uploads\/2024\/07\/akliouche-jo.png","twitter_misc":{"\u00c9crit par":"Damien Dellerba","Dur\u00e9e de lecture estim\u00e9e":"2 minutes"},"schema":{"@context":"https:\/\/schema.org","@graph":[{"@type":"WebPage","@id":"https:\/\/www.ladiagonale.net\/index.php\/2024\/10\/11\/akliouche-buteur-avec-les-bleuets\/","url":"https:\/\/www.ladiagonale.net\/index.php\/2024\/10\/11\/akliouche-buteur-avec-les-bleuets\/","name":"Akliouche buteur avec les Bleuets - La Diagonale","isPartOf":{"@id":"https:\/\/www.ladiagonale.net\/#website"},"datePublished":"2024-10-11T20:11:20+00:00","dateModified":"2024-10-11T20:11:21+00:00","author":{"@id":"https:\/\/www.ladiagonale.net\/#\/schema\/person\/79ff1e7b0853ed01b2aa26e64ad300bf"},"breadcrumb":{"@id":"https:\/\/www.ladiagonale.net\/index.php\/2024\/10\/11\/akliouche-buteur-avec-les-bleuets\/#breadcrumb"},"inLanguage":"fr-FR","potentialAction":[{"@type":"ReadAction","target":["https:\/\/www.ladiagonale.net\/index.php\/2024\/10\/11\/akliouche-buteur-avec-les-bleuets\/"]}]},{"@type":"BreadcrumbList","@id":"https:\/\/www.ladiagonale.net\/index.php\/2024\/10\/11\/akliouche-buteur-avec-les-bleuets\/#breadcrumb","itemListElement":[{"@type":"ListItem","position":1,"name":"Accueil","item":"https:\/\/www.ladiagonale.net\/"},{"@type":"ListItem","position":2,"name":"Akliouche buteur avec les Bleuets"}]},{"@type":"WebSite","@id":"https:\/\/www.ladiagonale.net\/#website","url":"https:\/\/www.ladiagonale.net\/","name":"La Diagonale","description":"Le site des supporters de l&#039;AS Monaco FC","potentialAction":[{"@type":"SearchAction","target":{"@type":"EntryPoint","urlTemplate":"https:\/\/www.ladiagonale.net\/?s={search_term_string}"},"query-input":"required name=search_term_string"}],"inLanguage":"fr-FR"},{"@type":"Person","@id":"https:\/\/www.ladiagonale.net\/#\/schema\/person\/79ff1e7b0853ed01b2aa26e64ad300bf","name":"Damien Dellerba","image":{"@type":"ImageObject","inLanguage":"fr-FR","@id":"https:\/\/www.ladiagonale.net\/#\/schema\/person\/image\/","url":"https:\/\/secure.gravatar.com\/avatar\/c7850e06d3ff63cdbaee88b7fc16e2f0?s=96&d=mm&r=g","contentUrl":"https:\/\/secure.gravatar.com\/avatar\/c7850e06d3ff63cdbaee88b7fc16e2f0?s=96&d=mm&r=g","caption":"Damien Dellerba"},"url":"https:\/\/www.ladiagonale.net\/index.php\/author\/damien\/"}]}},"_links":{"self":[{"href":"https:\/\/www.ladiagonale.net\/index.php\/wp-json\/wp\/v2\/posts\/26543"}],"collection":[{"href":"https:\/\/www.ladiagonale.net\/index.php\/wp-json\/wp\/v2\/posts"}],"about":[{"href":"https:\/\/www.ladiagonale.net\/index.php\/wp-json\/wp\/v2\/types\/post"}],"author":[{"embeddable":true,"href":"https:\/\/www.ladiagonale.net\/index.php\/wp-json\/wp\/v2\/users\/2"}],"replies":[{"embeddable":true,"href":"https:\/\/www.ladiagonale.net\/index.php\/wp-json\/wp\/v2\/comments?post=26543"}],"version-history":[{"count":1,"href":"https:\/\/www.ladiagonale.net\/index.php\/wp-json\/wp\/v2\/posts\/26543\/revisions"}],"predecessor-version":[{"id":26544,"href":"https:\/\/www.ladiagonale.net\/index.php\/wp-json\/wp\/v2\/posts\/26543\/revisions\/26544"}],"wp:attachment":[{"href":"https:\/\/www.ladiagonale.net\/index.php\/wp-json\/wp\/v2\/media?parent=26543"}],"wp:term":[{"taxonomy":"category","embeddable":true,"href":"https:\/\/www.ladiagonale.net\/index.php\/wp-json\/wp\/v2\/categories?post=26543"},{"taxonomy":"post_tag","embeddable":true,"href":"https:\/\/www.ladiagonale.net\/index.php\/wp-json\/wp\/v2\/tags?post=26543"}],"curies":[{"name":"wp","href":"https:\/\/api.w.org\/{rel}","templated":true}]}}