{"id":26606,"date":"2024-10-12T19:52:37","date_gmt":"2024-10-12T17:52:37","guid":{"rendered":"https:\/\/www.ladiagonale.net\/?p=26606"},"modified":"2024-10-12T19:52:38","modified_gmt":"2024-10-12T17:52:38","slug":"les-u19-accroches-sur-la-pelouse-du-gazelec-ajaccio","status":"publish","type":"post","link":"https:\/\/www.ladiagonale.net\/index.php\/2024\/10\/12\/les-u19-accroches-sur-la-pelouse-du-gazelec-ajaccio\/","title":{"rendered":"Les U19 accroch\u00e9s sur la pelouse du Gaz\u00e9lec Ajaccio"},"content":{"rendered":"\n<p>Si l\u2019\u00e9quipe premi\u00e8re n&rsquo;a rien au programme en ce moment, ce n\u2019est pas le cas de l\u2019Academy. Les U19 de l\u2019AS Monaco, qui n\u2019avaient pas jou\u00e9 la semaine derni\u00e8re contre Ghisonaccia en raison de gr\u00e8ves dans les transports ayant affect\u00e9 la Corse, \u00e9taient bien pr\u00e9sents cette fois sur l\u2019\u00cele de Beaut\u00e9 pour affronter le Gaz\u00e9lec Ajaccio ce samedi, \u00e0 l\u2019occasion de la 8<sup>e<\/sup> journ\u00e9e de championnat. Les Rouge et Blanc ont \u00e9t\u00e9 tenus en \u00e9chec (0-0).<\/p>\n\n\n\n<p>S\u2019ils sont d\u00e9sormais invaincus depuis quatre rencontres, les hommes de Fr\u00e9d\u00e9ric Barilaro n\u2019avancent pas pour autant au classement, avec une neuvi\u00e8me place et neuf points pris en sept matches. Dimanche prochain (15h30), ils recevront l\u2019autre club ajaccien, l\u2019ACA, avant qu\u2019une partie de son effectif ne se frotte \u00e0 l\u2019\u00c9toile Rouge Belgrade en Youth League, le 22 octobre.<\/p>\n\n\n","protected":false},"excerpt":{"rendered":"<p>Si l\u2019\u00e9quipe premi\u00e8re n&rsquo;a rien au programme en ce moment, ce n\u2019est pas le cas de l\u2019Academy. Les U19 de l\u2019AS Monaco, qui n\u2019avaient pas jou\u00e9 la semaine derni\u00e8re contre Ghisonaccia en raison de gr\u00e8ves dans les transports ayant affect\u00e9 la Corse, \u00e9taient bien pr\u00e9sents cette fois sur l\u2019\u00cele de Beaut\u00e9 pour affronter le Gaz\u00e9lec [&#8230;]\n","protected":false},"author":2,"featured_media":0,"comment_status":"open","ping_status":"open","sticky":false,"template":"","format":"standard","meta":[],"categories":[6],"tags":[76,86,112],"yoast_head":"<!-- This site is optimized with the Yoast SEO plugin v19.8 - https:\/\/yoast.com\/wordpress\/plugins\/seo\/ -->\n<title>Les U19 accroch\u00e9s sur la pelouse du Gaz\u00e9lec Ajaccio - La Diagonale<\/title>\n<meta name=\"robots\" content=\"index, follow, max-snippet:-1, max-image-preview:large, max-video-preview:-1\" \/>\n<link rel=\"canonical\" href=\"https:\/\/www.ladiagonale.net\/index.php\/2024\/10\/12\/les-u19-accroches-sur-la-pelouse-du-gazelec-ajaccio\/\" \/>\n<meta property=\"og:locale\" content=\"fr_FR\" \/>\n<meta property=\"og:type\" content=\"article\" \/>\n<meta property=\"og:title\" content=\"Les U19 accroch\u00e9s sur la pelouse du Gaz\u00e9lec Ajaccio - La Diagonale\" \/>\n<meta property=\"og:description\" content=\"Si l\u2019\u00e9quipe premi\u00e8re n&rsquo;a rien au programme en ce moment, ce n\u2019est pas le cas de l\u2019Academy. Les U19 de l\u2019AS Monaco, qui n\u2019avaient pas jou\u00e9 la semaine derni\u00e8re contre Ghisonaccia en raison de gr\u00e8ves dans les transports ayant affect\u00e9 la Corse, \u00e9taient bien pr\u00e9sents cette fois sur l\u2019\u00cele de Beaut\u00e9 pour affronter le Gaz\u00e9lec [...]\" \/>\n<meta property=\"og:url\" content=\"https:\/\/www.ladiagonale.net\/index.php\/2024\/10\/12\/les-u19-accroches-sur-la-pelouse-du-gazelec-ajaccio\/\" \/>\n<meta property=\"og:site_name\" content=\"La Diagonale\" \/>\n<meta property=\"article:published_time\" content=\"2024-10-12T17:52:37+00:00\" \/>\n<meta property=\"article:modified_time\" content=\"2024-10-12T17:52:38+00:00\" \/>\n<meta property=\"og:image\" content=\"https:\/\/www.ladiagonale.net\/wp-content\/uploads\/2024\/09\/export-2024-03-20t191254886.jpg\" \/>\n\t<meta property=\"og:image:width\" content=\"1160\" \/>\n\t<meta property=\"og:image:height\" content=\"650\" \/>\n\t<meta property=\"og:image:type\" content=\"image\/jpeg\" \/>\n<meta name=\"author\" content=\"Damien Dellerba\" \/>\n<meta name=\"twitter:card\" content=\"summary_large_image\" \/>\n<meta name=\"twitter:image\" content=\"https:\/\/www.ladiagonale.net\/wp-content\/uploads\/2024\/09\/export-2024-03-20t191254886.jpg\" \/>\n<meta name=\"twitter:label1\" content=\"\u00c9crit par\" \/>\n\t<meta name=\"twitter:data1\" content=\"Damien Dellerba\" \/>\n\t<meta name=\"twitter:label2\" content=\"Dur\u00e9e de lecture estim\u00e9e\" \/>\n\t<meta name=\"twitter:data2\" content=\"1 minute\" \/>\n<script type=\"application\/ld+json\" class=\"yoast-schema-graph\">{\"@context\":\"https:\/\/schema.org\",\"@graph\":[{\"@type\":\"WebPage\",\"@id\":\"https:\/\/www.ladiagonale.net\/index.php\/2024\/10\/12\/les-u19-accroches-sur-la-pelouse-du-gazelec-ajaccio\/\",\"url\":\"https:\/\/www.ladiagonale.net\/index.php\/2024\/10\/12\/les-u19-accroches-sur-la-pelouse-du-gazelec-ajaccio\/\",\"name\":\"Les U19 accroch\u00e9s sur la pelouse du Gaz\u00e9lec Ajaccio - La Diagonale\",\"isPartOf\":{\"@id\":\"https:\/\/www.ladiagonale.net\/#website\"},\"datePublished\":\"2024-10-12T17:52:37+00:00\",\"dateModified\":\"2024-10-12T17:52:38+00:00\",\"author\":{\"@id\":\"https:\/\/www.ladiagonale.net\/#\/schema\/person\/79ff1e7b0853ed01b2aa26e64ad300bf\"},\"breadcrumb\":{\"@id\":\"https:\/\/www.ladiagonale.net\/index.php\/2024\/10\/12\/les-u19-accroches-sur-la-pelouse-du-gazelec-ajaccio\/#breadcrumb\"},\"inLanguage\":\"fr-FR\",\"potentialAction\":[{\"@type\":\"ReadAction\",\"target\":[\"https:\/\/www.ladiagonale.net\/index.php\/2024\/10\/12\/les-u19-accroches-sur-la-pelouse-du-gazelec-ajaccio\/\"]}]},{\"@type\":\"BreadcrumbList\",\"@id\":\"https:\/\/www.ladiagonale.net\/index.php\/2024\/10\/12\/les-u19-accroches-sur-la-pelouse-du-gazelec-ajaccio\/#breadcrumb\",\"itemListElement\":[{\"@type\":\"ListItem\",\"position\":1,\"name\":\"Accueil\",\"item\":\"https:\/\/www.ladiagonale.net\/\"},{\"@type\":\"ListItem\",\"position\":2,\"name\":\"Les U19 accroch\u00e9s sur la pelouse du Gaz\u00e9lec Ajaccio\"}]},{\"@type\":\"WebSite\",\"@id\":\"https:\/\/www.ladiagonale.net\/#website\",\"url\":\"https:\/\/www.ladiagonale.net\/\",\"name\":\"La Diagonale\",\"description\":\"Le site des supporters de l&#039;AS Monaco FC\",\"potentialAction\":[{\"@type\":\"SearchAction\",\"target\":{\"@type\":\"EntryPoint\",\"urlTemplate\":\"https:\/\/www.ladiagonale.net\/?s={search_term_string}\"},\"query-input\":\"required name=search_term_string\"}],\"inLanguage\":\"fr-FR\"},{\"@type\":\"Person\",\"@id\":\"https:\/\/www.ladiagonale.net\/#\/schema\/person\/79ff1e7b0853ed01b2aa26e64ad300bf\",\"name\":\"Damien Dellerba\",\"image\":{\"@type\":\"ImageObject\",\"inLanguage\":\"fr-FR\",\"@id\":\"https:\/\/www.ladiagonale.net\/#\/schema\/person\/image\/\",\"url\":\"https:\/\/secure.gravatar.com\/avatar\/c7850e06d3ff63cdbaee88b7fc16e2f0?s=96&d=mm&r=g\",\"contentUrl\":\"https:\/\/secure.gravatar.com\/avatar\/c7850e06d3ff63cdbaee88b7fc16e2f0?s=96&d=mm&r=g\",\"caption\":\"Damien Dellerba\"},\"url\":\"https:\/\/www.ladiagonale.net\/index.php\/author\/damien\/\"}]}<\/script>\n<!-- \/ Yoast SEO plugin. -->","yoast_head_json":{"title":"Les U19 accroch\u00e9s sur la pelouse du Gaz\u00e9lec Ajaccio - La Diagonale","robots":{"index":"index","follow":"follow","max-snippet":"max-snippet:-1","max-image-preview":"max-image-preview:large","max-video-preview":"max-video-preview:-1"},"canonical":"https:\/\/www.ladiagonale.net\/index.php\/2024\/10\/12\/les-u19-accroches-sur-la-pelouse-du-gazelec-ajaccio\/","og_locale":"fr_FR","og_type":"article","og_title":"Les U19 accroch\u00e9s sur la pelouse du Gaz\u00e9lec Ajaccio - La Diagonale","og_description":"Si l\u2019\u00e9quipe premi\u00e8re n&rsquo;a rien au programme en ce moment, ce n\u2019est pas le cas de l\u2019Academy. Les U19 de l\u2019AS Monaco, qui n\u2019avaient pas jou\u00e9 la semaine derni\u00e8re contre Ghisonaccia en raison de gr\u00e8ves dans les transports ayant affect\u00e9 la Corse, \u00e9taient bien pr\u00e9sents cette fois sur l\u2019\u00cele de Beaut\u00e9 pour affronter le Gaz\u00e9lec [...]","og_url":"https:\/\/www.ladiagonale.net\/index.php\/2024\/10\/12\/les-u19-accroches-sur-la-pelouse-du-gazelec-ajaccio\/","og_site_name":"La Diagonale","article_published_time":"2024-10-12T17:52:37+00:00","article_modified_time":"2024-10-12T17:52:38+00:00","og_image":[{"width":1160,"height":650,"url":"https:\/\/www.ladiagonale.net\/wp-content\/uploads\/2024\/09\/export-2024-03-20t191254886.jpg","type":"image\/jpeg"}],"author":"Damien Dellerba","twitter_card":"summary_large_image","twitter_image":"https:\/\/www.ladiagonale.net\/wp-content\/uploads\/2024\/09\/export-2024-03-20t191254886.jpg","twitter_misc":{"\u00c9crit par":"Damien Dellerba","Dur\u00e9e de lecture estim\u00e9e":"1 minute"},"schema":{"@context":"https:\/\/schema.org","@graph":[{"@type":"WebPage","@id":"https:\/\/www.ladiagonale.net\/index.php\/2024\/10\/12\/les-u19-accroches-sur-la-pelouse-du-gazelec-ajaccio\/","url":"https:\/\/www.ladiagonale.net\/index.php\/2024\/10\/12\/les-u19-accroches-sur-la-pelouse-du-gazelec-ajaccio\/","name":"Les U19 accroch\u00e9s sur la pelouse du Gaz\u00e9lec Ajaccio - La Diagonale","isPartOf":{"@id":"https:\/\/www.ladiagonale.net\/#website"},"datePublished":"2024-10-12T17:52:37+00:00","dateModified":"2024-10-12T17:52:38+00:00","author":{"@id":"https:\/\/www.ladiagonale.net\/#\/schema\/person\/79ff1e7b0853ed01b2aa26e64ad300bf"},"breadcrumb":{"@id":"https:\/\/www.ladiagonale.net\/index.php\/2024\/10\/12\/les-u19-accroches-sur-la-pelouse-du-gazelec-ajaccio\/#breadcrumb"},"inLanguage":"fr-FR","potentialAction":[{"@type":"ReadAction","target":["https:\/\/www.ladiagonale.net\/index.php\/2024\/10\/12\/les-u19-accroches-sur-la-pelouse-du-gazelec-ajaccio\/"]}]},{"@type":"BreadcrumbList","@id":"https:\/\/www.ladiagonale.net\/index.php\/2024\/10\/12\/les-u19-accroches-sur-la-pelouse-du-gazelec-ajaccio\/#breadcrumb","itemListElement":[{"@type":"ListItem","position":1,"name":"Accueil","item":"https:\/\/www.ladiagonale.net\/"},{"@type":"ListItem","position":2,"name":"Les U19 accroch\u00e9s sur la pelouse du Gaz\u00e9lec Ajaccio"}]},{"@type":"WebSite","@id":"https:\/\/www.ladiagonale.net\/#website","url":"https:\/\/www.ladiagonale.net\/","name":"La Diagonale","description":"Le site des supporters de l&#039;AS Monaco FC","potentialAction":[{"@type":"SearchAction","target":{"@type":"EntryPoint","urlTemplate":"https:\/\/www.ladiagonale.net\/?s={search_term_string}"},"query-input":"required name=search_term_string"}],"inLanguage":"fr-FR"},{"@type":"Person","@id":"https:\/\/www.ladiagonale.net\/#\/schema\/person\/79ff1e7b0853ed01b2aa26e64ad300bf","name":"Damien Dellerba","image":{"@type":"ImageObject","inLanguage":"fr-FR","@id":"https:\/\/www.ladiagonale.net\/#\/schema\/person\/image\/","url":"https:\/\/secure.gravatar.com\/avatar\/c7850e06d3ff63cdbaee88b7fc16e2f0?s=96&d=mm&r=g","contentUrl":"https:\/\/secure.gravatar.com\/avatar\/c7850e06d3ff63cdbaee88b7fc16e2f0?s=96&d=mm&r=g","caption":"Damien Dellerba"},"url":"https:\/\/www.ladiagonale.net\/index.php\/author\/damien\/"}]}},"_links":{"self":[{"href":"https:\/\/www.ladiagonale.net\/index.php\/wp-json\/wp\/v2\/posts\/26606"}],"collection":[{"href":"https:\/\/www.ladiagonale.net\/index.php\/wp-json\/wp\/v2\/posts"}],"about":[{"href":"https:\/\/www.ladiagonale.net\/index.php\/wp-json\/wp\/v2\/types\/post"}],"author":[{"embeddable":true,"href":"https:\/\/www.ladiagonale.net\/index.php\/wp-json\/wp\/v2\/users\/2"}],"replies":[{"embeddable":true,"href":"https:\/\/www.ladiagonale.net\/index.php\/wp-json\/wp\/v2\/comments?post=26606"}],"version-history":[{"count":1,"href":"https:\/\/www.ladiagonale.net\/index.php\/wp-json\/wp\/v2\/posts\/26606\/revisions"}],"predecessor-version":[{"id":26607,"href":"https:\/\/www.ladiagonale.net\/index.php\/wp-json\/wp\/v2\/posts\/26606\/revisions\/26607"}],"wp:attachment":[{"href":"https:\/\/www.ladiagonale.net\/index.php\/wp-json\/wp\/v2\/media?parent=26606"}],"wp:term":[{"taxonomy":"category","embeddable":true,"href":"https:\/\/www.ladiagonale.net\/index.php\/wp-json\/wp\/v2\/categories?post=26606"},{"taxonomy":"post_tag","embeddable":true,"href":"https:\/\/www.ladiagonale.net\/index.php\/wp-json\/wp\/v2\/tags?post=26606"}],"curies":[{"name":"wp","href":"https:\/\/api.w.org\/{rel}","templated":true}]}}