{"id":26627,"date":"2024-10-14T19:49:23","date_gmt":"2024-10-14T17:49:23","guid":{"rendered":"https:\/\/www.ladiagonale.net\/?p=26627"},"modified":"2024-10-14T19:51:46","modified_gmt":"2024-10-14T17:51:46","slug":"un-double-pour-michal-avec-lequipe-de-france-u20","status":"publish","type":"post","link":"https:\/\/www.ladiagonale.net\/index.php\/2024\/10\/14\/un-double-pour-michal-avec-lequipe-de-france-u20\/","title":{"rendered":"Un doubl\u00e9 pour Michal avec l\u2019\u00e9quipe de France U20"},"content":{"rendered":"\n<p>L\u2019\u00e9quipe de France U20, dans laquelle l&rsquo;AS Monaco est largement repr\u00e9sent\u00e9e avec quatre joueurs, a battu le Maroc (5-4) de Yanis Benchaouch ce lundi, quelques jours <a href=\"https:\/\/www.ladiagonale.net\/index.php\/2024\/10\/11\/akliouche-buteur-avec-les-bleuets\/\" target=\"_blank\" rel=\"noreferrer noopener\">apr\u00e8s leur victoire lors du premier match<\/a>. Si le portier marocain de l\u2019AS Monaco avait eu la douleur d\u2019encaisser quatre buts, son co\u00e9quipier, cette fois titulaire, a fait pire en prenant cinq buts, dont un doubl\u00e9 de Lucas Michal (3<sup>e<\/sup>, 35<sup>e<\/sup>). L\u2019attaquant du Groupe \u00c9lite \u00e9tait titulaire, tout comme Sa\u00efmon Bouabr\u00e9. Christian Mawissa est entr\u00e9 \u00e0 l\u2019heure de jeu tandis que Mayssam Benama est rest\u00e9 sur le banc.<\/p>\n\n\n\n<p>Dimanche, la Belgique U18 de Samuel Nibombe a de nouveau battu l\u2019Arabie saoudite (2-1) mais moins largement que la premi\u00e8re fois (5-1). Comme lors de la premi\u00e8re manche entre les deux \u00e9quipes, le d\u00e9fenseur central mon\u00e9gasque a disput\u00e9 45 minutes tout en portant le brassard de capitaine au coup d\u2019envoi.<\/p>\n\n\n","protected":false},"excerpt":{"rendered":"<p>L\u2019\u00e9quipe de France U20, dans laquelle l&rsquo;AS Monaco est largement repr\u00e9sent\u00e9e avec quatre joueurs, a battu le Maroc (5-4) de Yanis Benchaouch ce lundi, quelques jours apr\u00e8s leur victoire lors du premier match. Si le portier marocain de l\u2019AS Monaco avait eu la douleur d\u2019encaisser quatre buts, son co\u00e9quipier, cette fois titulaire, a fait pire [&#8230;]\n","protected":false},"author":2,"featured_media":0,"comment_status":"open","ping_status":"open","sticky":false,"template":"","format":"standard","meta":[],"categories":[6],"tags":[76,86,908,826,71,543,804,453,413,709,116,798],"yoast_head":"<!-- This site is optimized with the Yoast SEO plugin v19.8 - https:\/\/yoast.com\/wordpress\/plugins\/seo\/ -->\n<title>Un doubl\u00e9 pour Michal avec l\u2019\u00e9quipe de France U20 - La Diagonale<\/title>\n<meta name=\"robots\" content=\"index, follow, max-snippet:-1, max-image-preview:large, max-video-preview:-1\" \/>\n<link rel=\"canonical\" href=\"https:\/\/www.ladiagonale.net\/index.php\/2024\/10\/14\/un-double-pour-michal-avec-lequipe-de-france-u20\/\" \/>\n<meta property=\"og:locale\" content=\"fr_FR\" \/>\n<meta property=\"og:type\" content=\"article\" \/>\n<meta property=\"og:title\" content=\"Un doubl\u00e9 pour Michal avec l\u2019\u00e9quipe de France U20 - La Diagonale\" \/>\n<meta property=\"og:description\" content=\"L\u2019\u00e9quipe de France U20, dans laquelle l&rsquo;AS Monaco est largement repr\u00e9sent\u00e9e avec quatre joueurs, a battu le Maroc (5-4) de Yanis Benchaouch ce lundi, quelques jours apr\u00e8s leur victoire lors du premier match. Si le portier marocain de l\u2019AS Monaco avait eu la douleur d\u2019encaisser quatre buts, son co\u00e9quipier, cette fois titulaire, a fait pire [...]\" \/>\n<meta property=\"og:url\" content=\"https:\/\/www.ladiagonale.net\/index.php\/2024\/10\/14\/un-double-pour-michal-avec-lequipe-de-france-u20\/\" \/>\n<meta property=\"og:site_name\" content=\"La Diagonale\" \/>\n<meta property=\"article:published_time\" content=\"2024-10-14T17:49:23+00:00\" \/>\n<meta property=\"article:modified_time\" content=\"2024-10-14T17:51:46+00:00\" \/>\n<meta property=\"og:image\" content=\"https:\/\/www.ladiagonale.net\/wp-content\/uploads\/2024\/10\/michal-edf.png\" \/>\n\t<meta property=\"og:image:width\" content=\"1160\" \/>\n\t<meta property=\"og:image:height\" content=\"650\" \/>\n\t<meta property=\"og:image:type\" content=\"image\/png\" \/>\n<meta name=\"author\" content=\"Damien Dellerba\" \/>\n<meta name=\"twitter:card\" content=\"summary_large_image\" \/>\n<meta name=\"twitter:image\" content=\"https:\/\/www.ladiagonale.net\/wp-content\/uploads\/2024\/10\/michal-edf.png\" \/>\n<meta name=\"twitter:label1\" content=\"\u00c9crit par\" \/>\n\t<meta name=\"twitter:data1\" content=\"Damien Dellerba\" \/>\n\t<meta name=\"twitter:label2\" content=\"Dur\u00e9e de lecture estim\u00e9e\" \/>\n\t<meta name=\"twitter:data2\" content=\"1 minute\" \/>\n<script type=\"application\/ld+json\" class=\"yoast-schema-graph\">{\"@context\":\"https:\/\/schema.org\",\"@graph\":[{\"@type\":\"WebPage\",\"@id\":\"https:\/\/www.ladiagonale.net\/index.php\/2024\/10\/14\/un-double-pour-michal-avec-lequipe-de-france-u20\/\",\"url\":\"https:\/\/www.ladiagonale.net\/index.php\/2024\/10\/14\/un-double-pour-michal-avec-lequipe-de-france-u20\/\",\"name\":\"Un doubl\u00e9 pour Michal avec l\u2019\u00e9quipe de France U20 - La Diagonale\",\"isPartOf\":{\"@id\":\"https:\/\/www.ladiagonale.net\/#website\"},\"datePublished\":\"2024-10-14T17:49:23+00:00\",\"dateModified\":\"2024-10-14T17:51:46+00:00\",\"author\":{\"@id\":\"https:\/\/www.ladiagonale.net\/#\/schema\/person\/79ff1e7b0853ed01b2aa26e64ad300bf\"},\"breadcrumb\":{\"@id\":\"https:\/\/www.ladiagonale.net\/index.php\/2024\/10\/14\/un-double-pour-michal-avec-lequipe-de-france-u20\/#breadcrumb\"},\"inLanguage\":\"fr-FR\",\"potentialAction\":[{\"@type\":\"ReadAction\",\"target\":[\"https:\/\/www.ladiagonale.net\/index.php\/2024\/10\/14\/un-double-pour-michal-avec-lequipe-de-france-u20\/\"]}]},{\"@type\":\"BreadcrumbList\",\"@id\":\"https:\/\/www.ladiagonale.net\/index.php\/2024\/10\/14\/un-double-pour-michal-avec-lequipe-de-france-u20\/#breadcrumb\",\"itemListElement\":[{\"@type\":\"ListItem\",\"position\":1,\"name\":\"Accueil\",\"item\":\"https:\/\/www.ladiagonale.net\/\"},{\"@type\":\"ListItem\",\"position\":2,\"name\":\"Un doubl\u00e9 pour Michal avec l\u2019\u00e9quipe de France U20\"}]},{\"@type\":\"WebSite\",\"@id\":\"https:\/\/www.ladiagonale.net\/#website\",\"url\":\"https:\/\/www.ladiagonale.net\/\",\"name\":\"La Diagonale\",\"description\":\"Le site des supporters de l&#039;AS Monaco FC\",\"potentialAction\":[{\"@type\":\"SearchAction\",\"target\":{\"@type\":\"EntryPoint\",\"urlTemplate\":\"https:\/\/www.ladiagonale.net\/?s={search_term_string}\"},\"query-input\":\"required name=search_term_string\"}],\"inLanguage\":\"fr-FR\"},{\"@type\":\"Person\",\"@id\":\"https:\/\/www.ladiagonale.net\/#\/schema\/person\/79ff1e7b0853ed01b2aa26e64ad300bf\",\"name\":\"Damien Dellerba\",\"image\":{\"@type\":\"ImageObject\",\"inLanguage\":\"fr-FR\",\"@id\":\"https:\/\/www.ladiagonale.net\/#\/schema\/person\/image\/\",\"url\":\"https:\/\/secure.gravatar.com\/avatar\/c7850e06d3ff63cdbaee88b7fc16e2f0?s=96&d=mm&r=g\",\"contentUrl\":\"https:\/\/secure.gravatar.com\/avatar\/c7850e06d3ff63cdbaee88b7fc16e2f0?s=96&d=mm&r=g\",\"caption\":\"Damien Dellerba\"},\"url\":\"https:\/\/www.ladiagonale.net\/index.php\/author\/damien\/\"}]}<\/script>\n<!-- \/ Yoast SEO plugin. -->","yoast_head_json":{"title":"Un doubl\u00e9 pour Michal avec l\u2019\u00e9quipe de France U20 - La Diagonale","robots":{"index":"index","follow":"follow","max-snippet":"max-snippet:-1","max-image-preview":"max-image-preview:large","max-video-preview":"max-video-preview:-1"},"canonical":"https:\/\/www.ladiagonale.net\/index.php\/2024\/10\/14\/un-double-pour-michal-avec-lequipe-de-france-u20\/","og_locale":"fr_FR","og_type":"article","og_title":"Un doubl\u00e9 pour Michal avec l\u2019\u00e9quipe de France U20 - La Diagonale","og_description":"L\u2019\u00e9quipe de France U20, dans laquelle l&rsquo;AS Monaco est largement repr\u00e9sent\u00e9e avec quatre joueurs, a battu le Maroc (5-4) de Yanis Benchaouch ce lundi, quelques jours apr\u00e8s leur victoire lors du premier match. Si le portier marocain de l\u2019AS Monaco avait eu la douleur d\u2019encaisser quatre buts, son co\u00e9quipier, cette fois titulaire, a fait pire [...]","og_url":"https:\/\/www.ladiagonale.net\/index.php\/2024\/10\/14\/un-double-pour-michal-avec-lequipe-de-france-u20\/","og_site_name":"La Diagonale","article_published_time":"2024-10-14T17:49:23+00:00","article_modified_time":"2024-10-14T17:51:46+00:00","og_image":[{"width":1160,"height":650,"url":"https:\/\/www.ladiagonale.net\/wp-content\/uploads\/2024\/10\/michal-edf.png","type":"image\/png"}],"author":"Damien Dellerba","twitter_card":"summary_large_image","twitter_image":"https:\/\/www.ladiagonale.net\/wp-content\/uploads\/2024\/10\/michal-edf.png","twitter_misc":{"\u00c9crit par":"Damien Dellerba","Dur\u00e9e de lecture estim\u00e9e":"1 minute"},"schema":{"@context":"https:\/\/schema.org","@graph":[{"@type":"WebPage","@id":"https:\/\/www.ladiagonale.net\/index.php\/2024\/10\/14\/un-double-pour-michal-avec-lequipe-de-france-u20\/","url":"https:\/\/www.ladiagonale.net\/index.php\/2024\/10\/14\/un-double-pour-michal-avec-lequipe-de-france-u20\/","name":"Un doubl\u00e9 pour Michal avec l\u2019\u00e9quipe de France U20 - La Diagonale","isPartOf":{"@id":"https:\/\/www.ladiagonale.net\/#website"},"datePublished":"2024-10-14T17:49:23+00:00","dateModified":"2024-10-14T17:51:46+00:00","author":{"@id":"https:\/\/www.ladiagonale.net\/#\/schema\/person\/79ff1e7b0853ed01b2aa26e64ad300bf"},"breadcrumb":{"@id":"https:\/\/www.ladiagonale.net\/index.php\/2024\/10\/14\/un-double-pour-michal-avec-lequipe-de-france-u20\/#breadcrumb"},"inLanguage":"fr-FR","potentialAction":[{"@type":"ReadAction","target":["https:\/\/www.ladiagonale.net\/index.php\/2024\/10\/14\/un-double-pour-michal-avec-lequipe-de-france-u20\/"]}]},{"@type":"BreadcrumbList","@id":"https:\/\/www.ladiagonale.net\/index.php\/2024\/10\/14\/un-double-pour-michal-avec-lequipe-de-france-u20\/#breadcrumb","itemListElement":[{"@type":"ListItem","position":1,"name":"Accueil","item":"https:\/\/www.ladiagonale.net\/"},{"@type":"ListItem","position":2,"name":"Un doubl\u00e9 pour Michal avec l\u2019\u00e9quipe de France U20"}]},{"@type":"WebSite","@id":"https:\/\/www.ladiagonale.net\/#website","url":"https:\/\/www.ladiagonale.net\/","name":"La Diagonale","description":"Le site des supporters de l&#039;AS Monaco FC","potentialAction":[{"@type":"SearchAction","target":{"@type":"EntryPoint","urlTemplate":"https:\/\/www.ladiagonale.net\/?s={search_term_string}"},"query-input":"required name=search_term_string"}],"inLanguage":"fr-FR"},{"@type":"Person","@id":"https:\/\/www.ladiagonale.net\/#\/schema\/person\/79ff1e7b0853ed01b2aa26e64ad300bf","name":"Damien Dellerba","image":{"@type":"ImageObject","inLanguage":"fr-FR","@id":"https:\/\/www.ladiagonale.net\/#\/schema\/person\/image\/","url":"https:\/\/secure.gravatar.com\/avatar\/c7850e06d3ff63cdbaee88b7fc16e2f0?s=96&d=mm&r=g","contentUrl":"https:\/\/secure.gravatar.com\/avatar\/c7850e06d3ff63cdbaee88b7fc16e2f0?s=96&d=mm&r=g","caption":"Damien Dellerba"},"url":"https:\/\/www.ladiagonale.net\/index.php\/author\/damien\/"}]}},"_links":{"self":[{"href":"https:\/\/www.ladiagonale.net\/index.php\/wp-json\/wp\/v2\/posts\/26627"}],"collection":[{"href":"https:\/\/www.ladiagonale.net\/index.php\/wp-json\/wp\/v2\/posts"}],"about":[{"href":"https:\/\/www.ladiagonale.net\/index.php\/wp-json\/wp\/v2\/types\/post"}],"author":[{"embeddable":true,"href":"https:\/\/www.ladiagonale.net\/index.php\/wp-json\/wp\/v2\/users\/2"}],"replies":[{"embeddable":true,"href":"https:\/\/www.ladiagonale.net\/index.php\/wp-json\/wp\/v2\/comments?post=26627"}],"version-history":[{"count":2,"href":"https:\/\/www.ladiagonale.net\/index.php\/wp-json\/wp\/v2\/posts\/26627\/revisions"}],"predecessor-version":[{"id":26630,"href":"https:\/\/www.ladiagonale.net\/index.php\/wp-json\/wp\/v2\/posts\/26627\/revisions\/26630"}],"wp:attachment":[{"href":"https:\/\/www.ladiagonale.net\/index.php\/wp-json\/wp\/v2\/media?parent=26627"}],"wp:term":[{"taxonomy":"category","embeddable":true,"href":"https:\/\/www.ladiagonale.net\/index.php\/wp-json\/wp\/v2\/categories?post=26627"},{"taxonomy":"post_tag","embeddable":true,"href":"https:\/\/www.ladiagonale.net\/index.php\/wp-json\/wp\/v2\/tags?post=26627"}],"curies":[{"name":"wp","href":"https:\/\/api.w.org\/{rel}","templated":true}]}}