{"id":26719,"date":"2024-10-17T15:56:05","date_gmt":"2024-10-17T13:56:05","guid":{"rendered":"https:\/\/www.ladiagonale.net\/?p=26719"},"modified":"2024-10-17T15:56:07","modified_gmt":"2024-10-17T13:56:07","slug":"hutter-confirme-majecki-dans-le-but-contre-lille","status":"publish","type":"post","link":"https:\/\/www.ladiagonale.net\/index.php\/2024\/10\/17\/hutter-confirme-majecki-dans-le-but-contre-lille\/","title":{"rendered":"H\u00fctter confirme Majecki dans le but contre Lille"},"content":{"rendered":"\n\n\n<p>Fin du suspense au poste de gardien. En conf\u00e9rence de presse, Adi H\u00fctter a confirm\u00e9 le retour dans le but de Radoslaw Majecki contre Lille vendredi et la fin de l\u2019int\u00e9rim pour Philipp K\u00f6hn : \u00ab\u00a0<em>Radek fera son retour dans le but. Nous allons changer. Et je vais vous expliquer pourquoi avant d\u2019avoir une seconde question sur le sujet. Philipp (K\u00f6hn) \u00e9tait notre num\u00e9ro 1 la saison derni\u00e8re quand il est arriv\u00e9. Mais il a sem\u00e9 le doute dans nos esprits et nous avions d\u00e9cid\u00e9 de faire ce changement de gardien. Radek a \u00e9t\u00e9 clairement install\u00e9 comme num\u00e9ro un et il a \u00e9t\u00e9 une pi\u00e8ce tr\u00e8s, tr\u00e8s importante pour atteindre nos grands objectifs de la saison derni\u00e8re.<\/em>\u00a0\u00bb<\/p>\n\n\n\n<p>Le technicien autrichien a voulu rendre hommage aux performances de Philipp K\u00f6hn sur ce d\u00e9but de saison, alors que l\u2019ASM a conc\u00e9d\u00e9 peu de buts jusqu\u2019\u00e0 pr\u00e9sent (7 en 9 matches) : \u00ab\u00a0<em>Philipp a eu l\u2019opportunit\u00e9 de retourner dans le but apr\u00e8s la blessure de Radek durant l\u2019intersaison. Mais il est maintenant en forme et peut reprendre sa place. Je veux saluer les performances de Philipp, ce qu\u2019il a accompli depuis le d\u00e9but de la saison.<\/em>\u00a0\u00bb<\/p>\n\n\n\n<p>Bien s\u00fbr l\u2019annonce n\u2019a pas forc\u00e9ment \u00e9t\u00e9 un moment agr\u00e9able pour H\u00fctter, m\u00eame si K\u00f6hn s\u2019est montr\u00e9 compr\u00e9hensif : \u00ab\u00a0<em>Nous avons discut\u00e9 avec les deux. Ce n\u2019\u00e9tait pas une d\u00e9cision facile mais Radek est l\u00e0 et il est notre num\u00e9ro un. Comme vous pouvez l\u2019imaginer, personne n\u2019est heureux de recevoir cette annonce, mais c\u2019est le football. J\u2019ai de l\u2019empathie pour lui. C\u2019est un professionnel. C\u2019\u00e9tait dur \u00e0 accepter mais il respecte cette d\u00e9cision, qui n\u2019\u00e9tait pas facile \u00e0 prendre \u00e9galement pour nous. En tant qu\u2019entra\u00eeneur, vous devez prendre des d\u00e9cisions et c\u2019\u00e9tait notre devoir de le faire.<\/em>\u00a0\u00bb<\/p>\n\n\n\n<p>Si H\u00fctter a d\u00fb trancher, il a aussi convenu qu\u2019il aurait \u00e9t\u00e9 injuste de rel\u00e9guer Majecki au r\u00f4le de doublure alors qu\u2019il \u00e9tait bless\u00e9 : \u00ab\u00a0<em>Il a \u00e9t\u00e9 incroyable la saison derni\u00e8re avec six clean sheets (sept, ndlr) en douze matches. Philipp a aussi \u00e9t\u00e9 bon cette saison. Mais la r\u00e9alit\u00e9 c\u2019est que Radek a \u00e9t\u00e9 \u00e9loign\u00e9 du but en raison d\u2019une blessure et non de ses performances. D\u2019un c\u00f4t\u00e9, c\u2019est un peu triste pour Philipp, mais je suis heureux aussi d\u2019avoir trois bons gardiens et j\u2019inclus \u00e9galement Yann Lienard. J\u2019ai confiance en ces trois joueurs.<\/em>\u00a0\u00bb<\/p>\n","protected":false},"excerpt":{"rendered":"<p>Fin du suspense au poste de gardien. En conf\u00e9rence de presse, Adi H\u00fctter a confirm\u00e9 le retour dans le but de Radoslaw Majecki contre Lille vendredi et la fin de l\u2019int\u00e9rim pour Philipp K\u00f6hn : \u00ab\u00a0Radek fera son retour dans le but. Nous allons changer. Et je vais vous expliquer pourquoi avant d\u2019avoir une seconde [&#8230;]\n","protected":false},"author":2,"featured_media":0,"comment_status":"open","ping_status":"open","sticky":false,"template":"","format":"standard","meta":[],"categories":[6],"tags":[576,86,94,615,430],"yoast_head":"<!-- This site is optimized with the Yoast SEO plugin v19.8 - https:\/\/yoast.com\/wordpress\/plugins\/seo\/ -->\n<title>H\u00fctter confirme Majecki dans le but contre Lille - La Diagonale<\/title>\n<meta name=\"robots\" content=\"index, follow, max-snippet:-1, max-image-preview:large, max-video-preview:-1\" \/>\n<link rel=\"canonical\" href=\"https:\/\/www.ladiagonale.net\/index.php\/2024\/10\/17\/hutter-confirme-majecki-dans-le-but-contre-lille\/\" \/>\n<meta property=\"og:locale\" content=\"fr_FR\" \/>\n<meta property=\"og:type\" content=\"article\" \/>\n<meta property=\"og:title\" content=\"H\u00fctter confirme Majecki dans le but contre Lille - La Diagonale\" \/>\n<meta property=\"og:description\" content=\"Fin du suspense au poste de gardien. En conf\u00e9rence de presse, Adi H\u00fctter a confirm\u00e9 le retour dans le but de Radoslaw Majecki contre Lille vendredi et la fin de l\u2019int\u00e9rim pour Philipp K\u00f6hn : \u00ab\u00a0Radek fera son retour dans le but. Nous allons changer. Et je vais vous expliquer pourquoi avant d\u2019avoir une seconde [...]\" \/>\n<meta property=\"og:url\" content=\"https:\/\/www.ladiagonale.net\/index.php\/2024\/10\/17\/hutter-confirme-majecki-dans-le-but-contre-lille\/\" \/>\n<meta property=\"og:site_name\" content=\"La Diagonale\" \/>\n<meta property=\"article:published_time\" content=\"2024-10-17T13:56:05+00:00\" \/>\n<meta property=\"article:modified_time\" content=\"2024-10-17T13:56:07+00:00\" \/>\n<meta property=\"og:image\" content=\"https:\/\/www.ladiagonale.net\/wp-content\/uploads\/2024\/10\/majecki.png\" \/>\n\t<meta property=\"og:image:width\" content=\"1160\" \/>\n\t<meta property=\"og:image:height\" content=\"650\" \/>\n\t<meta property=\"og:image:type\" content=\"image\/png\" \/>\n<meta name=\"author\" content=\"Damien Dellerba\" \/>\n<meta name=\"twitter:card\" content=\"summary_large_image\" \/>\n<meta name=\"twitter:image\" content=\"https:\/\/www.ladiagonale.net\/wp-content\/uploads\/2024\/10\/majecki.png\" \/>\n<meta name=\"twitter:label1\" content=\"\u00c9crit par\" \/>\n\t<meta name=\"twitter:data1\" content=\"Damien Dellerba\" \/>\n\t<meta name=\"twitter:label2\" content=\"Dur\u00e9e de lecture estim\u00e9e\" \/>\n\t<meta name=\"twitter:data2\" content=\"2 minutes\" \/>\n<script type=\"application\/ld+json\" class=\"yoast-schema-graph\">{\"@context\":\"https:\/\/schema.org\",\"@graph\":[{\"@type\":\"WebPage\",\"@id\":\"https:\/\/www.ladiagonale.net\/index.php\/2024\/10\/17\/hutter-confirme-majecki-dans-le-but-contre-lille\/\",\"url\":\"https:\/\/www.ladiagonale.net\/index.php\/2024\/10\/17\/hutter-confirme-majecki-dans-le-but-contre-lille\/\",\"name\":\"H\u00fctter confirme Majecki dans le but contre Lille - La Diagonale\",\"isPartOf\":{\"@id\":\"https:\/\/www.ladiagonale.net\/#website\"},\"datePublished\":\"2024-10-17T13:56:05+00:00\",\"dateModified\":\"2024-10-17T13:56:07+00:00\",\"author\":{\"@id\":\"https:\/\/www.ladiagonale.net\/#\/schema\/person\/79ff1e7b0853ed01b2aa26e64ad300bf\"},\"breadcrumb\":{\"@id\":\"https:\/\/www.ladiagonale.net\/index.php\/2024\/10\/17\/hutter-confirme-majecki-dans-le-but-contre-lille\/#breadcrumb\"},\"inLanguage\":\"fr-FR\",\"potentialAction\":[{\"@type\":\"ReadAction\",\"target\":[\"https:\/\/www.ladiagonale.net\/index.php\/2024\/10\/17\/hutter-confirme-majecki-dans-le-but-contre-lille\/\"]}]},{\"@type\":\"BreadcrumbList\",\"@id\":\"https:\/\/www.ladiagonale.net\/index.php\/2024\/10\/17\/hutter-confirme-majecki-dans-le-but-contre-lille\/#breadcrumb\",\"itemListElement\":[{\"@type\":\"ListItem\",\"position\":1,\"name\":\"Accueil\",\"item\":\"https:\/\/www.ladiagonale.net\/\"},{\"@type\":\"ListItem\",\"position\":2,\"name\":\"H\u00fctter confirme Majecki dans le but contre Lille\"}]},{\"@type\":\"WebSite\",\"@id\":\"https:\/\/www.ladiagonale.net\/#website\",\"url\":\"https:\/\/www.ladiagonale.net\/\",\"name\":\"La Diagonale\",\"description\":\"Le site des supporters de l&#039;AS Monaco FC\",\"potentialAction\":[{\"@type\":\"SearchAction\",\"target\":{\"@type\":\"EntryPoint\",\"urlTemplate\":\"https:\/\/www.ladiagonale.net\/?s={search_term_string}\"},\"query-input\":\"required name=search_term_string\"}],\"inLanguage\":\"fr-FR\"},{\"@type\":\"Person\",\"@id\":\"https:\/\/www.ladiagonale.net\/#\/schema\/person\/79ff1e7b0853ed01b2aa26e64ad300bf\",\"name\":\"Damien Dellerba\",\"image\":{\"@type\":\"ImageObject\",\"inLanguage\":\"fr-FR\",\"@id\":\"https:\/\/www.ladiagonale.net\/#\/schema\/person\/image\/\",\"url\":\"https:\/\/secure.gravatar.com\/avatar\/c7850e06d3ff63cdbaee88b7fc16e2f0?s=96&d=mm&r=g\",\"contentUrl\":\"https:\/\/secure.gravatar.com\/avatar\/c7850e06d3ff63cdbaee88b7fc16e2f0?s=96&d=mm&r=g\",\"caption\":\"Damien Dellerba\"},\"url\":\"https:\/\/www.ladiagonale.net\/index.php\/author\/damien\/\"}]}<\/script>\n<!-- \/ Yoast SEO plugin. -->","yoast_head_json":{"title":"H\u00fctter confirme Majecki dans le but contre Lille - La Diagonale","robots":{"index":"index","follow":"follow","max-snippet":"max-snippet:-1","max-image-preview":"max-image-preview:large","max-video-preview":"max-video-preview:-1"},"canonical":"https:\/\/www.ladiagonale.net\/index.php\/2024\/10\/17\/hutter-confirme-majecki-dans-le-but-contre-lille\/","og_locale":"fr_FR","og_type":"article","og_title":"H\u00fctter confirme Majecki dans le but contre Lille - La Diagonale","og_description":"Fin du suspense au poste de gardien. En conf\u00e9rence de presse, Adi H\u00fctter a confirm\u00e9 le retour dans le but de Radoslaw Majecki contre Lille vendredi et la fin de l\u2019int\u00e9rim pour Philipp K\u00f6hn : \u00ab\u00a0Radek fera son retour dans le but. Nous allons changer. Et je vais vous expliquer pourquoi avant d\u2019avoir une seconde [...]","og_url":"https:\/\/www.ladiagonale.net\/index.php\/2024\/10\/17\/hutter-confirme-majecki-dans-le-but-contre-lille\/","og_site_name":"La Diagonale","article_published_time":"2024-10-17T13:56:05+00:00","article_modified_time":"2024-10-17T13:56:07+00:00","og_image":[{"width":1160,"height":650,"url":"https:\/\/www.ladiagonale.net\/wp-content\/uploads\/2024\/10\/majecki.png","type":"image\/png"}],"author":"Damien Dellerba","twitter_card":"summary_large_image","twitter_image":"https:\/\/www.ladiagonale.net\/wp-content\/uploads\/2024\/10\/majecki.png","twitter_misc":{"\u00c9crit par":"Damien Dellerba","Dur\u00e9e de lecture estim\u00e9e":"2 minutes"},"schema":{"@context":"https:\/\/schema.org","@graph":[{"@type":"WebPage","@id":"https:\/\/www.ladiagonale.net\/index.php\/2024\/10\/17\/hutter-confirme-majecki-dans-le-but-contre-lille\/","url":"https:\/\/www.ladiagonale.net\/index.php\/2024\/10\/17\/hutter-confirme-majecki-dans-le-but-contre-lille\/","name":"H\u00fctter confirme Majecki dans le but contre Lille - La Diagonale","isPartOf":{"@id":"https:\/\/www.ladiagonale.net\/#website"},"datePublished":"2024-10-17T13:56:05+00:00","dateModified":"2024-10-17T13:56:07+00:00","author":{"@id":"https:\/\/www.ladiagonale.net\/#\/schema\/person\/79ff1e7b0853ed01b2aa26e64ad300bf"},"breadcrumb":{"@id":"https:\/\/www.ladiagonale.net\/index.php\/2024\/10\/17\/hutter-confirme-majecki-dans-le-but-contre-lille\/#breadcrumb"},"inLanguage":"fr-FR","potentialAction":[{"@type":"ReadAction","target":["https:\/\/www.ladiagonale.net\/index.php\/2024\/10\/17\/hutter-confirme-majecki-dans-le-but-contre-lille\/"]}]},{"@type":"BreadcrumbList","@id":"https:\/\/www.ladiagonale.net\/index.php\/2024\/10\/17\/hutter-confirme-majecki-dans-le-but-contre-lille\/#breadcrumb","itemListElement":[{"@type":"ListItem","position":1,"name":"Accueil","item":"https:\/\/www.ladiagonale.net\/"},{"@type":"ListItem","position":2,"name":"H\u00fctter confirme Majecki dans le but contre Lille"}]},{"@type":"WebSite","@id":"https:\/\/www.ladiagonale.net\/#website","url":"https:\/\/www.ladiagonale.net\/","name":"La Diagonale","description":"Le site des supporters de l&#039;AS Monaco FC","potentialAction":[{"@type":"SearchAction","target":{"@type":"EntryPoint","urlTemplate":"https:\/\/www.ladiagonale.net\/?s={search_term_string}"},"query-input":"required name=search_term_string"}],"inLanguage":"fr-FR"},{"@type":"Person","@id":"https:\/\/www.ladiagonale.net\/#\/schema\/person\/79ff1e7b0853ed01b2aa26e64ad300bf","name":"Damien Dellerba","image":{"@type":"ImageObject","inLanguage":"fr-FR","@id":"https:\/\/www.ladiagonale.net\/#\/schema\/person\/image\/","url":"https:\/\/secure.gravatar.com\/avatar\/c7850e06d3ff63cdbaee88b7fc16e2f0?s=96&d=mm&r=g","contentUrl":"https:\/\/secure.gravatar.com\/avatar\/c7850e06d3ff63cdbaee88b7fc16e2f0?s=96&d=mm&r=g","caption":"Damien Dellerba"},"url":"https:\/\/www.ladiagonale.net\/index.php\/author\/damien\/"}]}},"_links":{"self":[{"href":"https:\/\/www.ladiagonale.net\/index.php\/wp-json\/wp\/v2\/posts\/26719"}],"collection":[{"href":"https:\/\/www.ladiagonale.net\/index.php\/wp-json\/wp\/v2\/posts"}],"about":[{"href":"https:\/\/www.ladiagonale.net\/index.php\/wp-json\/wp\/v2\/types\/post"}],"author":[{"embeddable":true,"href":"https:\/\/www.ladiagonale.net\/index.php\/wp-json\/wp\/v2\/users\/2"}],"replies":[{"embeddable":true,"href":"https:\/\/www.ladiagonale.net\/index.php\/wp-json\/wp\/v2\/comments?post=26719"}],"version-history":[{"count":1,"href":"https:\/\/www.ladiagonale.net\/index.php\/wp-json\/wp\/v2\/posts\/26719\/revisions"}],"predecessor-version":[{"id":26721,"href":"https:\/\/www.ladiagonale.net\/index.php\/wp-json\/wp\/v2\/posts\/26719\/revisions\/26721"}],"wp:attachment":[{"href":"https:\/\/www.ladiagonale.net\/index.php\/wp-json\/wp\/v2\/media?parent=26719"}],"wp:term":[{"taxonomy":"category","embeddable":true,"href":"https:\/\/www.ladiagonale.net\/index.php\/wp-json\/wp\/v2\/categories?post=26719"},{"taxonomy":"post_tag","embeddable":true,"href":"https:\/\/www.ladiagonale.net\/index.php\/wp-json\/wp\/v2\/tags?post=26719"}],"curies":[{"name":"wp","href":"https:\/\/api.w.org\/{rel}","templated":true}]}}