{"id":26722,"date":"2024-10-17T16:31:00","date_gmt":"2024-10-17T14:31:00","guid":{"rendered":"https:\/\/www.ladiagonale.net\/?p=26722"},"modified":"2024-10-17T16:50:18","modified_gmt":"2024-10-17T14:50:18","slug":"zakaria-est-pret-a-jouer-contre-lille","status":"publish","type":"post","link":"https:\/\/www.ladiagonale.net\/index.php\/2024\/10\/17\/zakaria-est-pret-a-jouer-contre-lille\/","title":{"rendered":"Zakaria est \u00ab\u00a0pr\u00eat \u00e0 jouer\u00a0\u00bb contre Lille"},"content":{"rendered":"\n<p>Victime d\u2019une contusion \u00e0 un genou, Denis Zakaria a manqu\u00e9 le rassemblement avec la s\u00e9lection suisse lors de la tr\u00eave internationale. Un petit bobo sans gravit\u00e9 pour le milieu de l\u2019AS Monaco qui devrait pouvoir tenir sa place face \u00e0 Lille dans l\u2019entrejeu, comme l\u2019a annonc\u00e9 H\u00fctter en conf\u00e9rence de presse : \u00ab\u00a0<em>Il peut \u00eatre dans le onze de d\u00e9part demain (vendredi). Il est pr\u00eat \u00e0 jouer. Il a \u00e9t\u00e9 forfait pour la premi\u00e8re semaine de tr\u00eave mais il est de retour.\u00a0<\/em>\u00bb<\/p>\n\n\n\n<p>La mauvaise nouvelle de cette intersaison est venue de Mohammed Salisu, touch\u00e9 \u00e0 l\u2019ischio-jambier droit contre le Soudan avec le Ghana. Une blessure confirm\u00e9e par H\u00fctter : \u00ab&nbsp;<em>Je ne connais pas exactement la dur\u00e9e de cette blessure. J\u2019esp\u00e8re que ce n\u2019est pas trop grave mais pour Lille, il est \u00e9videmment forfait.<\/em>&nbsp;\u00bb<\/p>\n\n\n\n<p>En plus de Folarin Balogun, sur le flanc <a href=\"https:\/\/www.ladiagonale.net\/index.php\/2024\/10\/15\/deux-mois-dabsence-pour-balogun\/\" target=\"_blank\" rel=\"noreferrer noopener\">pour les deux prochains mois<\/a> en raison d&rsquo;une luxation de l&rsquo;\u00e9paule gauche, Monaco gardera encore Edan Diop et Mamadou Coulibaly \u00e0 l\u2019infirmerie : \u00ab&nbsp;<em>Leur r\u00e9\u00e9ducation se passe bien. Pour Coulibaly, c\u2019\u00e9tait une bonne nouvelle de le voir fouler la pelouse \u00e0 nouveau. On travaille dur \u00e0 son retour.&nbsp;<\/em>\u00bb<\/p>\n\n\n","protected":false},"excerpt":{"rendered":"<p>Victime d\u2019une contusion \u00e0 un genou, Denis Zakaria a manqu\u00e9 le rassemblement avec la s\u00e9lection suisse lors de la tr\u00eave internationale. Un petit bobo sans gravit\u00e9 pour le milieu de l\u2019AS Monaco qui devrait pouvoir tenir sa place face \u00e0 Lille dans l\u2019entrejeu, comme l\u2019a annonc\u00e9 H\u00fctter en conf\u00e9rence de presse : \u00ab\u00a0Il peut \u00eatre [&#8230;]\n","protected":false},"author":2,"featured_media":0,"comment_status":"open","ping_status":"open","sticky":false,"template":"","format":"standard","meta":[],"categories":[6],"tags":[86,631,80,196,94,246,459,618],"yoast_head":"<!-- This site is optimized with the Yoast SEO plugin v19.8 - https:\/\/yoast.com\/wordpress\/plugins\/seo\/ -->\n<title>Zakaria est \u00ab\u00a0pr\u00eat \u00e0 jouer\u00a0\u00bb contre Lille - La Diagonale<\/title>\n<meta name=\"robots\" content=\"index, follow, max-snippet:-1, max-image-preview:large, max-video-preview:-1\" \/>\n<link rel=\"canonical\" href=\"https:\/\/www.ladiagonale.net\/index.php\/2024\/10\/17\/zakaria-est-pret-a-jouer-contre-lille\/\" \/>\n<meta property=\"og:locale\" content=\"fr_FR\" \/>\n<meta property=\"og:type\" content=\"article\" \/>\n<meta property=\"og:title\" content=\"Zakaria est \u00ab\u00a0pr\u00eat \u00e0 jouer\u00a0\u00bb contre Lille - La Diagonale\" \/>\n<meta property=\"og:description\" content=\"Victime d\u2019une contusion \u00e0 un genou, Denis Zakaria a manqu\u00e9 le rassemblement avec la s\u00e9lection suisse lors de la tr\u00eave internationale. Un petit bobo sans gravit\u00e9 pour le milieu de l\u2019AS Monaco qui devrait pouvoir tenir sa place face \u00e0 Lille dans l\u2019entrejeu, comme l\u2019a annonc\u00e9 H\u00fctter en conf\u00e9rence de presse : \u00ab\u00a0Il peut \u00eatre [...]\" \/>\n<meta property=\"og:url\" content=\"https:\/\/www.ladiagonale.net\/index.php\/2024\/10\/17\/zakaria-est-pret-a-jouer-contre-lille\/\" \/>\n<meta property=\"og:site_name\" content=\"La Diagonale\" \/>\n<meta property=\"article:published_time\" content=\"2024-10-17T14:31:00+00:00\" \/>\n<meta property=\"article:modified_time\" content=\"2024-10-17T14:50:18+00:00\" \/>\n<meta property=\"og:image\" content=\"https:\/\/www.ladiagonale.net\/wp-content\/uploads\/2024\/09\/zakaria.png\" \/>\n\t<meta property=\"og:image:width\" content=\"1160\" \/>\n\t<meta property=\"og:image:height\" content=\"650\" \/>\n\t<meta property=\"og:image:type\" content=\"image\/png\" \/>\n<meta name=\"author\" content=\"Damien Dellerba\" \/>\n<meta name=\"twitter:card\" content=\"summary_large_image\" \/>\n<meta name=\"twitter:image\" content=\"https:\/\/www.ladiagonale.net\/wp-content\/uploads\/2024\/09\/zakaria.png\" \/>\n<meta name=\"twitter:label1\" content=\"\u00c9crit par\" \/>\n\t<meta name=\"twitter:data1\" content=\"Damien Dellerba\" \/>\n\t<meta name=\"twitter:label2\" content=\"Dur\u00e9e de lecture estim\u00e9e\" \/>\n\t<meta name=\"twitter:data2\" content=\"1 minute\" \/>\n<script type=\"application\/ld+json\" class=\"yoast-schema-graph\">{\"@context\":\"https:\/\/schema.org\",\"@graph\":[{\"@type\":\"WebPage\",\"@id\":\"https:\/\/www.ladiagonale.net\/index.php\/2024\/10\/17\/zakaria-est-pret-a-jouer-contre-lille\/\",\"url\":\"https:\/\/www.ladiagonale.net\/index.php\/2024\/10\/17\/zakaria-est-pret-a-jouer-contre-lille\/\",\"name\":\"Zakaria est \u00ab\u00a0pr\u00eat \u00e0 jouer\u00a0\u00bb contre Lille - La Diagonale\",\"isPartOf\":{\"@id\":\"https:\/\/www.ladiagonale.net\/#website\"},\"datePublished\":\"2024-10-17T14:31:00+00:00\",\"dateModified\":\"2024-10-17T14:50:18+00:00\",\"author\":{\"@id\":\"https:\/\/www.ladiagonale.net\/#\/schema\/person\/79ff1e7b0853ed01b2aa26e64ad300bf\"},\"breadcrumb\":{\"@id\":\"https:\/\/www.ladiagonale.net\/index.php\/2024\/10\/17\/zakaria-est-pret-a-jouer-contre-lille\/#breadcrumb\"},\"inLanguage\":\"fr-FR\",\"potentialAction\":[{\"@type\":\"ReadAction\",\"target\":[\"https:\/\/www.ladiagonale.net\/index.php\/2024\/10\/17\/zakaria-est-pret-a-jouer-contre-lille\/\"]}]},{\"@type\":\"BreadcrumbList\",\"@id\":\"https:\/\/www.ladiagonale.net\/index.php\/2024\/10\/17\/zakaria-est-pret-a-jouer-contre-lille\/#breadcrumb\",\"itemListElement\":[{\"@type\":\"ListItem\",\"position\":1,\"name\":\"Accueil\",\"item\":\"https:\/\/www.ladiagonale.net\/\"},{\"@type\":\"ListItem\",\"position\":2,\"name\":\"Zakaria est \u00ab\u00a0pr\u00eat \u00e0 jouer\u00a0\u00bb contre Lille\"}]},{\"@type\":\"WebSite\",\"@id\":\"https:\/\/www.ladiagonale.net\/#website\",\"url\":\"https:\/\/www.ladiagonale.net\/\",\"name\":\"La Diagonale\",\"description\":\"Le site des supporters de l&#039;AS Monaco FC\",\"potentialAction\":[{\"@type\":\"SearchAction\",\"target\":{\"@type\":\"EntryPoint\",\"urlTemplate\":\"https:\/\/www.ladiagonale.net\/?s={search_term_string}\"},\"query-input\":\"required name=search_term_string\"}],\"inLanguage\":\"fr-FR\"},{\"@type\":\"Person\",\"@id\":\"https:\/\/www.ladiagonale.net\/#\/schema\/person\/79ff1e7b0853ed01b2aa26e64ad300bf\",\"name\":\"Damien Dellerba\",\"image\":{\"@type\":\"ImageObject\",\"inLanguage\":\"fr-FR\",\"@id\":\"https:\/\/www.ladiagonale.net\/#\/schema\/person\/image\/\",\"url\":\"https:\/\/secure.gravatar.com\/avatar\/c7850e06d3ff63cdbaee88b7fc16e2f0?s=96&d=mm&r=g\",\"contentUrl\":\"https:\/\/secure.gravatar.com\/avatar\/c7850e06d3ff63cdbaee88b7fc16e2f0?s=96&d=mm&r=g\",\"caption\":\"Damien Dellerba\"},\"url\":\"https:\/\/www.ladiagonale.net\/index.php\/author\/damien\/\"}]}<\/script>\n<!-- \/ Yoast SEO plugin. -->","yoast_head_json":{"title":"Zakaria est \u00ab\u00a0pr\u00eat \u00e0 jouer\u00a0\u00bb contre Lille - La Diagonale","robots":{"index":"index","follow":"follow","max-snippet":"max-snippet:-1","max-image-preview":"max-image-preview:large","max-video-preview":"max-video-preview:-1"},"canonical":"https:\/\/www.ladiagonale.net\/index.php\/2024\/10\/17\/zakaria-est-pret-a-jouer-contre-lille\/","og_locale":"fr_FR","og_type":"article","og_title":"Zakaria est \u00ab\u00a0pr\u00eat \u00e0 jouer\u00a0\u00bb contre Lille - La Diagonale","og_description":"Victime d\u2019une contusion \u00e0 un genou, Denis Zakaria a manqu\u00e9 le rassemblement avec la s\u00e9lection suisse lors de la tr\u00eave internationale. Un petit bobo sans gravit\u00e9 pour le milieu de l\u2019AS Monaco qui devrait pouvoir tenir sa place face \u00e0 Lille dans l\u2019entrejeu, comme l\u2019a annonc\u00e9 H\u00fctter en conf\u00e9rence de presse : \u00ab\u00a0Il peut \u00eatre [...]","og_url":"https:\/\/www.ladiagonale.net\/index.php\/2024\/10\/17\/zakaria-est-pret-a-jouer-contre-lille\/","og_site_name":"La Diagonale","article_published_time":"2024-10-17T14:31:00+00:00","article_modified_time":"2024-10-17T14:50:18+00:00","og_image":[{"width":1160,"height":650,"url":"https:\/\/www.ladiagonale.net\/wp-content\/uploads\/2024\/09\/zakaria.png","type":"image\/png"}],"author":"Damien Dellerba","twitter_card":"summary_large_image","twitter_image":"https:\/\/www.ladiagonale.net\/wp-content\/uploads\/2024\/09\/zakaria.png","twitter_misc":{"\u00c9crit par":"Damien Dellerba","Dur\u00e9e de lecture estim\u00e9e":"1 minute"},"schema":{"@context":"https:\/\/schema.org","@graph":[{"@type":"WebPage","@id":"https:\/\/www.ladiagonale.net\/index.php\/2024\/10\/17\/zakaria-est-pret-a-jouer-contre-lille\/","url":"https:\/\/www.ladiagonale.net\/index.php\/2024\/10\/17\/zakaria-est-pret-a-jouer-contre-lille\/","name":"Zakaria est \u00ab\u00a0pr\u00eat \u00e0 jouer\u00a0\u00bb contre Lille - La Diagonale","isPartOf":{"@id":"https:\/\/www.ladiagonale.net\/#website"},"datePublished":"2024-10-17T14:31:00+00:00","dateModified":"2024-10-17T14:50:18+00:00","author":{"@id":"https:\/\/www.ladiagonale.net\/#\/schema\/person\/79ff1e7b0853ed01b2aa26e64ad300bf"},"breadcrumb":{"@id":"https:\/\/www.ladiagonale.net\/index.php\/2024\/10\/17\/zakaria-est-pret-a-jouer-contre-lille\/#breadcrumb"},"inLanguage":"fr-FR","potentialAction":[{"@type":"ReadAction","target":["https:\/\/www.ladiagonale.net\/index.php\/2024\/10\/17\/zakaria-est-pret-a-jouer-contre-lille\/"]}]},{"@type":"BreadcrumbList","@id":"https:\/\/www.ladiagonale.net\/index.php\/2024\/10\/17\/zakaria-est-pret-a-jouer-contre-lille\/#breadcrumb","itemListElement":[{"@type":"ListItem","position":1,"name":"Accueil","item":"https:\/\/www.ladiagonale.net\/"},{"@type":"ListItem","position":2,"name":"Zakaria est \u00ab\u00a0pr\u00eat \u00e0 jouer\u00a0\u00bb contre Lille"}]},{"@type":"WebSite","@id":"https:\/\/www.ladiagonale.net\/#website","url":"https:\/\/www.ladiagonale.net\/","name":"La Diagonale","description":"Le site des supporters de l&#039;AS Monaco FC","potentialAction":[{"@type":"SearchAction","target":{"@type":"EntryPoint","urlTemplate":"https:\/\/www.ladiagonale.net\/?s={search_term_string}"},"query-input":"required name=search_term_string"}],"inLanguage":"fr-FR"},{"@type":"Person","@id":"https:\/\/www.ladiagonale.net\/#\/schema\/person\/79ff1e7b0853ed01b2aa26e64ad300bf","name":"Damien Dellerba","image":{"@type":"ImageObject","inLanguage":"fr-FR","@id":"https:\/\/www.ladiagonale.net\/#\/schema\/person\/image\/","url":"https:\/\/secure.gravatar.com\/avatar\/c7850e06d3ff63cdbaee88b7fc16e2f0?s=96&d=mm&r=g","contentUrl":"https:\/\/secure.gravatar.com\/avatar\/c7850e06d3ff63cdbaee88b7fc16e2f0?s=96&d=mm&r=g","caption":"Damien Dellerba"},"url":"https:\/\/www.ladiagonale.net\/index.php\/author\/damien\/"}]}},"_links":{"self":[{"href":"https:\/\/www.ladiagonale.net\/index.php\/wp-json\/wp\/v2\/posts\/26722"}],"collection":[{"href":"https:\/\/www.ladiagonale.net\/index.php\/wp-json\/wp\/v2\/posts"}],"about":[{"href":"https:\/\/www.ladiagonale.net\/index.php\/wp-json\/wp\/v2\/types\/post"}],"author":[{"embeddable":true,"href":"https:\/\/www.ladiagonale.net\/index.php\/wp-json\/wp\/v2\/users\/2"}],"replies":[{"embeddable":true,"href":"https:\/\/www.ladiagonale.net\/index.php\/wp-json\/wp\/v2\/comments?post=26722"}],"version-history":[{"count":2,"href":"https:\/\/www.ladiagonale.net\/index.php\/wp-json\/wp\/v2\/posts\/26722\/revisions"}],"predecessor-version":[{"id":26724,"href":"https:\/\/www.ladiagonale.net\/index.php\/wp-json\/wp\/v2\/posts\/26722\/revisions\/26724"}],"wp:attachment":[{"href":"https:\/\/www.ladiagonale.net\/index.php\/wp-json\/wp\/v2\/media?parent=26722"}],"wp:term":[{"taxonomy":"category","embeddable":true,"href":"https:\/\/www.ladiagonale.net\/index.php\/wp-json\/wp\/v2\/categories?post=26722"},{"taxonomy":"post_tag","embeddable":true,"href":"https:\/\/www.ladiagonale.net\/index.php\/wp-json\/wp\/v2\/tags?post=26722"}],"curies":[{"name":"wp","href":"https:\/\/api.w.org\/{rel}","templated":true}]}}