{"id":26819,"date":"2024-10-21T19:40:53","date_gmt":"2024-10-21T17:40:53","guid":{"rendered":"https:\/\/www.ladiagonale.net\/?p=26819"},"modified":"2024-10-21T19:45:19","modified_gmt":"2024-10-21T17:45:19","slug":"le-groupe-monegasque-bouabre-et-michal-convoques","status":"publish","type":"post","link":"https:\/\/www.ladiagonale.net\/index.php\/2024\/10\/21\/le-groupe-monegasque-bouabre-et-michal-convoques\/","title":{"rendered":"Le groupe mon\u00e9gasque : Bouabr\u00e9 et Michal convoqu\u00e9s"},"content":{"rendered":"\n\n\n<p>Adi H\u00fctter a convoqu\u00e9 23 joueurs pour la rencontre de Liguue des champions face \u00e0 l&rsquo;\u00c9toile Rouge Belgrade. Pour la premi\u00e8re fois de la saison, Sa\u00efmon Bouabr\u00e9 et Lucas Michal ont \u00e9t\u00e9 appel\u00e9s par le technicien autrichien afin de compl\u00e9ter le groupe, ce qui pourrait les emp\u00eacher de disputer la rencontre de Youth League pr\u00e9vue un peu plus t\u00f4t dans la journ\u00e9e de mardi.<\/p>\n\n\n\n<p>Folarin Balogun, Mohammed Salisu, Edan Diop et Mamadou Coulibaly sont toujours \u00e0 l&rsquo;infirmerie. <\/p>\n\n\n\n<h3>Le groupe mon\u00e9gasque<\/h3>\n\n\n\n<p><strong>Gardiens :<\/strong> K\u00f6hn, Lienard, Majecki.<br><strong>D\u00e9fenseurs :<\/strong> C. Henrique, Kehrer, Mawissa, Ouattara, Singo, Teze, Vanderson.<br><strong>Milieux :<\/strong> Akliouche, Ben Seghir, Bouabr\u00e9, Camara, Diatta, Golovin, Magassa, Matazo, Minamino, Zakaria.<br><strong>Attaquants : <\/strong>Embolo, Ilenikhena, Michal.<\/p>\n\n\n\n<p><em>Absents : <\/em>Balogun, Salisu, Diop, Coulibaly (bless\u00e9s).<\/p>\n","protected":false},"excerpt":{"rendered":"<p>Adi H\u00fctter a convoqu\u00e9 23 joueurs pour la rencontre de Liguue des champions face \u00e0 l&rsquo;\u00c9toile Rouge Belgrade. Pour la premi\u00e8re fois de la saison, Sa\u00efmon Bouabr\u00e9 et Lucas Michal ont \u00e9t\u00e9 appel\u00e9s par le technicien autrichien afin de compl\u00e9ter le groupe, ce qui pourrait les emp\u00eacher de disputer la rencontre de Youth League pr\u00e9vue [&#8230;]\n","protected":false},"author":2,"featured_media":0,"comment_status":"open","ping_status":"open","sticky":false,"template":"","format":"standard","meta":[],"categories":[4,6],"tags":[86,225,287,282],"yoast_head":"<!-- This site is optimized with the Yoast SEO plugin v19.8 - https:\/\/yoast.com\/wordpress\/plugins\/seo\/ -->\n<title>Le groupe mon\u00e9gasque : Bouabr\u00e9 et Michal convoqu\u00e9s - La Diagonale<\/title>\n<meta name=\"robots\" content=\"index, follow, max-snippet:-1, max-image-preview:large, max-video-preview:-1\" \/>\n<link rel=\"canonical\" href=\"https:\/\/www.ladiagonale.net\/index.php\/2024\/10\/21\/le-groupe-monegasque-bouabre-et-michal-convoques\/\" \/>\n<meta property=\"og:locale\" content=\"fr_FR\" \/>\n<meta property=\"og:type\" content=\"article\" \/>\n<meta property=\"og:title\" content=\"Le groupe mon\u00e9gasque : Bouabr\u00e9 et Michal convoqu\u00e9s - La Diagonale\" \/>\n<meta property=\"og:description\" content=\"Adi H\u00fctter a convoqu\u00e9 23 joueurs pour la rencontre de Liguue des champions face \u00e0 l&rsquo;\u00c9toile Rouge Belgrade. Pour la premi\u00e8re fois de la saison, Sa\u00efmon Bouabr\u00e9 et Lucas Michal ont \u00e9t\u00e9 appel\u00e9s par le technicien autrichien afin de compl\u00e9ter le groupe, ce qui pourrait les emp\u00eacher de disputer la rencontre de Youth League pr\u00e9vue [...]\" \/>\n<meta property=\"og:url\" content=\"https:\/\/www.ladiagonale.net\/index.php\/2024\/10\/21\/le-groupe-monegasque-bouabre-et-michal-convoques\/\" \/>\n<meta property=\"og:site_name\" content=\"La Diagonale\" \/>\n<meta property=\"article:published_time\" content=\"2024-10-21T17:40:53+00:00\" \/>\n<meta property=\"article:modified_time\" content=\"2024-10-21T17:45:19+00:00\" \/>\n<meta property=\"og:image\" content=\"https:\/\/www.ladiagonale.net\/wp-content\/uploads\/2024\/10\/Bouabre\u0301.png\" \/>\n\t<meta property=\"og:image:width\" content=\"1160\" \/>\n\t<meta property=\"og:image:height\" content=\"650\" \/>\n\t<meta property=\"og:image:type\" content=\"image\/png\" \/>\n<meta name=\"author\" content=\"Damien Dellerba\" \/>\n<meta name=\"twitter:card\" content=\"summary_large_image\" \/>\n<meta name=\"twitter:label1\" content=\"\u00c9crit par\" \/>\n\t<meta name=\"twitter:data1\" content=\"Damien Dellerba\" \/>\n\t<meta name=\"twitter:label2\" content=\"Dur\u00e9e de lecture estim\u00e9e\" \/>\n\t<meta name=\"twitter:data2\" content=\"1 minute\" \/>\n<script type=\"application\/ld+json\" class=\"yoast-schema-graph\">{\"@context\":\"https:\/\/schema.org\",\"@graph\":[{\"@type\":\"WebPage\",\"@id\":\"https:\/\/www.ladiagonale.net\/index.php\/2024\/10\/21\/le-groupe-monegasque-bouabre-et-michal-convoques\/\",\"url\":\"https:\/\/www.ladiagonale.net\/index.php\/2024\/10\/21\/le-groupe-monegasque-bouabre-et-michal-convoques\/\",\"name\":\"Le groupe mon\u00e9gasque : Bouabr\u00e9 et Michal convoqu\u00e9s - La Diagonale\",\"isPartOf\":{\"@id\":\"https:\/\/www.ladiagonale.net\/#website\"},\"datePublished\":\"2024-10-21T17:40:53+00:00\",\"dateModified\":\"2024-10-21T17:45:19+00:00\",\"author\":{\"@id\":\"https:\/\/www.ladiagonale.net\/#\/schema\/person\/79ff1e7b0853ed01b2aa26e64ad300bf\"},\"breadcrumb\":{\"@id\":\"https:\/\/www.ladiagonale.net\/index.php\/2024\/10\/21\/le-groupe-monegasque-bouabre-et-michal-convoques\/#breadcrumb\"},\"inLanguage\":\"fr-FR\",\"potentialAction\":[{\"@type\":\"ReadAction\",\"target\":[\"https:\/\/www.ladiagonale.net\/index.php\/2024\/10\/21\/le-groupe-monegasque-bouabre-et-michal-convoques\/\"]}]},{\"@type\":\"BreadcrumbList\",\"@id\":\"https:\/\/www.ladiagonale.net\/index.php\/2024\/10\/21\/le-groupe-monegasque-bouabre-et-michal-convoques\/#breadcrumb\",\"itemListElement\":[{\"@type\":\"ListItem\",\"position\":1,\"name\":\"Accueil\",\"item\":\"https:\/\/www.ladiagonale.net\/\"},{\"@type\":\"ListItem\",\"position\":2,\"name\":\"Le groupe mon\u00e9gasque : Bouabr\u00e9 et Michal convoqu\u00e9s\"}]},{\"@type\":\"WebSite\",\"@id\":\"https:\/\/www.ladiagonale.net\/#website\",\"url\":\"https:\/\/www.ladiagonale.net\/\",\"name\":\"La Diagonale\",\"description\":\"Le site des supporters de l&#039;AS Monaco FC\",\"potentialAction\":[{\"@type\":\"SearchAction\",\"target\":{\"@type\":\"EntryPoint\",\"urlTemplate\":\"https:\/\/www.ladiagonale.net\/?s={search_term_string}\"},\"query-input\":\"required name=search_term_string\"}],\"inLanguage\":\"fr-FR\"},{\"@type\":\"Person\",\"@id\":\"https:\/\/www.ladiagonale.net\/#\/schema\/person\/79ff1e7b0853ed01b2aa26e64ad300bf\",\"name\":\"Damien Dellerba\",\"image\":{\"@type\":\"ImageObject\",\"inLanguage\":\"fr-FR\",\"@id\":\"https:\/\/www.ladiagonale.net\/#\/schema\/person\/image\/\",\"url\":\"https:\/\/secure.gravatar.com\/avatar\/c7850e06d3ff63cdbaee88b7fc16e2f0?s=96&d=mm&r=g\",\"contentUrl\":\"https:\/\/secure.gravatar.com\/avatar\/c7850e06d3ff63cdbaee88b7fc16e2f0?s=96&d=mm&r=g\",\"caption\":\"Damien Dellerba\"},\"url\":\"https:\/\/www.ladiagonale.net\/index.php\/author\/damien\/\"}]}<\/script>\n<!-- \/ Yoast SEO plugin. -->","yoast_head_json":{"title":"Le groupe mon\u00e9gasque : Bouabr\u00e9 et Michal convoqu\u00e9s - La Diagonale","robots":{"index":"index","follow":"follow","max-snippet":"max-snippet:-1","max-image-preview":"max-image-preview:large","max-video-preview":"max-video-preview:-1"},"canonical":"https:\/\/www.ladiagonale.net\/index.php\/2024\/10\/21\/le-groupe-monegasque-bouabre-et-michal-convoques\/","og_locale":"fr_FR","og_type":"article","og_title":"Le groupe mon\u00e9gasque : Bouabr\u00e9 et Michal convoqu\u00e9s - La Diagonale","og_description":"Adi H\u00fctter a convoqu\u00e9 23 joueurs pour la rencontre de Liguue des champions face \u00e0 l&rsquo;\u00c9toile Rouge Belgrade. Pour la premi\u00e8re fois de la saison, Sa\u00efmon Bouabr\u00e9 et Lucas Michal ont \u00e9t\u00e9 appel\u00e9s par le technicien autrichien afin de compl\u00e9ter le groupe, ce qui pourrait les emp\u00eacher de disputer la rencontre de Youth League pr\u00e9vue [...]","og_url":"https:\/\/www.ladiagonale.net\/index.php\/2024\/10\/21\/le-groupe-monegasque-bouabre-et-michal-convoques\/","og_site_name":"La Diagonale","article_published_time":"2024-10-21T17:40:53+00:00","article_modified_time":"2024-10-21T17:45:19+00:00","og_image":[{"width":1160,"height":650,"url":"https:\/\/www.ladiagonale.net\/wp-content\/uploads\/2024\/10\/Bouabre\u0301.png","type":"image\/png"}],"author":"Damien Dellerba","twitter_card":"summary_large_image","twitter_misc":{"\u00c9crit par":"Damien Dellerba","Dur\u00e9e de lecture estim\u00e9e":"1 minute"},"schema":{"@context":"https:\/\/schema.org","@graph":[{"@type":"WebPage","@id":"https:\/\/www.ladiagonale.net\/index.php\/2024\/10\/21\/le-groupe-monegasque-bouabre-et-michal-convoques\/","url":"https:\/\/www.ladiagonale.net\/index.php\/2024\/10\/21\/le-groupe-monegasque-bouabre-et-michal-convoques\/","name":"Le groupe mon\u00e9gasque : Bouabr\u00e9 et Michal convoqu\u00e9s - La Diagonale","isPartOf":{"@id":"https:\/\/www.ladiagonale.net\/#website"},"datePublished":"2024-10-21T17:40:53+00:00","dateModified":"2024-10-21T17:45:19+00:00","author":{"@id":"https:\/\/www.ladiagonale.net\/#\/schema\/person\/79ff1e7b0853ed01b2aa26e64ad300bf"},"breadcrumb":{"@id":"https:\/\/www.ladiagonale.net\/index.php\/2024\/10\/21\/le-groupe-monegasque-bouabre-et-michal-convoques\/#breadcrumb"},"inLanguage":"fr-FR","potentialAction":[{"@type":"ReadAction","target":["https:\/\/www.ladiagonale.net\/index.php\/2024\/10\/21\/le-groupe-monegasque-bouabre-et-michal-convoques\/"]}]},{"@type":"BreadcrumbList","@id":"https:\/\/www.ladiagonale.net\/index.php\/2024\/10\/21\/le-groupe-monegasque-bouabre-et-michal-convoques\/#breadcrumb","itemListElement":[{"@type":"ListItem","position":1,"name":"Accueil","item":"https:\/\/www.ladiagonale.net\/"},{"@type":"ListItem","position":2,"name":"Le groupe mon\u00e9gasque : Bouabr\u00e9 et Michal convoqu\u00e9s"}]},{"@type":"WebSite","@id":"https:\/\/www.ladiagonale.net\/#website","url":"https:\/\/www.ladiagonale.net\/","name":"La Diagonale","description":"Le site des supporters de l&#039;AS Monaco FC","potentialAction":[{"@type":"SearchAction","target":{"@type":"EntryPoint","urlTemplate":"https:\/\/www.ladiagonale.net\/?s={search_term_string}"},"query-input":"required name=search_term_string"}],"inLanguage":"fr-FR"},{"@type":"Person","@id":"https:\/\/www.ladiagonale.net\/#\/schema\/person\/79ff1e7b0853ed01b2aa26e64ad300bf","name":"Damien Dellerba","image":{"@type":"ImageObject","inLanguage":"fr-FR","@id":"https:\/\/www.ladiagonale.net\/#\/schema\/person\/image\/","url":"https:\/\/secure.gravatar.com\/avatar\/c7850e06d3ff63cdbaee88b7fc16e2f0?s=96&d=mm&r=g","contentUrl":"https:\/\/secure.gravatar.com\/avatar\/c7850e06d3ff63cdbaee88b7fc16e2f0?s=96&d=mm&r=g","caption":"Damien Dellerba"},"url":"https:\/\/www.ladiagonale.net\/index.php\/author\/damien\/"}]}},"_links":{"self":[{"href":"https:\/\/www.ladiagonale.net\/index.php\/wp-json\/wp\/v2\/posts\/26819"}],"collection":[{"href":"https:\/\/www.ladiagonale.net\/index.php\/wp-json\/wp\/v2\/posts"}],"about":[{"href":"https:\/\/www.ladiagonale.net\/index.php\/wp-json\/wp\/v2\/types\/post"}],"author":[{"embeddable":true,"href":"https:\/\/www.ladiagonale.net\/index.php\/wp-json\/wp\/v2\/users\/2"}],"replies":[{"embeddable":true,"href":"https:\/\/www.ladiagonale.net\/index.php\/wp-json\/wp\/v2\/comments?post=26819"}],"version-history":[{"count":3,"href":"https:\/\/www.ladiagonale.net\/index.php\/wp-json\/wp\/v2\/posts\/26819\/revisions"}],"predecessor-version":[{"id":26823,"href":"https:\/\/www.ladiagonale.net\/index.php\/wp-json\/wp\/v2\/posts\/26819\/revisions\/26823"}],"wp:attachment":[{"href":"https:\/\/www.ladiagonale.net\/index.php\/wp-json\/wp\/v2\/media?parent=26819"}],"wp:term":[{"taxonomy":"category","embeddable":true,"href":"https:\/\/www.ladiagonale.net\/index.php\/wp-json\/wp\/v2\/categories?post=26819"},{"taxonomy":"post_tag","embeddable":true,"href":"https:\/\/www.ladiagonale.net\/index.php\/wp-json\/wp\/v2\/tags?post=26819"}],"curies":[{"name":"wp","href":"https:\/\/api.w.org\/{rel}","templated":true}]}}