{"id":27059,"date":"2024-10-30T19:31:14","date_gmt":"2024-10-30T18:31:14","guid":{"rendered":"https:\/\/www.ladiagonale.net\/?p=27059"},"modified":"2024-10-30T19:31:33","modified_gmt":"2024-10-30T18:31:33","slug":"embolo-continuer-a-etre-impactant","status":"publish","type":"post","link":"https:\/\/www.ladiagonale.net\/index.php\/2024\/10\/30\/embolo-continuer-a-etre-impactant\/","title":{"rendered":"Embolo : \u00ab\u00a0Continuer \u00e0 \u00eatre impactant\u00a0\u00bb"},"content":{"rendered":"\n\n\n<p>En une semaine, Breel Embolo a retrouv\u00e9 le chemin des filets \u00e0 deux reprises, contre Belgrade et Nice. L\u2019attaquant de l\u2019AS Monaco n\u2019a pas masqu\u00e9 sa satisfaction apr\u00e8s des semaines difficiles : \u00ab\u00a0<em>\u00c7a fait toujours plaisir de marquer. Il y a eu des bons matches et d\u2019autres o\u00f9 je n\u2019\u00e9tais pas \u00e0 la hauteur. J\u2019ai su travailler, et il faut dire que j\u2019ai une \u00e9quipe tr\u00e8s forte derri\u00e8re. Mais c\u2019est s\u00fbr qu\u2019avec ces deux buts je me sens plus l\u00e9ger. Maintenant, j\u2019esp\u00e8re aussi offrir des passes d\u00e9cisives et continuer \u00e0 \u00eatre impactant. (\u2026) Je suis mieux connect\u00e9 avec les autres joueurs, j\u2019essaie de les servir, mais aussi d\u2019aider l\u2019\u00e9quipe en faisant des replis d\u00e9fensifs.<\/em>\u00a0\u00bb<\/p>\n\n\n\n<p>Le Suisse estime qu\u2019il aurait pu compter deux buts de plus, signe de la bonne sant\u00e9 offensive de l\u2019\u00e9quipe selon lui : \u00ab\u00a0<em>Sur les derni\u00e8res semaines, j\u2019\u00e9tais bien m\u00eame s\u2019il n\u2019y avait pas de buts \u00e0 la cl\u00e9. Je me suis cr\u00e9\u00e9 des occasions et pour moi, c\u2019est le plus important ! Quand on est attaquant, le plus dur c\u2019est quand tu n\u2019en as pas. Ensuite, il est \u00e9vident que tu dois finir ces actions par un but. Le hors-jeu fait partie du jeu, maintenant on sait qu\u2019avec la VAR tout est regard\u00e9, je pouvais finir la semaine avec quatre buts, mais deux ont \u00e9t\u00e9 annul\u00e9s. Il faut que je continue en tout cas pour encha\u00eener !<\/em>\u00a0\u00bb<\/p>\n\n\n\n<p>H\u00fctter avait point\u00e9 du doigt un travail \u00e0 poursuivre <a href=\"https:\/\/www.ladiagonale.net\/index.php\/2024\/10\/30\/hutter-faire-preuve-de-plus-de-calme\/\" target=\"_blank\" rel=\"noreferrer noopener\">sur la gestion des \u00e9motions<\/a> et Embolo a abond\u00e9 dans le m\u00eame sens que son entra\u00eeneur : \u00ab\u00a0<em>On avait le sentiment d\u2019avoir bien jou\u00e9 face \u00e0 Lille, et je pense qu\u2019on m\u00e9ritait mieux, car on s\u2019en est bien sortis en inf\u00e9riorit\u00e9 num\u00e9rique. Dans le derby, on a donn\u00e9 le match sur deux actions un peu b\u00eates, donc on doit \u00eatre plus intelligents et g\u00e9rer davantage nos \u00e9motions. Sur la premi\u00e8re mi-temps, on ne peut pas nous reprocher grand-chose \u00e0 part \u00e0 la derni\u00e8re minute. Quoi qu\u2019il en soit, on se parle \u00e0 chaque fois dans le vestiaire pour ressortir le bon comme le mauvais, c\u2019est un aspect que l\u2019on travaille, on essaie d\u2019\u00eatre plus calmes.<\/em>\u00a0\u00bb<\/p>\n\n\n\n<p>L\u2019attaquant de la Nati a aussi eu un mot \u00e0 propos de Denis Zakaria, son copain en club et en s\u00e9lection : \u00ab\u00a0<em>Zak\u2019 est notre capitaine, c\u2019est un plus pour nous sur le terrain, que ce soit en Ligue 1 ou en Ligue des Champions. Il a l\u2019exp\u00e9rience du terrain, et j\u2019esp\u00e8re qu\u2019il reviendra vite, m\u00eame si on a des joueurs de qualit\u00e9 pour le remplacer. (\u2026) Il a un r\u00f4le tr\u00e8s important en tant que capitaine, qui lui tient \u00e0 c\u0153ur. Il a perdu son partenaire au milieu, mais il a su int\u00e9grer parfaitement Lamine. C\u2019est un mec simple, il travaille beaucoup pour l\u2019\u00e9quipe et d\u00e9gage de la s\u00e9r\u00e9nit\u00e9. (\u2026) Je suis heureux qu\u2019il ait fait ce choix de rejoindre la Principaut\u00e9, il pousse toujours ses co\u00e9quipiers.<\/em>\u00a0\u00bb<\/p>\n\n\n\n<p class=\"has-text-align-right has-small-font-size\">Source : <em>AS Monaco<\/em><\/p>\n","protected":false},"excerpt":{"rendered":"<p>En une semaine, Breel Embolo a retrouv\u00e9 le chemin des filets \u00e0 deux reprises, contre Belgrade et Nice. L\u2019attaquant de l\u2019AS Monaco n\u2019a pas masqu\u00e9 sa satisfaction apr\u00e8s des semaines difficiles : \u00ab\u00a0\u00c7a fait toujours plaisir de marquer. Il y a eu des bons matches et d\u2019autres o\u00f9 je n\u2019\u00e9tais pas \u00e0 la hauteur. J\u2019ai [&#8230;]\n","protected":false},"author":2,"featured_media":0,"comment_status":"open","ping_status":"open","sticky":false,"template":"","format":"standard","meta":[],"categories":[6],"tags":[86,161],"yoast_head":"<!-- This site is optimized with the Yoast SEO plugin v19.8 - https:\/\/yoast.com\/wordpress\/plugins\/seo\/ -->\n<title>Embolo : \u00ab\u00a0Continuer \u00e0 \u00eatre impactant\u00a0\u00bb - La Diagonale<\/title>\n<meta name=\"robots\" content=\"index, follow, max-snippet:-1, max-image-preview:large, max-video-preview:-1\" \/>\n<link rel=\"canonical\" href=\"https:\/\/www.ladiagonale.net\/index.php\/2024\/10\/30\/embolo-continuer-a-etre-impactant\/\" \/>\n<meta property=\"og:locale\" content=\"fr_FR\" \/>\n<meta property=\"og:type\" content=\"article\" \/>\n<meta property=\"og:title\" content=\"Embolo : \u00ab\u00a0Continuer \u00e0 \u00eatre impactant\u00a0\u00bb - La Diagonale\" \/>\n<meta property=\"og:description\" content=\"En une semaine, Breel Embolo a retrouv\u00e9 le chemin des filets \u00e0 deux reprises, contre Belgrade et Nice. L\u2019attaquant de l\u2019AS Monaco n\u2019a pas masqu\u00e9 sa satisfaction apr\u00e8s des semaines difficiles : \u00ab\u00a0\u00c7a fait toujours plaisir de marquer. Il y a eu des bons matches et d\u2019autres o\u00f9 je n\u2019\u00e9tais pas \u00e0 la hauteur. J\u2019ai [...]\" \/>\n<meta property=\"og:url\" content=\"https:\/\/www.ladiagonale.net\/index.php\/2024\/10\/30\/embolo-continuer-a-etre-impactant\/\" \/>\n<meta property=\"og:site_name\" content=\"La Diagonale\" \/>\n<meta property=\"article:published_time\" content=\"2024-10-30T18:31:14+00:00\" \/>\n<meta property=\"article:modified_time\" content=\"2024-10-30T18:31:33+00:00\" \/>\n<meta property=\"og:image\" content=\"https:\/\/www.ladiagonale.net\/wp-content\/uploads\/2024\/09\/Embolo2425.png\" \/>\n\t<meta property=\"og:image:width\" content=\"1160\" \/>\n\t<meta property=\"og:image:height\" content=\"650\" \/>\n\t<meta property=\"og:image:type\" content=\"image\/png\" \/>\n<meta name=\"author\" content=\"Damien Dellerba\" \/>\n<meta name=\"twitter:card\" content=\"summary_large_image\" \/>\n<meta name=\"twitter:image\" content=\"https:\/\/www.ladiagonale.net\/wp-content\/uploads\/2024\/09\/Embolo2425.png\" \/>\n<meta name=\"twitter:label1\" content=\"\u00c9crit par\" \/>\n\t<meta name=\"twitter:data1\" content=\"Damien Dellerba\" \/>\n\t<meta name=\"twitter:label2\" content=\"Dur\u00e9e de lecture estim\u00e9e\" \/>\n\t<meta name=\"twitter:data2\" content=\"3 minutes\" \/>\n<script type=\"application\/ld+json\" class=\"yoast-schema-graph\">{\"@context\":\"https:\/\/schema.org\",\"@graph\":[{\"@type\":\"WebPage\",\"@id\":\"https:\/\/www.ladiagonale.net\/index.php\/2024\/10\/30\/embolo-continuer-a-etre-impactant\/\",\"url\":\"https:\/\/www.ladiagonale.net\/index.php\/2024\/10\/30\/embolo-continuer-a-etre-impactant\/\",\"name\":\"Embolo : \u00ab\u00a0Continuer \u00e0 \u00eatre impactant\u00a0\u00bb - La Diagonale\",\"isPartOf\":{\"@id\":\"https:\/\/www.ladiagonale.net\/#website\"},\"datePublished\":\"2024-10-30T18:31:14+00:00\",\"dateModified\":\"2024-10-30T18:31:33+00:00\",\"author\":{\"@id\":\"https:\/\/www.ladiagonale.net\/#\/schema\/person\/79ff1e7b0853ed01b2aa26e64ad300bf\"},\"breadcrumb\":{\"@id\":\"https:\/\/www.ladiagonale.net\/index.php\/2024\/10\/30\/embolo-continuer-a-etre-impactant\/#breadcrumb\"},\"inLanguage\":\"fr-FR\",\"potentialAction\":[{\"@type\":\"ReadAction\",\"target\":[\"https:\/\/www.ladiagonale.net\/index.php\/2024\/10\/30\/embolo-continuer-a-etre-impactant\/\"]}]},{\"@type\":\"BreadcrumbList\",\"@id\":\"https:\/\/www.ladiagonale.net\/index.php\/2024\/10\/30\/embolo-continuer-a-etre-impactant\/#breadcrumb\",\"itemListElement\":[{\"@type\":\"ListItem\",\"position\":1,\"name\":\"Accueil\",\"item\":\"https:\/\/www.ladiagonale.net\/\"},{\"@type\":\"ListItem\",\"position\":2,\"name\":\"Embolo : \u00ab\u00a0Continuer \u00e0 \u00eatre impactant\u00a0\u00bb\"}]},{\"@type\":\"WebSite\",\"@id\":\"https:\/\/www.ladiagonale.net\/#website\",\"url\":\"https:\/\/www.ladiagonale.net\/\",\"name\":\"La Diagonale\",\"description\":\"Le site des supporters de l&#039;AS Monaco FC\",\"potentialAction\":[{\"@type\":\"SearchAction\",\"target\":{\"@type\":\"EntryPoint\",\"urlTemplate\":\"https:\/\/www.ladiagonale.net\/?s={search_term_string}\"},\"query-input\":\"required name=search_term_string\"}],\"inLanguage\":\"fr-FR\"},{\"@type\":\"Person\",\"@id\":\"https:\/\/www.ladiagonale.net\/#\/schema\/person\/79ff1e7b0853ed01b2aa26e64ad300bf\",\"name\":\"Damien Dellerba\",\"image\":{\"@type\":\"ImageObject\",\"inLanguage\":\"fr-FR\",\"@id\":\"https:\/\/www.ladiagonale.net\/#\/schema\/person\/image\/\",\"url\":\"https:\/\/secure.gravatar.com\/avatar\/c7850e06d3ff63cdbaee88b7fc16e2f0?s=96&d=mm&r=g\",\"contentUrl\":\"https:\/\/secure.gravatar.com\/avatar\/c7850e06d3ff63cdbaee88b7fc16e2f0?s=96&d=mm&r=g\",\"caption\":\"Damien Dellerba\"},\"url\":\"https:\/\/www.ladiagonale.net\/index.php\/author\/damien\/\"}]}<\/script>\n<!-- \/ Yoast SEO plugin. -->","yoast_head_json":{"title":"Embolo : \u00ab\u00a0Continuer \u00e0 \u00eatre impactant\u00a0\u00bb - La Diagonale","robots":{"index":"index","follow":"follow","max-snippet":"max-snippet:-1","max-image-preview":"max-image-preview:large","max-video-preview":"max-video-preview:-1"},"canonical":"https:\/\/www.ladiagonale.net\/index.php\/2024\/10\/30\/embolo-continuer-a-etre-impactant\/","og_locale":"fr_FR","og_type":"article","og_title":"Embolo : \u00ab\u00a0Continuer \u00e0 \u00eatre impactant\u00a0\u00bb - La Diagonale","og_description":"En une semaine, Breel Embolo a retrouv\u00e9 le chemin des filets \u00e0 deux reprises, contre Belgrade et Nice. L\u2019attaquant de l\u2019AS Monaco n\u2019a pas masqu\u00e9 sa satisfaction apr\u00e8s des semaines difficiles : \u00ab\u00a0\u00c7a fait toujours plaisir de marquer. Il y a eu des bons matches et d\u2019autres o\u00f9 je n\u2019\u00e9tais pas \u00e0 la hauteur. J\u2019ai [...]","og_url":"https:\/\/www.ladiagonale.net\/index.php\/2024\/10\/30\/embolo-continuer-a-etre-impactant\/","og_site_name":"La Diagonale","article_published_time":"2024-10-30T18:31:14+00:00","article_modified_time":"2024-10-30T18:31:33+00:00","og_image":[{"width":1160,"height":650,"url":"https:\/\/www.ladiagonale.net\/wp-content\/uploads\/2024\/09\/Embolo2425.png","type":"image\/png"}],"author":"Damien Dellerba","twitter_card":"summary_large_image","twitter_image":"https:\/\/www.ladiagonale.net\/wp-content\/uploads\/2024\/09\/Embolo2425.png","twitter_misc":{"\u00c9crit par":"Damien Dellerba","Dur\u00e9e de lecture estim\u00e9e":"3 minutes"},"schema":{"@context":"https:\/\/schema.org","@graph":[{"@type":"WebPage","@id":"https:\/\/www.ladiagonale.net\/index.php\/2024\/10\/30\/embolo-continuer-a-etre-impactant\/","url":"https:\/\/www.ladiagonale.net\/index.php\/2024\/10\/30\/embolo-continuer-a-etre-impactant\/","name":"Embolo : \u00ab\u00a0Continuer \u00e0 \u00eatre impactant\u00a0\u00bb - La Diagonale","isPartOf":{"@id":"https:\/\/www.ladiagonale.net\/#website"},"datePublished":"2024-10-30T18:31:14+00:00","dateModified":"2024-10-30T18:31:33+00:00","author":{"@id":"https:\/\/www.ladiagonale.net\/#\/schema\/person\/79ff1e7b0853ed01b2aa26e64ad300bf"},"breadcrumb":{"@id":"https:\/\/www.ladiagonale.net\/index.php\/2024\/10\/30\/embolo-continuer-a-etre-impactant\/#breadcrumb"},"inLanguage":"fr-FR","potentialAction":[{"@type":"ReadAction","target":["https:\/\/www.ladiagonale.net\/index.php\/2024\/10\/30\/embolo-continuer-a-etre-impactant\/"]}]},{"@type":"BreadcrumbList","@id":"https:\/\/www.ladiagonale.net\/index.php\/2024\/10\/30\/embolo-continuer-a-etre-impactant\/#breadcrumb","itemListElement":[{"@type":"ListItem","position":1,"name":"Accueil","item":"https:\/\/www.ladiagonale.net\/"},{"@type":"ListItem","position":2,"name":"Embolo : \u00ab\u00a0Continuer \u00e0 \u00eatre impactant\u00a0\u00bb"}]},{"@type":"WebSite","@id":"https:\/\/www.ladiagonale.net\/#website","url":"https:\/\/www.ladiagonale.net\/","name":"La Diagonale","description":"Le site des supporters de l&#039;AS Monaco FC","potentialAction":[{"@type":"SearchAction","target":{"@type":"EntryPoint","urlTemplate":"https:\/\/www.ladiagonale.net\/?s={search_term_string}"},"query-input":"required name=search_term_string"}],"inLanguage":"fr-FR"},{"@type":"Person","@id":"https:\/\/www.ladiagonale.net\/#\/schema\/person\/79ff1e7b0853ed01b2aa26e64ad300bf","name":"Damien Dellerba","image":{"@type":"ImageObject","inLanguage":"fr-FR","@id":"https:\/\/www.ladiagonale.net\/#\/schema\/person\/image\/","url":"https:\/\/secure.gravatar.com\/avatar\/c7850e06d3ff63cdbaee88b7fc16e2f0?s=96&d=mm&r=g","contentUrl":"https:\/\/secure.gravatar.com\/avatar\/c7850e06d3ff63cdbaee88b7fc16e2f0?s=96&d=mm&r=g","caption":"Damien Dellerba"},"url":"https:\/\/www.ladiagonale.net\/index.php\/author\/damien\/"}]}},"_links":{"self":[{"href":"https:\/\/www.ladiagonale.net\/index.php\/wp-json\/wp\/v2\/posts\/27059"}],"collection":[{"href":"https:\/\/www.ladiagonale.net\/index.php\/wp-json\/wp\/v2\/posts"}],"about":[{"href":"https:\/\/www.ladiagonale.net\/index.php\/wp-json\/wp\/v2\/types\/post"}],"author":[{"embeddable":true,"href":"https:\/\/www.ladiagonale.net\/index.php\/wp-json\/wp\/v2\/users\/2"}],"replies":[{"embeddable":true,"href":"https:\/\/www.ladiagonale.net\/index.php\/wp-json\/wp\/v2\/comments?post=27059"}],"version-history":[{"count":3,"href":"https:\/\/www.ladiagonale.net\/index.php\/wp-json\/wp\/v2\/posts\/27059\/revisions"}],"predecessor-version":[{"id":27071,"href":"https:\/\/www.ladiagonale.net\/index.php\/wp-json\/wp\/v2\/posts\/27059\/revisions\/27071"}],"wp:attachment":[{"href":"https:\/\/www.ladiagonale.net\/index.php\/wp-json\/wp\/v2\/media?parent=27059"}],"wp:term":[{"taxonomy":"category","embeddable":true,"href":"https:\/\/www.ladiagonale.net\/index.php\/wp-json\/wp\/v2\/categories?post=27059"},{"taxonomy":"post_tag","embeddable":true,"href":"https:\/\/www.ladiagonale.net\/index.php\/wp-json\/wp\/v2\/tags?post=27059"}],"curies":[{"name":"wp","href":"https:\/\/api.w.org\/{rel}","templated":true}]}}