{"id":27144,"date":"2024-11-01T18:26:13","date_gmt":"2024-11-01T17:26:13","guid":{"rendered":"https:\/\/www.ladiagonale.net\/?p=27144"},"modified":"2024-11-01T18:29:09","modified_gmt":"2024-11-01T17:29:09","slug":"les-compositions-avec-deux-attaquants","status":"publish","type":"post","link":"https:\/\/www.ladiagonale.net\/index.php\/2024\/11\/01\/les-compositions-avec-deux-attaquants\/","title":{"rendered":"Les compositions : avec deux attaquants"},"content":{"rendered":"\n<p>Le onze de d\u00e9part pour affronter Angers est connu. L\u2019AS Monaco \u00e9voluera en 4-4-2 pour cette rencontre avec Breel Embolo et George Ilenikhena en attaque. Aleksandr Golovin \u00e9voluera dans le c\u0153ur du jeu au c\u00f4t\u00e9 de Lamine Camara.<\/p>\n\n\n\n<p>En l\u2019absence de Vanderson et Jordan Teze, Kr\u00e9pin Diatta est titularis\u00e9 comme lat\u00e9ral droit plut\u00f4t que Christian Mawissa.<\/p>\n\n\n\n<p>Trois jeunes joueurs de l\u2019Academy sont sur le banc : Sa\u00efmon Bouabr\u00e9, Lucas Michal et Samuel Nibomb\u00e9.<\/p>\n\n\n\n<p><strong>AS Monaco  (4-4-2) : <\/strong>Majecki &#8211; Diatta, Singo, Kehrer (cap.), C. Henrique &#8211; Akliouche, Camara, Golovin, Minamino &#8211; Embolo, Ilenikhena.<\/p>\n\n\n\n<p><em>Rempla\u00e7ant : <\/em>K\u00f6hn (g.), Mawissa, Nibombe, Ouattara, Magassa, Matazo, Ben Seghir, Bouabr\u00e9, Michal.<\/p>\n\n\n\n<p><strong>SCO Angers (4-2-3-1) :<\/strong> Fofana &#8211; Arcus, Biumla, Lefort, Hanin &#8211; Belkebla, Aholou &#8211; Allevinah, Abdelli (cap.), El-Melali &#8211; Niane.<\/p>\n\n\n\n<p><em>Rempla\u00e7ants : <\/em>Zinga (g.), Bamba, Courcoul, Ekomi\u00e9, Belkhdim, Capelle, Dieng, Lepaul, Moussaoui.<\/p>\n","protected":false},"excerpt":{"rendered":"<p>Le onze de d\u00e9part pour affronter Angers est connu. L\u2019AS Monaco \u00e9voluera en 4-4-2 pour cette rencontre avec Breel Embolo et George Ilenikhena en attaque. Aleksandr Golovin \u00e9voluera dans le c\u0153ur du jeu au c\u00f4t\u00e9 de Lamine Camara. En l\u2019absence de Vanderson et Jordan Teze, Kr\u00e9pin Diatta est titularis\u00e9 comme lat\u00e9ral droit plut\u00f4t que Christian [&#8230;]\n","protected":false},"author":2,"featured_media":0,"comment_status":"closed","ping_status":"open","sticky":false,"template":"","format":"standard","meta":[],"categories":[4,6],"tags":[86,213,287,171],"yoast_head":"<!-- This site is optimized with the Yoast SEO plugin v19.8 - https:\/\/yoast.com\/wordpress\/plugins\/seo\/ -->\n<title>Les compositions : avec deux attaquants - La Diagonale<\/title>\n<meta name=\"robots\" content=\"index, follow, max-snippet:-1, max-image-preview:large, max-video-preview:-1\" \/>\n<link rel=\"canonical\" href=\"https:\/\/www.ladiagonale.net\/index.php\/2024\/11\/01\/les-compositions-avec-deux-attaquants\/\" \/>\n<meta property=\"og:locale\" content=\"fr_FR\" \/>\n<meta property=\"og:type\" content=\"article\" \/>\n<meta property=\"og:title\" content=\"Les compositions : avec deux attaquants - La Diagonale\" \/>\n<meta property=\"og:description\" content=\"Le onze de d\u00e9part pour affronter Angers est connu. L\u2019AS Monaco \u00e9voluera en 4-4-2 pour cette rencontre avec Breel Embolo et George Ilenikhena en attaque. Aleksandr Golovin \u00e9voluera dans le c\u0153ur du jeu au c\u00f4t\u00e9 de Lamine Camara. En l\u2019absence de Vanderson et Jordan Teze, Kr\u00e9pin Diatta est titularis\u00e9 comme lat\u00e9ral droit plut\u00f4t que Christian [...]\" \/>\n<meta property=\"og:url\" content=\"https:\/\/www.ladiagonale.net\/index.php\/2024\/11\/01\/les-compositions-avec-deux-attaquants\/\" \/>\n<meta property=\"og:site_name\" content=\"La Diagonale\" \/>\n<meta property=\"article:published_time\" content=\"2024-11-01T17:26:13+00:00\" \/>\n<meta property=\"article:modified_time\" content=\"2024-11-01T17:29:09+00:00\" \/>\n<meta property=\"og:image\" content=\"https:\/\/www.ladiagonale.net\/wp-content\/uploads\/2024\/09\/ilenikkhena2.png\" \/>\n\t<meta property=\"og:image:width\" content=\"1160\" \/>\n\t<meta property=\"og:image:height\" content=\"650\" \/>\n\t<meta property=\"og:image:type\" content=\"image\/png\" \/>\n<meta name=\"author\" content=\"Damien Dellerba\" \/>\n<meta name=\"twitter:card\" content=\"summary_large_image\" \/>\n<meta name=\"twitter:image\" content=\"https:\/\/www.ladiagonale.net\/wp-content\/uploads\/2024\/09\/ilenikkhena2.png\" \/>\n<meta name=\"twitter:label1\" content=\"\u00c9crit par\" \/>\n\t<meta name=\"twitter:data1\" content=\"Damien Dellerba\" \/>\n\t<meta name=\"twitter:label2\" content=\"Dur\u00e9e de lecture estim\u00e9e\" \/>\n\t<meta name=\"twitter:data2\" content=\"1 minute\" \/>\n<script type=\"application\/ld+json\" class=\"yoast-schema-graph\">{\"@context\":\"https:\/\/schema.org\",\"@graph\":[{\"@type\":\"WebPage\",\"@id\":\"https:\/\/www.ladiagonale.net\/index.php\/2024\/11\/01\/les-compositions-avec-deux-attaquants\/\",\"url\":\"https:\/\/www.ladiagonale.net\/index.php\/2024\/11\/01\/les-compositions-avec-deux-attaquants\/\",\"name\":\"Les compositions : avec deux attaquants - La Diagonale\",\"isPartOf\":{\"@id\":\"https:\/\/www.ladiagonale.net\/#website\"},\"datePublished\":\"2024-11-01T17:26:13+00:00\",\"dateModified\":\"2024-11-01T17:29:09+00:00\",\"author\":{\"@id\":\"https:\/\/www.ladiagonale.net\/#\/schema\/person\/79ff1e7b0853ed01b2aa26e64ad300bf\"},\"breadcrumb\":{\"@id\":\"https:\/\/www.ladiagonale.net\/index.php\/2024\/11\/01\/les-compositions-avec-deux-attaquants\/#breadcrumb\"},\"inLanguage\":\"fr-FR\",\"potentialAction\":[{\"@type\":\"ReadAction\",\"target\":[\"https:\/\/www.ladiagonale.net\/index.php\/2024\/11\/01\/les-compositions-avec-deux-attaquants\/\"]}]},{\"@type\":\"BreadcrumbList\",\"@id\":\"https:\/\/www.ladiagonale.net\/index.php\/2024\/11\/01\/les-compositions-avec-deux-attaquants\/#breadcrumb\",\"itemListElement\":[{\"@type\":\"ListItem\",\"position\":1,\"name\":\"Accueil\",\"item\":\"https:\/\/www.ladiagonale.net\/\"},{\"@type\":\"ListItem\",\"position\":2,\"name\":\"Les compositions : avec deux attaquants\"}]},{\"@type\":\"WebSite\",\"@id\":\"https:\/\/www.ladiagonale.net\/#website\",\"url\":\"https:\/\/www.ladiagonale.net\/\",\"name\":\"La Diagonale\",\"description\":\"Le site des supporters de l&#039;AS Monaco FC\",\"potentialAction\":[{\"@type\":\"SearchAction\",\"target\":{\"@type\":\"EntryPoint\",\"urlTemplate\":\"https:\/\/www.ladiagonale.net\/?s={search_term_string}\"},\"query-input\":\"required name=search_term_string\"}],\"inLanguage\":\"fr-FR\"},{\"@type\":\"Person\",\"@id\":\"https:\/\/www.ladiagonale.net\/#\/schema\/person\/79ff1e7b0853ed01b2aa26e64ad300bf\",\"name\":\"Damien Dellerba\",\"image\":{\"@type\":\"ImageObject\",\"inLanguage\":\"fr-FR\",\"@id\":\"https:\/\/www.ladiagonale.net\/#\/schema\/person\/image\/\",\"url\":\"https:\/\/secure.gravatar.com\/avatar\/c7850e06d3ff63cdbaee88b7fc16e2f0?s=96&d=mm&r=g\",\"contentUrl\":\"https:\/\/secure.gravatar.com\/avatar\/c7850e06d3ff63cdbaee88b7fc16e2f0?s=96&d=mm&r=g\",\"caption\":\"Damien Dellerba\"},\"url\":\"https:\/\/www.ladiagonale.net\/index.php\/author\/damien\/\"}]}<\/script>\n<!-- \/ Yoast SEO plugin. -->","yoast_head_json":{"title":"Les compositions : avec deux attaquants - La Diagonale","robots":{"index":"index","follow":"follow","max-snippet":"max-snippet:-1","max-image-preview":"max-image-preview:large","max-video-preview":"max-video-preview:-1"},"canonical":"https:\/\/www.ladiagonale.net\/index.php\/2024\/11\/01\/les-compositions-avec-deux-attaquants\/","og_locale":"fr_FR","og_type":"article","og_title":"Les compositions : avec deux attaquants - La Diagonale","og_description":"Le onze de d\u00e9part pour affronter Angers est connu. L\u2019AS Monaco \u00e9voluera en 4-4-2 pour cette rencontre avec Breel Embolo et George Ilenikhena en attaque. Aleksandr Golovin \u00e9voluera dans le c\u0153ur du jeu au c\u00f4t\u00e9 de Lamine Camara. En l\u2019absence de Vanderson et Jordan Teze, Kr\u00e9pin Diatta est titularis\u00e9 comme lat\u00e9ral droit plut\u00f4t que Christian [...]","og_url":"https:\/\/www.ladiagonale.net\/index.php\/2024\/11\/01\/les-compositions-avec-deux-attaquants\/","og_site_name":"La Diagonale","article_published_time":"2024-11-01T17:26:13+00:00","article_modified_time":"2024-11-01T17:29:09+00:00","og_image":[{"width":1160,"height":650,"url":"https:\/\/www.ladiagonale.net\/wp-content\/uploads\/2024\/09\/ilenikkhena2.png","type":"image\/png"}],"author":"Damien Dellerba","twitter_card":"summary_large_image","twitter_image":"https:\/\/www.ladiagonale.net\/wp-content\/uploads\/2024\/09\/ilenikkhena2.png","twitter_misc":{"\u00c9crit par":"Damien Dellerba","Dur\u00e9e de lecture estim\u00e9e":"1 minute"},"schema":{"@context":"https:\/\/schema.org","@graph":[{"@type":"WebPage","@id":"https:\/\/www.ladiagonale.net\/index.php\/2024\/11\/01\/les-compositions-avec-deux-attaquants\/","url":"https:\/\/www.ladiagonale.net\/index.php\/2024\/11\/01\/les-compositions-avec-deux-attaquants\/","name":"Les compositions : avec deux attaquants - La Diagonale","isPartOf":{"@id":"https:\/\/www.ladiagonale.net\/#website"},"datePublished":"2024-11-01T17:26:13+00:00","dateModified":"2024-11-01T17:29:09+00:00","author":{"@id":"https:\/\/www.ladiagonale.net\/#\/schema\/person\/79ff1e7b0853ed01b2aa26e64ad300bf"},"breadcrumb":{"@id":"https:\/\/www.ladiagonale.net\/index.php\/2024\/11\/01\/les-compositions-avec-deux-attaquants\/#breadcrumb"},"inLanguage":"fr-FR","potentialAction":[{"@type":"ReadAction","target":["https:\/\/www.ladiagonale.net\/index.php\/2024\/11\/01\/les-compositions-avec-deux-attaquants\/"]}]},{"@type":"BreadcrumbList","@id":"https:\/\/www.ladiagonale.net\/index.php\/2024\/11\/01\/les-compositions-avec-deux-attaquants\/#breadcrumb","itemListElement":[{"@type":"ListItem","position":1,"name":"Accueil","item":"https:\/\/www.ladiagonale.net\/"},{"@type":"ListItem","position":2,"name":"Les compositions : avec deux attaquants"}]},{"@type":"WebSite","@id":"https:\/\/www.ladiagonale.net\/#website","url":"https:\/\/www.ladiagonale.net\/","name":"La Diagonale","description":"Le site des supporters de l&#039;AS Monaco FC","potentialAction":[{"@type":"SearchAction","target":{"@type":"EntryPoint","urlTemplate":"https:\/\/www.ladiagonale.net\/?s={search_term_string}"},"query-input":"required name=search_term_string"}],"inLanguage":"fr-FR"},{"@type":"Person","@id":"https:\/\/www.ladiagonale.net\/#\/schema\/person\/79ff1e7b0853ed01b2aa26e64ad300bf","name":"Damien Dellerba","image":{"@type":"ImageObject","inLanguage":"fr-FR","@id":"https:\/\/www.ladiagonale.net\/#\/schema\/person\/image\/","url":"https:\/\/secure.gravatar.com\/avatar\/c7850e06d3ff63cdbaee88b7fc16e2f0?s=96&d=mm&r=g","contentUrl":"https:\/\/secure.gravatar.com\/avatar\/c7850e06d3ff63cdbaee88b7fc16e2f0?s=96&d=mm&r=g","caption":"Damien Dellerba"},"url":"https:\/\/www.ladiagonale.net\/index.php\/author\/damien\/"}]}},"_links":{"self":[{"href":"https:\/\/www.ladiagonale.net\/index.php\/wp-json\/wp\/v2\/posts\/27144"}],"collection":[{"href":"https:\/\/www.ladiagonale.net\/index.php\/wp-json\/wp\/v2\/posts"}],"about":[{"href":"https:\/\/www.ladiagonale.net\/index.php\/wp-json\/wp\/v2\/types\/post"}],"author":[{"embeddable":true,"href":"https:\/\/www.ladiagonale.net\/index.php\/wp-json\/wp\/v2\/users\/2"}],"replies":[{"embeddable":true,"href":"https:\/\/www.ladiagonale.net\/index.php\/wp-json\/wp\/v2\/comments?post=27144"}],"version-history":[{"count":6,"href":"https:\/\/www.ladiagonale.net\/index.php\/wp-json\/wp\/v2\/posts\/27144\/revisions"}],"predecessor-version":[{"id":27150,"href":"https:\/\/www.ladiagonale.net\/index.php\/wp-json\/wp\/v2\/posts\/27144\/revisions\/27150"}],"wp:attachment":[{"href":"https:\/\/www.ladiagonale.net\/index.php\/wp-json\/wp\/v2\/media?parent=27144"}],"wp:term":[{"taxonomy":"category","embeddable":true,"href":"https:\/\/www.ladiagonale.net\/index.php\/wp-json\/wp\/v2\/categories?post=27144"},{"taxonomy":"post_tag","embeddable":true,"href":"https:\/\/www.ladiagonale.net\/index.php\/wp-json\/wp\/v2\/tags?post=27144"}],"curies":[{"name":"wp","href":"https:\/\/api.w.org\/{rel}","templated":true}]}}