{"id":27151,"date":"2024-11-01T21:03:24","date_gmt":"2024-11-01T20:03:24","guid":{"rendered":"https:\/\/www.ladiagonale.net\/?p=27151"},"modified":"2024-11-02T02:19:28","modified_gmt":"2024-11-02T01:19:28","slug":"monaco-se-rate-contre-angers-0-1","status":"publish","type":"post","link":"https:\/\/www.ladiagonale.net\/index.php\/2024\/11\/01\/monaco-se-rate-contre-angers-0-1\/","title":{"rendered":"Monaco se rate contre Angers (0-1)"},"content":{"rendered":"\n<p>L\u2019AS Monaco a conc\u00e9d\u00e9 un deuxi\u00e8me revers de rang en championnat. Les Rouge et Blanc ont \u00e9t\u00e9 battus par Angers (0-1). C\u2019est un ancien Mon\u00e9gasque, Jean-Eudes Aholou, qui a inscrit le seul but de la rencontre.<\/p>\n\n\n\n<p>Apr\u00e8s un derby ou tout ne s&rsquo;\u00e9tait pas pass\u00e9 comme pr\u00e9vu, l&rsquo;AS Monaco se devait de rebondir et la r\u00e9ception du SCO pouvait constituer une occasion en or de le faire. Face \u00e0 l&rsquo;une des plus faibles \u00e9quipes du championnat, il y avait m\u00eame mati\u00e8re \u00e0 marquer un peu les esprits, rappeler \u00e0 tous que l&rsquo;ASM \u00e9tait faite d&rsquo;un bois quelque peu diff\u00e9rent cette ann\u00e9e. Vendredi, il a sonn\u00e9 creux. Vide, m\u00eame, \u00e0 l&rsquo;image d&rsquo;une premi\u00e8re p\u00e9riode absolument abyssale o\u00f9 les hommes d\u2019Adi H\u00fctter ont \u00e9t\u00e9 indignes de leur rang.<\/p>\n\n\n\n<p>Poussifs, patauds, domin\u00e9s dans l&rsquo;impact et dans l&rsquo;envie, les Mon\u00e9gasques ont \u00e9t\u00e9 logiquement men\u00e9s au score \u00e0 la demi-heure de jeu. Comme un mauvais sketch qui a trop souvent tendance \u00e0 se r\u00e9p\u00e9ter, c&rsquo;est un ancien de la maison, Jean-Eudes Aholou, qui n&rsquo;a laiss\u00e9 aucun bon souvenir en Principaut\u00e9, qui a marqu\u00e9 le seul but de la rencontre. D&rsquo;une frappe du gauche prise un peu de l&rsquo;ext\u00e9rieur et dont l&rsquo;effet un peu fuyant a \u00e9loign\u00e9 un peu plus le ballon des gants de Majecki. <\/p>\n\n\n\n<p>La seconde p\u00e9riode aurait d\u00fb mettre un terme \u00e0 cette anesth\u00e9sie g\u00e9n\u00e9rale. Il y a eu du mieux, l\u00e9g\u00e8rement, mais surtout pas assez. Par sa maladresse dans la surface, Breel Embolo a symbolis\u00e9 les d\u00e9faillances mon\u00e9gasques du soir. Si, contre Nice, l&rsquo;ASM avait trouv\u00e9 des excuses, notamment par rapport \u00e0 un arbitrage inique, cette fois, elle n&rsquo;en a aucune contre un adversaire beaucoup plus faible mais qui s&rsquo;est montr\u00e9 plus valeureux et a m\u00e9rit\u00e9 son succ\u00e8s.<\/p>\n\n\n\n<p>Cette v\u00e9ritable contre-performance risque de co\u00fbter cher aux Mon\u00e9gasques. Paris a d\u00e9sormais un boulevard et le champ libre pour s&rsquo;envoler, tandis que Marseille peut revenir \u00e0 hauteur. Pour l&rsquo;ASM, il y a d\u00e9sormais urgence \u00e0 retrouver la victoire en Ligue 1, apr\u00e8s trois rencontres sans succ\u00e8s. Et se r\u00e9veiller pour \u00e9viter de prendre la sauce \u00e0 Bologne.<\/p>\n\n\n","protected":false},"excerpt":{"rendered":"<p>L\u2019AS Monaco a conc\u00e9d\u00e9 un deuxi\u00e8me revers de rang en championnat. Les Rouge et Blanc ont \u00e9t\u00e9 battus par Angers (0-1). C\u2019est un ancien Mon\u00e9gasque, Jean-Eudes Aholou, qui a inscrit le seul but de la rencontre. Apr\u00e8s un derby ou tout ne s&rsquo;\u00e9tait pas pass\u00e9 comme pr\u00e9vu, l&rsquo;AS Monaco se devait de rebondir et la [&#8230;]\n","protected":false},"author":1,"featured_media":27152,"comment_status":"open","ping_status":"open","sticky":false,"template":"","format":"standard","meta":[],"categories":[5,6],"tags":[86,94],"yoast_head":"<!-- This site is optimized with the Yoast SEO plugin v19.8 - https:\/\/yoast.com\/wordpress\/plugins\/seo\/ -->\n<title>Monaco se rate contre Angers (0-1) - La Diagonale<\/title>\n<meta name=\"robots\" content=\"index, follow, max-snippet:-1, max-image-preview:large, max-video-preview:-1\" \/>\n<link rel=\"canonical\" href=\"https:\/\/www.ladiagonale.net\/index.php\/2024\/11\/01\/monaco-se-rate-contre-angers-0-1\/\" \/>\n<meta property=\"og:locale\" content=\"fr_FR\" \/>\n<meta property=\"og:type\" content=\"article\" \/>\n<meta property=\"og:title\" content=\"Monaco se rate contre Angers (0-1) - La Diagonale\" \/>\n<meta property=\"og:description\" content=\"L\u2019AS Monaco a conc\u00e9d\u00e9 un deuxi\u00e8me revers de rang en championnat. Les Rouge et Blanc ont \u00e9t\u00e9 battus par Angers (0-1). C\u2019est un ancien Mon\u00e9gasque, Jean-Eudes Aholou, qui a inscrit le seul but de la rencontre. Apr\u00e8s un derby ou tout ne s&rsquo;\u00e9tait pas pass\u00e9 comme pr\u00e9vu, l&rsquo;AS Monaco se devait de rebondir et la [...]\" \/>\n<meta property=\"og:url\" content=\"https:\/\/www.ladiagonale.net\/index.php\/2024\/11\/01\/monaco-se-rate-contre-angers-0-1\/\" \/>\n<meta property=\"og:site_name\" content=\"La Diagonale\" \/>\n<meta property=\"article:published_time\" content=\"2024-11-01T20:03:24+00:00\" \/>\n<meta property=\"article:modified_time\" content=\"2024-11-02T01:19:28+00:00\" \/>\n<meta property=\"og:image\" content=\"https:\/\/www.ladiagonale.net\/wp-content\/uploads\/2024\/11\/embolo-angers.jpg\" \/>\n\t<meta property=\"og:image:width\" content=\"1160\" \/>\n\t<meta property=\"og:image:height\" content=\"650\" \/>\n\t<meta property=\"og:image:type\" content=\"image\/jpeg\" \/>\n<meta name=\"author\" content=\"admin\" \/>\n<meta name=\"twitter:card\" content=\"summary_large_image\" \/>\n<meta name=\"twitter:image\" content=\"https:\/\/www.ladiagonale.net\/wp-content\/uploads\/2024\/11\/embolo-angers.jpg\" \/>\n<meta name=\"twitter:label1\" content=\"\u00c9crit par\" \/>\n\t<meta name=\"twitter:data1\" content=\"admin\" \/>\n\t<meta name=\"twitter:label2\" content=\"Dur\u00e9e de lecture estim\u00e9e\" \/>\n\t<meta name=\"twitter:data2\" content=\"2 minutes\" \/>\n<script type=\"application\/ld+json\" class=\"yoast-schema-graph\">{\"@context\":\"https:\/\/schema.org\",\"@graph\":[{\"@type\":\"WebPage\",\"@id\":\"https:\/\/www.ladiagonale.net\/index.php\/2024\/11\/01\/monaco-se-rate-contre-angers-0-1\/\",\"url\":\"https:\/\/www.ladiagonale.net\/index.php\/2024\/11\/01\/monaco-se-rate-contre-angers-0-1\/\",\"name\":\"Monaco se rate contre Angers (0-1) - La Diagonale\",\"isPartOf\":{\"@id\":\"https:\/\/www.ladiagonale.net\/#website\"},\"datePublished\":\"2024-11-01T20:03:24+00:00\",\"dateModified\":\"2024-11-02T01:19:28+00:00\",\"author\":{\"@id\":\"https:\/\/www.ladiagonale.net\/#\/schema\/person\/03fa041acd51875ece8bf97a37252a4d\"},\"breadcrumb\":{\"@id\":\"https:\/\/www.ladiagonale.net\/index.php\/2024\/11\/01\/monaco-se-rate-contre-angers-0-1\/#breadcrumb\"},\"inLanguage\":\"fr-FR\",\"potentialAction\":[{\"@type\":\"ReadAction\",\"target\":[\"https:\/\/www.ladiagonale.net\/index.php\/2024\/11\/01\/monaco-se-rate-contre-angers-0-1\/\"]}]},{\"@type\":\"BreadcrumbList\",\"@id\":\"https:\/\/www.ladiagonale.net\/index.php\/2024\/11\/01\/monaco-se-rate-contre-angers-0-1\/#breadcrumb\",\"itemListElement\":[{\"@type\":\"ListItem\",\"position\":1,\"name\":\"Accueil\",\"item\":\"https:\/\/www.ladiagonale.net\/\"},{\"@type\":\"ListItem\",\"position\":2,\"name\":\"Monaco se rate contre Angers (0-1)\"}]},{\"@type\":\"WebSite\",\"@id\":\"https:\/\/www.ladiagonale.net\/#website\",\"url\":\"https:\/\/www.ladiagonale.net\/\",\"name\":\"La Diagonale\",\"description\":\"Le site des supporters de l&#039;AS Monaco FC\",\"potentialAction\":[{\"@type\":\"SearchAction\",\"target\":{\"@type\":\"EntryPoint\",\"urlTemplate\":\"https:\/\/www.ladiagonale.net\/?s={search_term_string}\"},\"query-input\":\"required name=search_term_string\"}],\"inLanguage\":\"fr-FR\"},{\"@type\":\"Person\",\"@id\":\"https:\/\/www.ladiagonale.net\/#\/schema\/person\/03fa041acd51875ece8bf97a37252a4d\",\"name\":\"admin\",\"image\":{\"@type\":\"ImageObject\",\"inLanguage\":\"fr-FR\",\"@id\":\"https:\/\/www.ladiagonale.net\/#\/schema\/person\/image\/\",\"url\":\"https:\/\/secure.gravatar.com\/avatar\/894b9daaf19cc759b072b6bb09cac5f2?s=96&d=mm&r=g\",\"contentUrl\":\"https:\/\/secure.gravatar.com\/avatar\/894b9daaf19cc759b072b6bb09cac5f2?s=96&d=mm&r=g\",\"caption\":\"admin\"},\"sameAs\":[\"https:\/\/v2.ladiagonale.net\"],\"url\":\"https:\/\/www.ladiagonale.net\/index.php\/author\/admin\/\"}]}<\/script>\n<!-- \/ Yoast SEO plugin. -->","yoast_head_json":{"title":"Monaco se rate contre Angers (0-1) - La Diagonale","robots":{"index":"index","follow":"follow","max-snippet":"max-snippet:-1","max-image-preview":"max-image-preview:large","max-video-preview":"max-video-preview:-1"},"canonical":"https:\/\/www.ladiagonale.net\/index.php\/2024\/11\/01\/monaco-se-rate-contre-angers-0-1\/","og_locale":"fr_FR","og_type":"article","og_title":"Monaco se rate contre Angers (0-1) - La Diagonale","og_description":"L\u2019AS Monaco a conc\u00e9d\u00e9 un deuxi\u00e8me revers de rang en championnat. Les Rouge et Blanc ont \u00e9t\u00e9 battus par Angers (0-1). C\u2019est un ancien Mon\u00e9gasque, Jean-Eudes Aholou, qui a inscrit le seul but de la rencontre. Apr\u00e8s un derby ou tout ne s&rsquo;\u00e9tait pas pass\u00e9 comme pr\u00e9vu, l&rsquo;AS Monaco se devait de rebondir et la [...]","og_url":"https:\/\/www.ladiagonale.net\/index.php\/2024\/11\/01\/monaco-se-rate-contre-angers-0-1\/","og_site_name":"La Diagonale","article_published_time":"2024-11-01T20:03:24+00:00","article_modified_time":"2024-11-02T01:19:28+00:00","og_image":[{"width":1160,"height":650,"url":"https:\/\/www.ladiagonale.net\/wp-content\/uploads\/2024\/11\/embolo-angers.jpg","type":"image\/jpeg"}],"author":"admin","twitter_card":"summary_large_image","twitter_image":"https:\/\/www.ladiagonale.net\/wp-content\/uploads\/2024\/11\/embolo-angers.jpg","twitter_misc":{"\u00c9crit par":"admin","Dur\u00e9e de lecture estim\u00e9e":"2 minutes"},"schema":{"@context":"https:\/\/schema.org","@graph":[{"@type":"WebPage","@id":"https:\/\/www.ladiagonale.net\/index.php\/2024\/11\/01\/monaco-se-rate-contre-angers-0-1\/","url":"https:\/\/www.ladiagonale.net\/index.php\/2024\/11\/01\/monaco-se-rate-contre-angers-0-1\/","name":"Monaco se rate contre Angers (0-1) - La Diagonale","isPartOf":{"@id":"https:\/\/www.ladiagonale.net\/#website"},"datePublished":"2024-11-01T20:03:24+00:00","dateModified":"2024-11-02T01:19:28+00:00","author":{"@id":"https:\/\/www.ladiagonale.net\/#\/schema\/person\/03fa041acd51875ece8bf97a37252a4d"},"breadcrumb":{"@id":"https:\/\/www.ladiagonale.net\/index.php\/2024\/11\/01\/monaco-se-rate-contre-angers-0-1\/#breadcrumb"},"inLanguage":"fr-FR","potentialAction":[{"@type":"ReadAction","target":["https:\/\/www.ladiagonale.net\/index.php\/2024\/11\/01\/monaco-se-rate-contre-angers-0-1\/"]}]},{"@type":"BreadcrumbList","@id":"https:\/\/www.ladiagonale.net\/index.php\/2024\/11\/01\/monaco-se-rate-contre-angers-0-1\/#breadcrumb","itemListElement":[{"@type":"ListItem","position":1,"name":"Accueil","item":"https:\/\/www.ladiagonale.net\/"},{"@type":"ListItem","position":2,"name":"Monaco se rate contre Angers (0-1)"}]},{"@type":"WebSite","@id":"https:\/\/www.ladiagonale.net\/#website","url":"https:\/\/www.ladiagonale.net\/","name":"La Diagonale","description":"Le site des supporters de l&#039;AS Monaco FC","potentialAction":[{"@type":"SearchAction","target":{"@type":"EntryPoint","urlTemplate":"https:\/\/www.ladiagonale.net\/?s={search_term_string}"},"query-input":"required name=search_term_string"}],"inLanguage":"fr-FR"},{"@type":"Person","@id":"https:\/\/www.ladiagonale.net\/#\/schema\/person\/03fa041acd51875ece8bf97a37252a4d","name":"admin","image":{"@type":"ImageObject","inLanguage":"fr-FR","@id":"https:\/\/www.ladiagonale.net\/#\/schema\/person\/image\/","url":"https:\/\/secure.gravatar.com\/avatar\/894b9daaf19cc759b072b6bb09cac5f2?s=96&d=mm&r=g","contentUrl":"https:\/\/secure.gravatar.com\/avatar\/894b9daaf19cc759b072b6bb09cac5f2?s=96&d=mm&r=g","caption":"admin"},"sameAs":["https:\/\/v2.ladiagonale.net"],"url":"https:\/\/www.ladiagonale.net\/index.php\/author\/admin\/"}]}},"_links":{"self":[{"href":"https:\/\/www.ladiagonale.net\/index.php\/wp-json\/wp\/v2\/posts\/27151"}],"collection":[{"href":"https:\/\/www.ladiagonale.net\/index.php\/wp-json\/wp\/v2\/posts"}],"about":[{"href":"https:\/\/www.ladiagonale.net\/index.php\/wp-json\/wp\/v2\/types\/post"}],"author":[{"embeddable":true,"href":"https:\/\/www.ladiagonale.net\/index.php\/wp-json\/wp\/v2\/users\/1"}],"replies":[{"embeddable":true,"href":"https:\/\/www.ladiagonale.net\/index.php\/wp-json\/wp\/v2\/comments?post=27151"}],"version-history":[{"count":3,"href":"https:\/\/www.ladiagonale.net\/index.php\/wp-json\/wp\/v2\/posts\/27151\/revisions"}],"predecessor-version":[{"id":27168,"href":"https:\/\/www.ladiagonale.net\/index.php\/wp-json\/wp\/v2\/posts\/27151\/revisions\/27168"}],"wp:featuredmedia":[{"embeddable":true,"href":"https:\/\/www.ladiagonale.net\/index.php\/wp-json\/wp\/v2\/media\/27152"}],"wp:attachment":[{"href":"https:\/\/www.ladiagonale.net\/index.php\/wp-json\/wp\/v2\/media?parent=27151"}],"wp:term":[{"taxonomy":"category","embeddable":true,"href":"https:\/\/www.ladiagonale.net\/index.php\/wp-json\/wp\/v2\/categories?post=27151"},{"taxonomy":"post_tag","embeddable":true,"href":"https:\/\/www.ladiagonale.net\/index.php\/wp-json\/wp\/v2\/tags?post=27151"}],"curies":[{"name":"wp","href":"https:\/\/api.w.org\/{rel}","templated":true}]}}