{"id":27158,"date":"2024-11-02T00:24:09","date_gmt":"2024-11-01T23:24:09","guid":{"rendered":"https:\/\/www.ladiagonale.net\/?p=27158"},"modified":"2024-11-02T00:30:53","modified_gmt":"2024-11-01T23:30:53","slug":"diatta-cest-un-coup-darret","status":"publish","type":"post","link":"https:\/\/www.ladiagonale.net\/index.php\/2024\/11\/02\/diatta-cest-un-coup-darret\/","title":{"rendered":"Diatta : \u00ab&nbsp;C\u2019est un coup d\u2019arr\u00eat&nbsp;\u00bb"},"content":{"rendered":"\n<p>Apr\u00e8s la d\u00e9faite contre Angers, Kr\u00e9pin Diatta accusait le coup : \u00ab\u00a0<em>Nous n\u2019\u00e9tions pas l\u00e0 ce soir malheureusement, que ce soit dans l\u2019intensit\u00e9, les attitudes, c\u2019\u00e9tait vraiment difficile. Donc oui c\u2019est un coup d\u2019arr\u00eat, car nous n\u2019avons pas r\u00e9ussi \u00e0 montrer ce que l\u2019on vaut. C\u2019est dommage, car ces deux d\u00e9faites d\u2019affil\u00e9e font mal, m\u00eame si \u00e0 Nice je suis fautif sur le deuxi\u00e8me but. \u00c7a fait mal de perdre deux fois, donc il faut relever la t\u00eate tous ensemble, car on gagne et on perd en \u00e9quipe.<\/em>\u00a0\u00bb<\/p>\n\n\n\n<p>Fautif \u00e0 Nice, le S\u00e9n\u00e9galais a cette fois parl\u00e9 de d\u00e9faillance collective : \u00ab\u00a0<em>La d\u00e9faite (contre Nice), je l\u2019ai prise pour moi. (\u2026)\u00a0On ne peut pas bl\u00e2mer un seul joueur, c\u2019est un revers collectif. Nous n\u2019\u00e9tions vraiment pas dedans, car d\u2019habitude nous sommes une \u00e9quipe qui met tout le temps de l\u2019intensit\u00e9, qui est agressive. Or aujourd\u2019hui il y a eu beaucoup d\u2019espaces pour Angers, ce qui n\u2019est pas courant cette saison, surtout dans nos entames. Cette d\u00e9faite est collective, elle fait mal.<\/em>\u00a0\u00bb<\/p>\n\n\n\n<p>Pour Diatta, les joueurs vont devoir se parler dans le vestiaire : \u00ab\u00a0<em>Tout le monde dit que nous sommes une bonne \u00e9quipe, donc forc\u00e9ment cela fait mal de perdre deux fois d\u2019affil\u00e9e. Donc il va falloir se remobiliser, et pour cela il faut juste se parler. Mais je suis s\u00fbr qu\u2019on va relancer la machine, car nous avons un groupe et des joueurs de qualit\u00e9. Demain nous aurons une discussion ensemble. Comme vous le savez, nous sommes dans une bonne phase en Ligue des Champions. Ce sera donc une opportunit\u00e9 pour nous de montrer un autre visage de l\u2019AS Monaco et pourquoi pas de lancer une autre s\u00e9rie.<\/em>\u00a0\u00bb<\/p>\n\n\n\n<p class=\"has-text-align-right has-small-font-size\">Source : <em>AS Monaco<\/em><\/p>\n\n\n","protected":false},"excerpt":{"rendered":"<p>Apr\u00e8s la d\u00e9faite contre Angers, Kr\u00e9pin Diatta accusait le coup : \u00ab\u00a0Nous n\u2019\u00e9tions pas l\u00e0 ce soir malheureusement, que ce soit dans l\u2019intensit\u00e9, les attitudes, c\u2019\u00e9tait vraiment difficile. Donc oui c\u2019est un coup d\u2019arr\u00eat, car nous n\u2019avons pas r\u00e9ussi \u00e0 montrer ce que l\u2019on vaut. C\u2019est dommage, car ces deux d\u00e9faites d\u2019affil\u00e9e font mal, m\u00eame [&#8230;]\n","protected":false},"author":2,"featured_media":0,"comment_status":"open","ping_status":"open","sticky":false,"template":"","format":"standard","meta":[],"categories":[6],"tags":[86,163,94,171],"yoast_head":"<!-- This site is optimized with the Yoast SEO plugin v19.8 - https:\/\/yoast.com\/wordpress\/plugins\/seo\/ -->\n<title>Diatta : \u00ab&nbsp;C\u2019est un coup d\u2019arr\u00eat&nbsp;\u00bb - La Diagonale<\/title>\n<meta name=\"robots\" content=\"index, follow, max-snippet:-1, max-image-preview:large, max-video-preview:-1\" \/>\n<link rel=\"canonical\" href=\"https:\/\/www.ladiagonale.net\/index.php\/2024\/11\/02\/diatta-cest-un-coup-darret\/\" \/>\n<meta property=\"og:locale\" content=\"fr_FR\" \/>\n<meta property=\"og:type\" content=\"article\" \/>\n<meta property=\"og:title\" content=\"Diatta : \u00ab&nbsp;C\u2019est un coup d\u2019arr\u00eat&nbsp;\u00bb - La Diagonale\" \/>\n<meta property=\"og:description\" content=\"Apr\u00e8s la d\u00e9faite contre Angers, Kr\u00e9pin Diatta accusait le coup : \u00ab\u00a0Nous n\u2019\u00e9tions pas l\u00e0 ce soir malheureusement, que ce soit dans l\u2019intensit\u00e9, les attitudes, c\u2019\u00e9tait vraiment difficile. Donc oui c\u2019est un coup d\u2019arr\u00eat, car nous n\u2019avons pas r\u00e9ussi \u00e0 montrer ce que l\u2019on vaut. C\u2019est dommage, car ces deux d\u00e9faites d\u2019affil\u00e9e font mal, m\u00eame [...]\" \/>\n<meta property=\"og:url\" content=\"https:\/\/www.ladiagonale.net\/index.php\/2024\/11\/02\/diatta-cest-un-coup-darret\/\" \/>\n<meta property=\"og:site_name\" content=\"La Diagonale\" \/>\n<meta property=\"article:published_time\" content=\"2024-11-01T23:24:09+00:00\" \/>\n<meta property=\"article:modified_time\" content=\"2024-11-01T23:30:53+00:00\" \/>\n<meta property=\"og:image\" content=\"https:\/\/www.ladiagonale.net\/wp-content\/uploads\/2024\/07\/diatta-servette.png\" \/>\n\t<meta property=\"og:image:width\" content=\"1160\" \/>\n\t<meta property=\"og:image:height\" content=\"650\" \/>\n\t<meta property=\"og:image:type\" content=\"image\/png\" \/>\n<meta name=\"author\" content=\"Damien Dellerba\" \/>\n<meta name=\"twitter:card\" content=\"summary_large_image\" \/>\n<meta name=\"twitter:image\" content=\"https:\/\/www.ladiagonale.net\/wp-content\/uploads\/2024\/07\/diatta-servette.png\" \/>\n<meta name=\"twitter:label1\" content=\"\u00c9crit par\" \/>\n\t<meta name=\"twitter:data1\" content=\"Damien Dellerba\" \/>\n\t<meta name=\"twitter:label2\" content=\"Dur\u00e9e de lecture estim\u00e9e\" \/>\n\t<meta name=\"twitter:data2\" content=\"2 minutes\" \/>\n<script type=\"application\/ld+json\" class=\"yoast-schema-graph\">{\"@context\":\"https:\/\/schema.org\",\"@graph\":[{\"@type\":\"WebPage\",\"@id\":\"https:\/\/www.ladiagonale.net\/index.php\/2024\/11\/02\/diatta-cest-un-coup-darret\/\",\"url\":\"https:\/\/www.ladiagonale.net\/index.php\/2024\/11\/02\/diatta-cest-un-coup-darret\/\",\"name\":\"Diatta : \u00ab&nbsp;C\u2019est un coup d\u2019arr\u00eat&nbsp;\u00bb - La Diagonale\",\"isPartOf\":{\"@id\":\"https:\/\/www.ladiagonale.net\/#website\"},\"datePublished\":\"2024-11-01T23:24:09+00:00\",\"dateModified\":\"2024-11-01T23:30:53+00:00\",\"author\":{\"@id\":\"https:\/\/www.ladiagonale.net\/#\/schema\/person\/79ff1e7b0853ed01b2aa26e64ad300bf\"},\"breadcrumb\":{\"@id\":\"https:\/\/www.ladiagonale.net\/index.php\/2024\/11\/02\/diatta-cest-un-coup-darret\/#breadcrumb\"},\"inLanguage\":\"fr-FR\",\"potentialAction\":[{\"@type\":\"ReadAction\",\"target\":[\"https:\/\/www.ladiagonale.net\/index.php\/2024\/11\/02\/diatta-cest-un-coup-darret\/\"]}]},{\"@type\":\"BreadcrumbList\",\"@id\":\"https:\/\/www.ladiagonale.net\/index.php\/2024\/11\/02\/diatta-cest-un-coup-darret\/#breadcrumb\",\"itemListElement\":[{\"@type\":\"ListItem\",\"position\":1,\"name\":\"Accueil\",\"item\":\"https:\/\/www.ladiagonale.net\/\"},{\"@type\":\"ListItem\",\"position\":2,\"name\":\"Diatta : \u00ab&nbsp;C\u2019est un coup d\u2019arr\u00eat&nbsp;\u00bb\"}]},{\"@type\":\"WebSite\",\"@id\":\"https:\/\/www.ladiagonale.net\/#website\",\"url\":\"https:\/\/www.ladiagonale.net\/\",\"name\":\"La Diagonale\",\"description\":\"Le site des supporters de l&#039;AS Monaco FC\",\"potentialAction\":[{\"@type\":\"SearchAction\",\"target\":{\"@type\":\"EntryPoint\",\"urlTemplate\":\"https:\/\/www.ladiagonale.net\/?s={search_term_string}\"},\"query-input\":\"required name=search_term_string\"}],\"inLanguage\":\"fr-FR\"},{\"@type\":\"Person\",\"@id\":\"https:\/\/www.ladiagonale.net\/#\/schema\/person\/79ff1e7b0853ed01b2aa26e64ad300bf\",\"name\":\"Damien Dellerba\",\"image\":{\"@type\":\"ImageObject\",\"inLanguage\":\"fr-FR\",\"@id\":\"https:\/\/www.ladiagonale.net\/#\/schema\/person\/image\/\",\"url\":\"https:\/\/secure.gravatar.com\/avatar\/c7850e06d3ff63cdbaee88b7fc16e2f0?s=96&d=mm&r=g\",\"contentUrl\":\"https:\/\/secure.gravatar.com\/avatar\/c7850e06d3ff63cdbaee88b7fc16e2f0?s=96&d=mm&r=g\",\"caption\":\"Damien Dellerba\"},\"url\":\"https:\/\/www.ladiagonale.net\/index.php\/author\/damien\/\"}]}<\/script>\n<!-- \/ Yoast SEO plugin. -->","yoast_head_json":{"title":"Diatta : \u00ab&nbsp;C\u2019est un coup d\u2019arr\u00eat&nbsp;\u00bb - La Diagonale","robots":{"index":"index","follow":"follow","max-snippet":"max-snippet:-1","max-image-preview":"max-image-preview:large","max-video-preview":"max-video-preview:-1"},"canonical":"https:\/\/www.ladiagonale.net\/index.php\/2024\/11\/02\/diatta-cest-un-coup-darret\/","og_locale":"fr_FR","og_type":"article","og_title":"Diatta : \u00ab&nbsp;C\u2019est un coup d\u2019arr\u00eat&nbsp;\u00bb - La Diagonale","og_description":"Apr\u00e8s la d\u00e9faite contre Angers, Kr\u00e9pin Diatta accusait le coup : \u00ab\u00a0Nous n\u2019\u00e9tions pas l\u00e0 ce soir malheureusement, que ce soit dans l\u2019intensit\u00e9, les attitudes, c\u2019\u00e9tait vraiment difficile. Donc oui c\u2019est un coup d\u2019arr\u00eat, car nous n\u2019avons pas r\u00e9ussi \u00e0 montrer ce que l\u2019on vaut. C\u2019est dommage, car ces deux d\u00e9faites d\u2019affil\u00e9e font mal, m\u00eame [...]","og_url":"https:\/\/www.ladiagonale.net\/index.php\/2024\/11\/02\/diatta-cest-un-coup-darret\/","og_site_name":"La Diagonale","article_published_time":"2024-11-01T23:24:09+00:00","article_modified_time":"2024-11-01T23:30:53+00:00","og_image":[{"width":1160,"height":650,"url":"https:\/\/www.ladiagonale.net\/wp-content\/uploads\/2024\/07\/diatta-servette.png","type":"image\/png"}],"author":"Damien Dellerba","twitter_card":"summary_large_image","twitter_image":"https:\/\/www.ladiagonale.net\/wp-content\/uploads\/2024\/07\/diatta-servette.png","twitter_misc":{"\u00c9crit par":"Damien Dellerba","Dur\u00e9e de lecture estim\u00e9e":"2 minutes"},"schema":{"@context":"https:\/\/schema.org","@graph":[{"@type":"WebPage","@id":"https:\/\/www.ladiagonale.net\/index.php\/2024\/11\/02\/diatta-cest-un-coup-darret\/","url":"https:\/\/www.ladiagonale.net\/index.php\/2024\/11\/02\/diatta-cest-un-coup-darret\/","name":"Diatta : \u00ab&nbsp;C\u2019est un coup d\u2019arr\u00eat&nbsp;\u00bb - La Diagonale","isPartOf":{"@id":"https:\/\/www.ladiagonale.net\/#website"},"datePublished":"2024-11-01T23:24:09+00:00","dateModified":"2024-11-01T23:30:53+00:00","author":{"@id":"https:\/\/www.ladiagonale.net\/#\/schema\/person\/79ff1e7b0853ed01b2aa26e64ad300bf"},"breadcrumb":{"@id":"https:\/\/www.ladiagonale.net\/index.php\/2024\/11\/02\/diatta-cest-un-coup-darret\/#breadcrumb"},"inLanguage":"fr-FR","potentialAction":[{"@type":"ReadAction","target":["https:\/\/www.ladiagonale.net\/index.php\/2024\/11\/02\/diatta-cest-un-coup-darret\/"]}]},{"@type":"BreadcrumbList","@id":"https:\/\/www.ladiagonale.net\/index.php\/2024\/11\/02\/diatta-cest-un-coup-darret\/#breadcrumb","itemListElement":[{"@type":"ListItem","position":1,"name":"Accueil","item":"https:\/\/www.ladiagonale.net\/"},{"@type":"ListItem","position":2,"name":"Diatta : \u00ab&nbsp;C\u2019est un coup d\u2019arr\u00eat&nbsp;\u00bb"}]},{"@type":"WebSite","@id":"https:\/\/www.ladiagonale.net\/#website","url":"https:\/\/www.ladiagonale.net\/","name":"La Diagonale","description":"Le site des supporters de l&#039;AS Monaco FC","potentialAction":[{"@type":"SearchAction","target":{"@type":"EntryPoint","urlTemplate":"https:\/\/www.ladiagonale.net\/?s={search_term_string}"},"query-input":"required name=search_term_string"}],"inLanguage":"fr-FR"},{"@type":"Person","@id":"https:\/\/www.ladiagonale.net\/#\/schema\/person\/79ff1e7b0853ed01b2aa26e64ad300bf","name":"Damien Dellerba","image":{"@type":"ImageObject","inLanguage":"fr-FR","@id":"https:\/\/www.ladiagonale.net\/#\/schema\/person\/image\/","url":"https:\/\/secure.gravatar.com\/avatar\/c7850e06d3ff63cdbaee88b7fc16e2f0?s=96&d=mm&r=g","contentUrl":"https:\/\/secure.gravatar.com\/avatar\/c7850e06d3ff63cdbaee88b7fc16e2f0?s=96&d=mm&r=g","caption":"Damien Dellerba"},"url":"https:\/\/www.ladiagonale.net\/index.php\/author\/damien\/"}]}},"_links":{"self":[{"href":"https:\/\/www.ladiagonale.net\/index.php\/wp-json\/wp\/v2\/posts\/27158"}],"collection":[{"href":"https:\/\/www.ladiagonale.net\/index.php\/wp-json\/wp\/v2\/posts"}],"about":[{"href":"https:\/\/www.ladiagonale.net\/index.php\/wp-json\/wp\/v2\/types\/post"}],"author":[{"embeddable":true,"href":"https:\/\/www.ladiagonale.net\/index.php\/wp-json\/wp\/v2\/users\/2"}],"replies":[{"embeddable":true,"href":"https:\/\/www.ladiagonale.net\/index.php\/wp-json\/wp\/v2\/comments?post=27158"}],"version-history":[{"count":2,"href":"https:\/\/www.ladiagonale.net\/index.php\/wp-json\/wp\/v2\/posts\/27158\/revisions"}],"predecessor-version":[{"id":27160,"href":"https:\/\/www.ladiagonale.net\/index.php\/wp-json\/wp\/v2\/posts\/27158\/revisions\/27160"}],"wp:attachment":[{"href":"https:\/\/www.ladiagonale.net\/index.php\/wp-json\/wp\/v2\/media?parent=27158"}],"wp:term":[{"taxonomy":"category","embeddable":true,"href":"https:\/\/www.ladiagonale.net\/index.php\/wp-json\/wp\/v2\/categories?post=27158"},{"taxonomy":"post_tag","embeddable":true,"href":"https:\/\/www.ladiagonale.net\/index.php\/wp-json\/wp\/v2\/tags?post=27158"}],"curies":[{"name":"wp","href":"https:\/\/api.w.org\/{rel}","templated":true}]}}