{"id":27173,"date":"2024-11-02T09:07:00","date_gmt":"2024-11-02T08:07:00","guid":{"rendered":"https:\/\/www.ladiagonale.net\/?p=27173"},"modified":"2024-11-02T04:57:56","modified_gmt":"2024-11-02T03:57:56","slug":"les-notes-ilenikhena-porte-sa-croix","status":"publish","type":"post","link":"https:\/\/www.ladiagonale.net\/index.php\/2024\/11\/02\/les-notes-ilenikhena-porte-sa-croix\/","title":{"rendered":"Les notes : le calvaire d&rsquo;Ilenikhena"},"content":{"rendered":"\n\n\n<p><strong>George Ilenikhena a sorti une prestation d&rsquo;une tr\u00e8s grande pauvret\u00e9. Jamais trouv\u00e9 par ses partenaires, l&rsquo;attaquant mon\u00e9gasque a travers\u00e9 la rencontre tel un fant\u00f4me.<\/strong><\/p>\n\n\n\n<h4 class=\"wp-block-heading has-white-color has-text-color has-background\" style=\"background-color:#c00501\">FLOPS<\/h4>\n\n\n\n<div class=\"wp-block-media-text alignwide is-stacked-on-mobile\" style=\"grid-template-columns:30% auto\"><figure class=\"wp-block-media-text__media\"><img loading=\"lazy\" width=\"400\" height=\"400\" src=\"https:\/\/www.ladiagonale.net\/wp-content\/uploads\/2024\/11\/Ilenikhena1.png\" alt=\"\" class=\"wp-image-27174 size-full\" srcset=\"https:\/\/www.ladiagonale.net\/wp-content\/uploads\/2024\/11\/Ilenikhena1.png 400w, https:\/\/www.ladiagonale.net\/wp-content\/uploads\/2024\/11\/Ilenikhena1-300x300.png 300w, https:\/\/www.ladiagonale.net\/wp-content\/uploads\/2024\/11\/Ilenikhena1-150x150.png 150w, https:\/\/www.ladiagonale.net\/wp-content\/uploads\/2024\/11\/Ilenikhena1-128x128.png 128w, https:\/\/www.ladiagonale.net\/wp-content\/uploads\/2024\/11\/Ilenikhena1-32x32.png 32w\" sizes=\"(max-width: 400px) 100vw, 400px\" \/><\/figure><div class=\"wp-block-media-text__content\">\n<p style=\"font-size:16px\"><strong>George Ilenikhena<\/strong><\/p>\n\n\n\n<p style=\"font-size:15px\">Que dire quand il n\u2019y a rien \u00e0 dire ? Titularis\u00e9 au c\u00f4t\u00e9 de Breel Embolo, le Nig\u00e9rian n\u2019a tout simplement pas exist\u00e9 pendant les 45 minutes pass\u00e9es sur la pelouse. 4 ballons touch\u00e9s, trois duels perdus sur trois. Des chiffres \u00e9loquents et terribles pour l\u2019attaquant de 18 ans. Une prestation qui confine au n\u00e9ant.<\/p>\n<\/div><\/div>\n\n\n\n<div style=\"height:50px\" aria-hidden=\"true\" class=\"wp-block-spacer\"><\/div>\n\n\n\n<div class=\"wp-block-media-text alignwide is-stacked-on-mobile\" style=\"grid-template-columns:30% auto\"><figure class=\"wp-block-media-text__media\"><img loading=\"lazy\" width=\"400\" height=\"400\" src=\"https:\/\/www.ladiagonale.net\/wp-content\/uploads\/2024\/11\/Minamino2.png\" alt=\"\" class=\"wp-image-27177 size-full\" srcset=\"https:\/\/www.ladiagonale.net\/wp-content\/uploads\/2024\/11\/Minamino2.png 400w, https:\/\/www.ladiagonale.net\/wp-content\/uploads\/2024\/11\/Minamino2-300x300.png 300w, https:\/\/www.ladiagonale.net\/wp-content\/uploads\/2024\/11\/Minamino2-150x150.png 150w, https:\/\/www.ladiagonale.net\/wp-content\/uploads\/2024\/11\/Minamino2-128x128.png 128w, https:\/\/www.ladiagonale.net\/wp-content\/uploads\/2024\/11\/Minamino2-32x32.png 32w\" sizes=\"(max-width: 400px) 100vw, 400px\" \/><\/figure><div class=\"wp-block-media-text__content\">\n<p style=\"font-size:16px\"><strong>Takumi Minamino<\/strong><\/p>\n\n\n\n<p style=\"font-size:15px\">Le Japonais n\u2019a rien produit de bon. Il reste toujours volontaire, mais il \u00e9tait lui aussi un ton en dessous dans l&rsquo;engagement et on n&rsquo;a pas vu sa combativit\u00e9 habituelle. Il a \u00e9t\u00e9 en outre tr\u00e8s maladroit avec le ballon. Il a servi Embolo en seconde p\u00e9riode, qui s\u2019est d\u00e9chir\u00e9 (75e), mais son centre \u00e9tait tr\u00e8s mal dos\u00e9 et beaucoup trop fort, ce qui n\u2019a pas aid\u00e9 le Suisse.<\/p>\n<\/div><\/div>\n\n\n\n<div style=\"height:50px\" aria-hidden=\"true\" class=\"wp-block-spacer\"><\/div>\n\n\n\n<div class=\"wp-block-media-text alignwide is-stacked-on-mobile\" style=\"grid-template-columns:30% auto\"><figure class=\"wp-block-media-text__media\"><img loading=\"lazy\" width=\"400\" height=\"400\" src=\"https:\/\/www.ladiagonale.net\/wp-content\/uploads\/2024\/11\/Akliouche3.png\" alt=\"\" class=\"wp-image-27179 size-full\" srcset=\"https:\/\/www.ladiagonale.net\/wp-content\/uploads\/2024\/11\/Akliouche3.png 400w, https:\/\/www.ladiagonale.net\/wp-content\/uploads\/2024\/11\/Akliouche3-300x300.png 300w, https:\/\/www.ladiagonale.net\/wp-content\/uploads\/2024\/11\/Akliouche3-150x150.png 150w, https:\/\/www.ladiagonale.net\/wp-content\/uploads\/2024\/11\/Akliouche3-128x128.png 128w, https:\/\/www.ladiagonale.net\/wp-content\/uploads\/2024\/11\/Akliouche3-32x32.png 32w\" sizes=\"(max-width: 400px) 100vw, 400px\" \/><\/figure><div class=\"wp-block-media-text__content\">\n<p style=\"font-size:16px\"><strong>Maghnes Akliouche<\/strong><\/p>\n\n\n\n<p style=\"font-size:15px\">Il a \u00e9t\u00e9 souvent pouss\u00e9 \u00e0 la faute d&rsquo;un point de vue technique, en perdant de nombreux ballons (20). Une jolie frappe qui ne passe pas loin du cadre (47<sup>e<\/sup>) a constitu\u00e9 sa maigre participation \u00e0 l&rsquo;effort collectif. On pensait apr\u00e8s cette occasion qu&rsquo;il allait repartir de l&rsquo;avant mais cela ne fut jamais le cas. Totalement \u00e9teint et trop nonchalant sur certaines actions o\u00f9 il s&rsquo;est fait bousculer.<\/p>\n<\/div><\/div>\n\n\n\n<div style=\"height:50px\" aria-hidden=\"true\" class=\"wp-block-spacer\"><\/div>\n\n\n\n<div class=\"wp-block-media-text alignwide is-stacked-on-mobile\" style=\"grid-template-columns:30% auto\"><figure class=\"wp-block-media-text__media\"><img loading=\"lazy\" width=\"400\" height=\"400\" src=\"https:\/\/www.ladiagonale.net\/wp-content\/uploads\/2024\/11\/Golovin3.png\" alt=\"\" class=\"wp-image-27178 size-full\" srcset=\"https:\/\/www.ladiagonale.net\/wp-content\/uploads\/2024\/11\/Golovin3.png 400w, https:\/\/www.ladiagonale.net\/wp-content\/uploads\/2024\/11\/Golovin3-300x300.png 300w, https:\/\/www.ladiagonale.net\/wp-content\/uploads\/2024\/11\/Golovin3-150x150.png 150w, https:\/\/www.ladiagonale.net\/wp-content\/uploads\/2024\/11\/Golovin3-128x128.png 128w, https:\/\/www.ladiagonale.net\/wp-content\/uploads\/2024\/11\/Golovin3-32x32.png 32w\" sizes=\"(max-width: 400px) 100vw, 400px\" \/><\/figure><div class=\"wp-block-media-text__content\">\n<p style=\"font-size:16px\"><strong>Aleksandr Golovin<\/strong><\/p>\n\n\n\n<p style=\"font-size:15px\">Le but angevin a symbolis\u00e9 tout ce qu&rsquo;il a mal fait ou pas fait dans cette rencontre. C\u2019est-\u00e0-dire d\u00e9gager l&rsquo;ASM de son camp et repartir proprement de l&rsquo;arri\u00e8re, puisqu&rsquo;il rend d&rsquo;abord le ballon \u00e0 Aholou au d\u00e9part de l&rsquo;action, puis avoir un vrai impact \u00e0 la r\u00e9cup\u00e9ration, dans la mesure o\u00f9 il est bien trop spectateur au moment du d\u00e9calage d&rsquo;Allevinah en direction du buteur. <\/p>\n<\/div><\/div>\n\n\n\n<div style=\"height:50px\" aria-hidden=\"true\" class=\"wp-block-spacer\"><\/div>\n\n\n\n<div class=\"wp-block-media-text alignwide is-stacked-on-mobile is-vertically-aligned-center\" style=\"grid-template-columns:30% auto\"><figure class=\"wp-block-media-text__media\"><img loading=\"lazy\" width=\"400\" height=\"400\" src=\"https:\/\/www.ladiagonale.net\/wp-content\/uploads\/2024\/11\/Diatta3.png\" alt=\"\" class=\"wp-image-27176 size-full\" srcset=\"https:\/\/www.ladiagonale.net\/wp-content\/uploads\/2024\/11\/Diatta3.png 400w, https:\/\/www.ladiagonale.net\/wp-content\/uploads\/2024\/11\/Diatta3-300x300.png 300w, https:\/\/www.ladiagonale.net\/wp-content\/uploads\/2024\/11\/Diatta3-150x150.png 150w, https:\/\/www.ladiagonale.net\/wp-content\/uploads\/2024\/11\/Diatta3-128x128.png 128w, https:\/\/www.ladiagonale.net\/wp-content\/uploads\/2024\/11\/Diatta3-32x32.png 32w\" sizes=\"(max-width: 400px) 100vw, 400px\" \/><\/figure><div class=\"wp-block-media-text__content\">\n<p style=\"font-size:16px\"><strong>Kr\u00e9pin Diatta<\/strong><\/p>\n\n\n\n<p style=\"font-size:15px\">Il avait certainement plus envie que les autres, notamment pour r\u00e9parer sa faute contre Nice. Align\u00e9 lat\u00e9ral droit, Diatta a \u00e9t\u00e9 en souffrance sur l\u2019aspect d\u00e9fensif \u00e0 chaque incursion angevine, montrant encore une fois qu&rsquo;il n&rsquo;\u00e9tait pas un d\u00e9fenseur de m\u00e9tier et qu&rsquo;il ne pouvait pas \u00eatre autre chose qu&rsquo;une solution de d\u00e9pannage. En t\u00e9moignent ses interventions en retard et ses fautes. Il a eu de la chance que M. Kherradji se soit montr\u00e9 plus souple que M. Pignard, car il aurait facilement pu \u00eatre averti plus d&rsquo;une fois. S&rsquo;il s&rsquo;est montr\u00e9 disponible dans son couloir, il a fait preuve d&rsquo;un d\u00e9chet consid\u00e9rable (23 ballons perdus), ce qui n&rsquo;a pas aid\u00e9 l&rsquo;ASM \u00e0 d\u00e9ployer son jeu. <\/p>\n<\/div><\/div>\n\n\n\n<div style=\"height:50px\" aria-hidden=\"true\" class=\"wp-block-spacer\"><\/div>\n\n\n\n<div class=\"wp-block-media-text alignwide is-stacked-on-mobile\" style=\"grid-template-columns:30% auto\"><figure class=\"wp-block-media-text__media\"><img loading=\"lazy\" width=\"400\" height=\"400\" src=\"https:\/\/www.ladiagonale.net\/wp-content\/uploads\/2024\/11\/Embolo3.png\" alt=\"\" class=\"wp-image-27175 size-full\" srcset=\"https:\/\/www.ladiagonale.net\/wp-content\/uploads\/2024\/11\/Embolo3.png 400w, https:\/\/www.ladiagonale.net\/wp-content\/uploads\/2024\/11\/Embolo3-300x300.png 300w, https:\/\/www.ladiagonale.net\/wp-content\/uploads\/2024\/11\/Embolo3-150x150.png 150w, https:\/\/www.ladiagonale.net\/wp-content\/uploads\/2024\/11\/Embolo3-128x128.png 128w, https:\/\/www.ladiagonale.net\/wp-content\/uploads\/2024\/11\/Embolo3-32x32.png 32w\" sizes=\"(max-width: 400px) 100vw, 400px\" \/><\/figure><div class=\"wp-block-media-text__content\">\n<p style=\"font-size:16px\"><strong>Breel Embolo<\/strong><\/p>\n\n\n\n<p style=\"font-size:15px\">On l\u2019a plus vu que son complice en attaque, ce qui n&rsquo;\u00e9tait pas difficile, mais on l&rsquo;a aussi trouv\u00e9 assez pataud dans ses encha\u00eenements, en particulier sur avec des premi\u00e8res touches approximatives. Il a tout de m\u00eame essay\u00e9 de faire participer ses partenaires et il y avait de bonnes id\u00e9es dans ses remises. Mais il n&rsquo;est pas assez clinique et g\u00e2che deux grosses occasions qui auraient pu \u00e9viter \u00e0 Monaco de finir bredouille. Son contr\u00f4le un peu derri\u00e8re ne lui permet pas d\u2019encha\u00eener rapidement et Fofana s&rsquo;interpose (69<sup>e<\/sup>), puis il se d\u00e9chire totalement sur sa reprise, apr\u00e8s s&rsquo;\u00eatre retourn\u00e9 sur un centre (trop) fort de Minamino (75<sup>e<\/sup>).<\/p>\n<\/div><\/div>\n\n\n\n<div style=\"height:50px\" aria-hidden=\"true\" class=\"wp-block-spacer\"><\/div>\n\n\n\n<div class=\"wp-block-media-text alignwide is-stacked-on-mobile\" style=\"grid-template-columns:30% auto\"><figure class=\"wp-block-media-text__media\"><img loading=\"lazy\" width=\"400\" height=\"400\" src=\"https:\/\/www.ladiagonale.net\/wp-content\/uploads\/2023\/11\/Hutter3.png\" alt=\"\" class=\"wp-image-18541 size-full\" srcset=\"https:\/\/www.ladiagonale.net\/wp-content\/uploads\/2023\/11\/Hutter3.png 400w, https:\/\/www.ladiagonale.net\/wp-content\/uploads\/2023\/11\/Hutter3-300x300.png 300w, https:\/\/www.ladiagonale.net\/wp-content\/uploads\/2023\/11\/Hutter3-150x150.png 150w, https:\/\/www.ladiagonale.net\/wp-content\/uploads\/2023\/11\/Hutter3-128x128.png 128w, https:\/\/www.ladiagonale.net\/wp-content\/uploads\/2023\/11\/Hutter3-32x32.png 32w\" sizes=\"(max-width: 400px) 100vw, 400px\" \/><\/figure><div class=\"wp-block-media-text__content\">\n<p style=\"font-size:16px\"><strong>Adi H\u00fctter<\/strong><\/p>\n\n\n\n<p style=\"font-size:15px\">On ne peut pas attendre des m\u00eames causes qu\u2019elles produisent des effets diff\u00e9rents. Son 4-4-2 n\u2019a jamais fonctionn\u00e9 vendredi soir, soit, cela peut arriver. Mais en \u00e9tant men\u00e9, il a fait la m\u00eame chose qu\u2019\u00e0 Nice, \u00e0 savoir sortir tous les milieux qui pouvaient garantir un meilleur \u00e9quilibre \u00e0 l\u2019\u00e9quipe pour empiler les joueurs offensifs. Cela n\u2019avait pas march\u00e9 le week-end dernier et pas plus ce soir, contribuant m\u00eame \u00e0 briser l\u2019\u00e9quilibre collectif et appauvrissant encore un peu plus un contenu d\u00e9j\u00e0 fam\u00e9lique.<\/p>\n<\/div><\/div>\n\n\n\n<div style=\"height:50px\" aria-hidden=\"true\" class=\"wp-block-spacer\"><\/div>\n\n\n\n<h4 class=\"wp-block-heading has-white-color has-text-color has-background\" style=\"background-color:#303030\">Les autres notes<\/h4>\n\n\n<div class=\"wp-block-image\">\n<figure class=\"aligncenter size-large is-resized\"><img loading=\"lazy\" src=\"https:\/\/www.ladiagonale.net\/wp-content\/uploads\/2024\/11\/lineup-builder1-819x1024.png\" alt=\"\" class=\"wp-image-27181\" width=\"614\" height=\"768\" srcset=\"https:\/\/www.ladiagonale.net\/wp-content\/uploads\/2024\/11\/lineup-builder1-819x1024.png 819w, https:\/\/www.ladiagonale.net\/wp-content\/uploads\/2024\/11\/lineup-builder1-240x300.png 240w, https:\/\/www.ladiagonale.net\/wp-content\/uploads\/2024\/11\/lineup-builder1-768x960.png 768w, https:\/\/www.ladiagonale.net\/wp-content\/uploads\/2024\/11\/lineup-builder1-1229x1536.png 1229w, https:\/\/www.ladiagonale.net\/wp-content\/uploads\/2024\/11\/lineup-builder1-102x128.png 102w, https:\/\/www.ladiagonale.net\/wp-content\/uploads\/2024\/11\/lineup-builder1-26x32.png 26w, https:\/\/www.ladiagonale.net\/wp-content\/uploads\/2024\/11\/lineup-builder1.png 1242w\" sizes=\"(max-width: 614px) 100vw, 614px\" \/><figcaption>Ben Seghir : 4 <br>H\u00fctter : 3<br>Moyenne : 3,2\/10<\/figcaption><\/figure><\/div>","protected":false},"excerpt":{"rendered":"<p>George Ilenikhena a sorti une prestation d&rsquo;une tr\u00e8s grande pauvret\u00e9. Jamais trouv\u00e9 par ses partenaires, l&rsquo;attaquant mon\u00e9gasque a travers\u00e9 la rencontre tel un fant\u00f4me. FLOPS George Ilenikhena Que dire quand il n\u2019y a rien \u00e0 dire ? Titularis\u00e9 au c\u00f4t\u00e9 de Breel Embolo, le Nig\u00e9rian n\u2019a tout simplement pas exist\u00e9 pendant les 45 minutes pass\u00e9es [&#8230;]\n","protected":false},"author":2,"featured_media":27180,"comment_status":"open","ping_status":"open","sticky":false,"template":"","format":"standard","meta":[],"categories":[5,6],"tags":[86,94,171,248],"yoast_head":"<!-- This site is optimized with the Yoast SEO plugin v19.8 - https:\/\/yoast.com\/wordpress\/plugins\/seo\/ -->\n<title>Les notes : le calvaire d&#039;Ilenikhena - La Diagonale<\/title>\n<meta name=\"robots\" content=\"index, follow, max-snippet:-1, max-image-preview:large, max-video-preview:-1\" \/>\n<link rel=\"canonical\" href=\"https:\/\/www.ladiagonale.net\/index.php\/2024\/11\/02\/les-notes-ilenikhena-porte-sa-croix\/\" \/>\n<meta property=\"og:locale\" content=\"fr_FR\" \/>\n<meta property=\"og:type\" content=\"article\" \/>\n<meta property=\"og:title\" content=\"Les notes : le calvaire d&#039;Ilenikhena - La Diagonale\" \/>\n<meta property=\"og:description\" content=\"George Ilenikhena a sorti une prestation d&rsquo;une tr\u00e8s grande pauvret\u00e9. Jamais trouv\u00e9 par ses partenaires, l&rsquo;attaquant mon\u00e9gasque a travers\u00e9 la rencontre tel un fant\u00f4me. FLOPS George Ilenikhena Que dire quand il n\u2019y a rien \u00e0 dire ? Titularis\u00e9 au c\u00f4t\u00e9 de Breel Embolo, le Nig\u00e9rian n\u2019a tout simplement pas exist\u00e9 pendant les 45 minutes pass\u00e9es [...]\" \/>\n<meta property=\"og:url\" content=\"https:\/\/www.ladiagonale.net\/index.php\/2024\/11\/02\/les-notes-ilenikhena-porte-sa-croix\/\" \/>\n<meta property=\"og:site_name\" content=\"La Diagonale\" \/>\n<meta property=\"article:published_time\" content=\"2024-11-02T08:07:00+00:00\" \/>\n<meta property=\"article:modified_time\" content=\"2024-11-02T03:57:56+00:00\" \/>\n<meta property=\"og:image\" content=\"https:\/\/www.ladiagonale.net\/wp-content\/uploads\/2024\/11\/SCO.png\" \/>\n\t<meta property=\"og:image:width\" content=\"1160\" \/>\n\t<meta property=\"og:image:height\" content=\"650\" \/>\n\t<meta property=\"og:image:type\" content=\"image\/png\" \/>\n<meta name=\"author\" content=\"Damien Dellerba\" \/>\n<meta name=\"twitter:card\" content=\"summary_large_image\" \/>\n<meta name=\"twitter:image\" content=\"https:\/\/www.ladiagonale.net\/wp-content\/uploads\/2024\/11\/SCO.png\" \/>\n<meta name=\"twitter:label1\" content=\"\u00c9crit par\" \/>\n\t<meta name=\"twitter:data1\" content=\"Damien Dellerba\" \/>\n\t<meta name=\"twitter:label2\" content=\"Dur\u00e9e de lecture estim\u00e9e\" \/>\n\t<meta name=\"twitter:data2\" content=\"5 minutes\" \/>\n<script type=\"application\/ld+json\" class=\"yoast-schema-graph\">{\"@context\":\"https:\/\/schema.org\",\"@graph\":[{\"@type\":\"WebPage\",\"@id\":\"https:\/\/www.ladiagonale.net\/index.php\/2024\/11\/02\/les-notes-ilenikhena-porte-sa-croix\/\",\"url\":\"https:\/\/www.ladiagonale.net\/index.php\/2024\/11\/02\/les-notes-ilenikhena-porte-sa-croix\/\",\"name\":\"Les notes : le calvaire d'Ilenikhena - La Diagonale\",\"isPartOf\":{\"@id\":\"https:\/\/www.ladiagonale.net\/#website\"},\"datePublished\":\"2024-11-02T08:07:00+00:00\",\"dateModified\":\"2024-11-02T03:57:56+00:00\",\"author\":{\"@id\":\"https:\/\/www.ladiagonale.net\/#\/schema\/person\/79ff1e7b0853ed01b2aa26e64ad300bf\"},\"breadcrumb\":{\"@id\":\"https:\/\/www.ladiagonale.net\/index.php\/2024\/11\/02\/les-notes-ilenikhena-porte-sa-croix\/#breadcrumb\"},\"inLanguage\":\"fr-FR\",\"potentialAction\":[{\"@type\":\"ReadAction\",\"target\":[\"https:\/\/www.ladiagonale.net\/index.php\/2024\/11\/02\/les-notes-ilenikhena-porte-sa-croix\/\"]}]},{\"@type\":\"BreadcrumbList\",\"@id\":\"https:\/\/www.ladiagonale.net\/index.php\/2024\/11\/02\/les-notes-ilenikhena-porte-sa-croix\/#breadcrumb\",\"itemListElement\":[{\"@type\":\"ListItem\",\"position\":1,\"name\":\"Accueil\",\"item\":\"https:\/\/www.ladiagonale.net\/\"},{\"@type\":\"ListItem\",\"position\":2,\"name\":\"Les notes : le calvaire d&rsquo;Ilenikhena\"}]},{\"@type\":\"WebSite\",\"@id\":\"https:\/\/www.ladiagonale.net\/#website\",\"url\":\"https:\/\/www.ladiagonale.net\/\",\"name\":\"La Diagonale\",\"description\":\"Le site des supporters de l&#039;AS Monaco FC\",\"potentialAction\":[{\"@type\":\"SearchAction\",\"target\":{\"@type\":\"EntryPoint\",\"urlTemplate\":\"https:\/\/www.ladiagonale.net\/?s={search_term_string}\"},\"query-input\":\"required name=search_term_string\"}],\"inLanguage\":\"fr-FR\"},{\"@type\":\"Person\",\"@id\":\"https:\/\/www.ladiagonale.net\/#\/schema\/person\/79ff1e7b0853ed01b2aa26e64ad300bf\",\"name\":\"Damien Dellerba\",\"image\":{\"@type\":\"ImageObject\",\"inLanguage\":\"fr-FR\",\"@id\":\"https:\/\/www.ladiagonale.net\/#\/schema\/person\/image\/\",\"url\":\"https:\/\/secure.gravatar.com\/avatar\/c7850e06d3ff63cdbaee88b7fc16e2f0?s=96&d=mm&r=g\",\"contentUrl\":\"https:\/\/secure.gravatar.com\/avatar\/c7850e06d3ff63cdbaee88b7fc16e2f0?s=96&d=mm&r=g\",\"caption\":\"Damien Dellerba\"},\"url\":\"https:\/\/www.ladiagonale.net\/index.php\/author\/damien\/\"}]}<\/script>\n<!-- \/ Yoast SEO plugin. -->","yoast_head_json":{"title":"Les notes : le calvaire d'Ilenikhena - La Diagonale","robots":{"index":"index","follow":"follow","max-snippet":"max-snippet:-1","max-image-preview":"max-image-preview:large","max-video-preview":"max-video-preview:-1"},"canonical":"https:\/\/www.ladiagonale.net\/index.php\/2024\/11\/02\/les-notes-ilenikhena-porte-sa-croix\/","og_locale":"fr_FR","og_type":"article","og_title":"Les notes : le calvaire d'Ilenikhena - La Diagonale","og_description":"George Ilenikhena a sorti une prestation d&rsquo;une tr\u00e8s grande pauvret\u00e9. Jamais trouv\u00e9 par ses partenaires, l&rsquo;attaquant mon\u00e9gasque a travers\u00e9 la rencontre tel un fant\u00f4me. FLOPS George Ilenikhena Que dire quand il n\u2019y a rien \u00e0 dire ? Titularis\u00e9 au c\u00f4t\u00e9 de Breel Embolo, le Nig\u00e9rian n\u2019a tout simplement pas exist\u00e9 pendant les 45 minutes pass\u00e9es [...]","og_url":"https:\/\/www.ladiagonale.net\/index.php\/2024\/11\/02\/les-notes-ilenikhena-porte-sa-croix\/","og_site_name":"La Diagonale","article_published_time":"2024-11-02T08:07:00+00:00","article_modified_time":"2024-11-02T03:57:56+00:00","og_image":[{"width":1160,"height":650,"url":"https:\/\/www.ladiagonale.net\/wp-content\/uploads\/2024\/11\/SCO.png","type":"image\/png"}],"author":"Damien Dellerba","twitter_card":"summary_large_image","twitter_image":"https:\/\/www.ladiagonale.net\/wp-content\/uploads\/2024\/11\/SCO.png","twitter_misc":{"\u00c9crit par":"Damien Dellerba","Dur\u00e9e de lecture estim\u00e9e":"5 minutes"},"schema":{"@context":"https:\/\/schema.org","@graph":[{"@type":"WebPage","@id":"https:\/\/www.ladiagonale.net\/index.php\/2024\/11\/02\/les-notes-ilenikhena-porte-sa-croix\/","url":"https:\/\/www.ladiagonale.net\/index.php\/2024\/11\/02\/les-notes-ilenikhena-porte-sa-croix\/","name":"Les notes : le calvaire d'Ilenikhena - La Diagonale","isPartOf":{"@id":"https:\/\/www.ladiagonale.net\/#website"},"datePublished":"2024-11-02T08:07:00+00:00","dateModified":"2024-11-02T03:57:56+00:00","author":{"@id":"https:\/\/www.ladiagonale.net\/#\/schema\/person\/79ff1e7b0853ed01b2aa26e64ad300bf"},"breadcrumb":{"@id":"https:\/\/www.ladiagonale.net\/index.php\/2024\/11\/02\/les-notes-ilenikhena-porte-sa-croix\/#breadcrumb"},"inLanguage":"fr-FR","potentialAction":[{"@type":"ReadAction","target":["https:\/\/www.ladiagonale.net\/index.php\/2024\/11\/02\/les-notes-ilenikhena-porte-sa-croix\/"]}]},{"@type":"BreadcrumbList","@id":"https:\/\/www.ladiagonale.net\/index.php\/2024\/11\/02\/les-notes-ilenikhena-porte-sa-croix\/#breadcrumb","itemListElement":[{"@type":"ListItem","position":1,"name":"Accueil","item":"https:\/\/www.ladiagonale.net\/"},{"@type":"ListItem","position":2,"name":"Les notes : le calvaire d&rsquo;Ilenikhena"}]},{"@type":"WebSite","@id":"https:\/\/www.ladiagonale.net\/#website","url":"https:\/\/www.ladiagonale.net\/","name":"La Diagonale","description":"Le site des supporters de l&#039;AS Monaco FC","potentialAction":[{"@type":"SearchAction","target":{"@type":"EntryPoint","urlTemplate":"https:\/\/www.ladiagonale.net\/?s={search_term_string}"},"query-input":"required name=search_term_string"}],"inLanguage":"fr-FR"},{"@type":"Person","@id":"https:\/\/www.ladiagonale.net\/#\/schema\/person\/79ff1e7b0853ed01b2aa26e64ad300bf","name":"Damien Dellerba","image":{"@type":"ImageObject","inLanguage":"fr-FR","@id":"https:\/\/www.ladiagonale.net\/#\/schema\/person\/image\/","url":"https:\/\/secure.gravatar.com\/avatar\/c7850e06d3ff63cdbaee88b7fc16e2f0?s=96&d=mm&r=g","contentUrl":"https:\/\/secure.gravatar.com\/avatar\/c7850e06d3ff63cdbaee88b7fc16e2f0?s=96&d=mm&r=g","caption":"Damien Dellerba"},"url":"https:\/\/www.ladiagonale.net\/index.php\/author\/damien\/"}]}},"_links":{"self":[{"href":"https:\/\/www.ladiagonale.net\/index.php\/wp-json\/wp\/v2\/posts\/27173"}],"collection":[{"href":"https:\/\/www.ladiagonale.net\/index.php\/wp-json\/wp\/v2\/posts"}],"about":[{"href":"https:\/\/www.ladiagonale.net\/index.php\/wp-json\/wp\/v2\/types\/post"}],"author":[{"embeddable":true,"href":"https:\/\/www.ladiagonale.net\/index.php\/wp-json\/wp\/v2\/users\/2"}],"replies":[{"embeddable":true,"href":"https:\/\/www.ladiagonale.net\/index.php\/wp-json\/wp\/v2\/comments?post=27173"}],"version-history":[{"count":4,"href":"https:\/\/www.ladiagonale.net\/index.php\/wp-json\/wp\/v2\/posts\/27173\/revisions"}],"predecessor-version":[{"id":27186,"href":"https:\/\/www.ladiagonale.net\/index.php\/wp-json\/wp\/v2\/posts\/27173\/revisions\/27186"}],"wp:featuredmedia":[{"embeddable":true,"href":"https:\/\/www.ladiagonale.net\/index.php\/wp-json\/wp\/v2\/media\/27180"}],"wp:attachment":[{"href":"https:\/\/www.ladiagonale.net\/index.php\/wp-json\/wp\/v2\/media?parent=27173"}],"wp:term":[{"taxonomy":"category","embeddable":true,"href":"https:\/\/www.ladiagonale.net\/index.php\/wp-json\/wp\/v2\/categories?post=27173"},{"taxonomy":"post_tag","embeddable":true,"href":"https:\/\/www.ladiagonale.net\/index.php\/wp-json\/wp\/v2\/tags?post=27173"}],"curies":[{"name":"wp","href":"https:\/\/api.w.org\/{rel}","templated":true}]}}