{"id":27187,"date":"2024-11-02T11:50:50","date_gmt":"2024-11-02T10:50:50","guid":{"rendered":"https:\/\/www.ladiagonale.net\/?p=27187"},"modified":"2024-11-02T11:50:50","modified_gmt":"2024-11-02T10:50:50","slug":"hutter-pessimiste-sur-un-retour-de-zakaria-a-bologne","status":"publish","type":"post","link":"https:\/\/www.ladiagonale.net\/index.php\/2024\/11\/02\/hutter-pessimiste-sur-un-retour-de-zakaria-a-bologne\/","title":{"rendered":"H\u00fctter pessimiste sur un retour de Zakaria \u00e0 Bologne"},"content":{"rendered":"\n<p>Contre Angers, Denis Zakaria \u00e9tait absent pour la deuxi\u00e8me fois d\u2019affil\u00e9e, touch\u00e9 \u00e0 l\u2019adducteur droit. Co\u00efncidence ou non, l\u2019AS Monaco a subi son deuxi\u00e8me revers de rang, et malheureusement, elle risque de devoir se passer de lui encore mardi \u00e0 Bologne, en Ligue des champions. Interrog\u00e9 \u00e0 ce sujet apr\u00e8s le match, Adi H\u00fctter s\u2019est montr\u00e9 pessimiste quant au retour de son capitaine : \u00ab&nbsp;<em>Je ne pense pas<\/em>&nbsp;\u00bb, a-t-il r\u00e9pondu \u00e0 la presse.<\/p>\n\n\n\n<p>Pour l\u2019ASM, ce serait un nouveau coup dur tant le Suisse est important dans l\u2019entrejeu. Les deux derni\u00e8res rencontres, auxquelles il n\u2019a pas particip\u00e9, ont mis en lumi\u00e8re les manques de l\u2019effectif \u00e0 ce poste et montr\u00e9 que Soungoutou Magassa et Aleksandr Golovin ne pouvaient \u00eatre de solutions viables sur la dur\u00e9e.<\/p>\n\n\n\n<p class=\"has-text-align-right\">Source : <em>Nice-Matin<\/em><\/p>\n","protected":false},"excerpt":{"rendered":"<p>Contre Angers, Denis Zakaria \u00e9tait absent pour la deuxi\u00e8me fois d\u2019affil\u00e9e, touch\u00e9 \u00e0 l\u2019adducteur droit. Co\u00efncidence ou non, l\u2019AS Monaco a subi son deuxi\u00e8me revers de rang, et malheureusement, elle risque de devoir se passer de lui encore mardi \u00e0 Bologne, en Ligue des champions. Interrog\u00e9 \u00e0 ce sujet apr\u00e8s le match, Adi H\u00fctter s\u2019est [&#8230;]\n","protected":false},"author":2,"featured_media":0,"comment_status":"closed","ping_status":"open","sticky":false,"template":"","format":"standard","meta":[],"categories":[4,6],"tags":[576,86,939,631,196,287],"yoast_head":"<!-- This site is optimized with the Yoast SEO plugin v19.8 - https:\/\/yoast.com\/wordpress\/plugins\/seo\/ -->\n<title>H\u00fctter pessimiste sur un retour de Zakaria \u00e0 Bologne - La Diagonale<\/title>\n<meta name=\"robots\" content=\"index, follow, max-snippet:-1, max-image-preview:large, max-video-preview:-1\" \/>\n<link rel=\"canonical\" href=\"https:\/\/www.ladiagonale.net\/index.php\/2024\/11\/02\/hutter-pessimiste-sur-un-retour-de-zakaria-a-bologne\/\" \/>\n<meta property=\"og:locale\" content=\"fr_FR\" \/>\n<meta property=\"og:type\" content=\"article\" \/>\n<meta property=\"og:title\" content=\"H\u00fctter pessimiste sur un retour de Zakaria \u00e0 Bologne - La Diagonale\" \/>\n<meta property=\"og:description\" content=\"Contre Angers, Denis Zakaria \u00e9tait absent pour la deuxi\u00e8me fois d\u2019affil\u00e9e, touch\u00e9 \u00e0 l\u2019adducteur droit. Co\u00efncidence ou non, l\u2019AS Monaco a subi son deuxi\u00e8me revers de rang, et malheureusement, elle risque de devoir se passer de lui encore mardi \u00e0 Bologne, en Ligue des champions. Interrog\u00e9 \u00e0 ce sujet apr\u00e8s le match, Adi H\u00fctter s\u2019est [...]\" \/>\n<meta property=\"og:url\" content=\"https:\/\/www.ladiagonale.net\/index.php\/2024\/11\/02\/hutter-pessimiste-sur-un-retour-de-zakaria-a-bologne\/\" \/>\n<meta property=\"og:site_name\" content=\"La Diagonale\" \/>\n<meta property=\"article:published_time\" content=\"2024-11-02T10:50:50+00:00\" \/>\n<meta property=\"og:image\" content=\"https:\/\/www.ladiagonale.net\/wp-content\/uploads\/2024\/09\/zakaria.png\" \/>\n\t<meta property=\"og:image:width\" content=\"1160\" \/>\n\t<meta property=\"og:image:height\" content=\"650\" \/>\n\t<meta property=\"og:image:type\" content=\"image\/png\" \/>\n<meta name=\"author\" content=\"Damien Dellerba\" \/>\n<meta name=\"twitter:card\" content=\"summary_large_image\" \/>\n<meta name=\"twitter:image\" content=\"https:\/\/www.ladiagonale.net\/wp-content\/uploads\/2024\/09\/zakaria.png\" \/>\n<meta name=\"twitter:label1\" content=\"\u00c9crit par\" \/>\n\t<meta name=\"twitter:data1\" content=\"Damien Dellerba\" \/>\n\t<meta name=\"twitter:label2\" content=\"Dur\u00e9e de lecture estim\u00e9e\" \/>\n\t<meta name=\"twitter:data2\" content=\"1 minute\" \/>\n<script type=\"application\/ld+json\" class=\"yoast-schema-graph\">{\"@context\":\"https:\/\/schema.org\",\"@graph\":[{\"@type\":\"WebPage\",\"@id\":\"https:\/\/www.ladiagonale.net\/index.php\/2024\/11\/02\/hutter-pessimiste-sur-un-retour-de-zakaria-a-bologne\/\",\"url\":\"https:\/\/www.ladiagonale.net\/index.php\/2024\/11\/02\/hutter-pessimiste-sur-un-retour-de-zakaria-a-bologne\/\",\"name\":\"H\u00fctter pessimiste sur un retour de Zakaria \u00e0 Bologne - La Diagonale\",\"isPartOf\":{\"@id\":\"https:\/\/www.ladiagonale.net\/#website\"},\"datePublished\":\"2024-11-02T10:50:50+00:00\",\"dateModified\":\"2024-11-02T10:50:50+00:00\",\"author\":{\"@id\":\"https:\/\/www.ladiagonale.net\/#\/schema\/person\/79ff1e7b0853ed01b2aa26e64ad300bf\"},\"breadcrumb\":{\"@id\":\"https:\/\/www.ladiagonale.net\/index.php\/2024\/11\/02\/hutter-pessimiste-sur-un-retour-de-zakaria-a-bologne\/#breadcrumb\"},\"inLanguage\":\"fr-FR\",\"potentialAction\":[{\"@type\":\"ReadAction\",\"target\":[\"https:\/\/www.ladiagonale.net\/index.php\/2024\/11\/02\/hutter-pessimiste-sur-un-retour-de-zakaria-a-bologne\/\"]}]},{\"@type\":\"BreadcrumbList\",\"@id\":\"https:\/\/www.ladiagonale.net\/index.php\/2024\/11\/02\/hutter-pessimiste-sur-un-retour-de-zakaria-a-bologne\/#breadcrumb\",\"itemListElement\":[{\"@type\":\"ListItem\",\"position\":1,\"name\":\"Accueil\",\"item\":\"https:\/\/www.ladiagonale.net\/\"},{\"@type\":\"ListItem\",\"position\":2,\"name\":\"H\u00fctter pessimiste sur un retour de Zakaria \u00e0 Bologne\"}]},{\"@type\":\"WebSite\",\"@id\":\"https:\/\/www.ladiagonale.net\/#website\",\"url\":\"https:\/\/www.ladiagonale.net\/\",\"name\":\"La Diagonale\",\"description\":\"Le site des supporters de l&#039;AS Monaco FC\",\"potentialAction\":[{\"@type\":\"SearchAction\",\"target\":{\"@type\":\"EntryPoint\",\"urlTemplate\":\"https:\/\/www.ladiagonale.net\/?s={search_term_string}\"},\"query-input\":\"required name=search_term_string\"}],\"inLanguage\":\"fr-FR\"},{\"@type\":\"Person\",\"@id\":\"https:\/\/www.ladiagonale.net\/#\/schema\/person\/79ff1e7b0853ed01b2aa26e64ad300bf\",\"name\":\"Damien Dellerba\",\"image\":{\"@type\":\"ImageObject\",\"inLanguage\":\"fr-FR\",\"@id\":\"https:\/\/www.ladiagonale.net\/#\/schema\/person\/image\/\",\"url\":\"https:\/\/secure.gravatar.com\/avatar\/c7850e06d3ff63cdbaee88b7fc16e2f0?s=96&d=mm&r=g\",\"contentUrl\":\"https:\/\/secure.gravatar.com\/avatar\/c7850e06d3ff63cdbaee88b7fc16e2f0?s=96&d=mm&r=g\",\"caption\":\"Damien Dellerba\"},\"url\":\"https:\/\/www.ladiagonale.net\/index.php\/author\/damien\/\"}]}<\/script>\n<!-- \/ Yoast SEO plugin. -->","yoast_head_json":{"title":"H\u00fctter pessimiste sur un retour de Zakaria \u00e0 Bologne - La Diagonale","robots":{"index":"index","follow":"follow","max-snippet":"max-snippet:-1","max-image-preview":"max-image-preview:large","max-video-preview":"max-video-preview:-1"},"canonical":"https:\/\/www.ladiagonale.net\/index.php\/2024\/11\/02\/hutter-pessimiste-sur-un-retour-de-zakaria-a-bologne\/","og_locale":"fr_FR","og_type":"article","og_title":"H\u00fctter pessimiste sur un retour de Zakaria \u00e0 Bologne - La Diagonale","og_description":"Contre Angers, Denis Zakaria \u00e9tait absent pour la deuxi\u00e8me fois d\u2019affil\u00e9e, touch\u00e9 \u00e0 l\u2019adducteur droit. Co\u00efncidence ou non, l\u2019AS Monaco a subi son deuxi\u00e8me revers de rang, et malheureusement, elle risque de devoir se passer de lui encore mardi \u00e0 Bologne, en Ligue des champions. Interrog\u00e9 \u00e0 ce sujet apr\u00e8s le match, Adi H\u00fctter s\u2019est [...]","og_url":"https:\/\/www.ladiagonale.net\/index.php\/2024\/11\/02\/hutter-pessimiste-sur-un-retour-de-zakaria-a-bologne\/","og_site_name":"La Diagonale","article_published_time":"2024-11-02T10:50:50+00:00","og_image":[{"width":1160,"height":650,"url":"https:\/\/www.ladiagonale.net\/wp-content\/uploads\/2024\/09\/zakaria.png","type":"image\/png"}],"author":"Damien Dellerba","twitter_card":"summary_large_image","twitter_image":"https:\/\/www.ladiagonale.net\/wp-content\/uploads\/2024\/09\/zakaria.png","twitter_misc":{"\u00c9crit par":"Damien Dellerba","Dur\u00e9e de lecture estim\u00e9e":"1 minute"},"schema":{"@context":"https:\/\/schema.org","@graph":[{"@type":"WebPage","@id":"https:\/\/www.ladiagonale.net\/index.php\/2024\/11\/02\/hutter-pessimiste-sur-un-retour-de-zakaria-a-bologne\/","url":"https:\/\/www.ladiagonale.net\/index.php\/2024\/11\/02\/hutter-pessimiste-sur-un-retour-de-zakaria-a-bologne\/","name":"H\u00fctter pessimiste sur un retour de Zakaria \u00e0 Bologne - La Diagonale","isPartOf":{"@id":"https:\/\/www.ladiagonale.net\/#website"},"datePublished":"2024-11-02T10:50:50+00:00","dateModified":"2024-11-02T10:50:50+00:00","author":{"@id":"https:\/\/www.ladiagonale.net\/#\/schema\/person\/79ff1e7b0853ed01b2aa26e64ad300bf"},"breadcrumb":{"@id":"https:\/\/www.ladiagonale.net\/index.php\/2024\/11\/02\/hutter-pessimiste-sur-un-retour-de-zakaria-a-bologne\/#breadcrumb"},"inLanguage":"fr-FR","potentialAction":[{"@type":"ReadAction","target":["https:\/\/www.ladiagonale.net\/index.php\/2024\/11\/02\/hutter-pessimiste-sur-un-retour-de-zakaria-a-bologne\/"]}]},{"@type":"BreadcrumbList","@id":"https:\/\/www.ladiagonale.net\/index.php\/2024\/11\/02\/hutter-pessimiste-sur-un-retour-de-zakaria-a-bologne\/#breadcrumb","itemListElement":[{"@type":"ListItem","position":1,"name":"Accueil","item":"https:\/\/www.ladiagonale.net\/"},{"@type":"ListItem","position":2,"name":"H\u00fctter pessimiste sur un retour de Zakaria \u00e0 Bologne"}]},{"@type":"WebSite","@id":"https:\/\/www.ladiagonale.net\/#website","url":"https:\/\/www.ladiagonale.net\/","name":"La Diagonale","description":"Le site des supporters de l&#039;AS Monaco FC","potentialAction":[{"@type":"SearchAction","target":{"@type":"EntryPoint","urlTemplate":"https:\/\/www.ladiagonale.net\/?s={search_term_string}"},"query-input":"required name=search_term_string"}],"inLanguage":"fr-FR"},{"@type":"Person","@id":"https:\/\/www.ladiagonale.net\/#\/schema\/person\/79ff1e7b0853ed01b2aa26e64ad300bf","name":"Damien Dellerba","image":{"@type":"ImageObject","inLanguage":"fr-FR","@id":"https:\/\/www.ladiagonale.net\/#\/schema\/person\/image\/","url":"https:\/\/secure.gravatar.com\/avatar\/c7850e06d3ff63cdbaee88b7fc16e2f0?s=96&d=mm&r=g","contentUrl":"https:\/\/secure.gravatar.com\/avatar\/c7850e06d3ff63cdbaee88b7fc16e2f0?s=96&d=mm&r=g","caption":"Damien Dellerba"},"url":"https:\/\/www.ladiagonale.net\/index.php\/author\/damien\/"}]}},"_links":{"self":[{"href":"https:\/\/www.ladiagonale.net\/index.php\/wp-json\/wp\/v2\/posts\/27187"}],"collection":[{"href":"https:\/\/www.ladiagonale.net\/index.php\/wp-json\/wp\/v2\/posts"}],"about":[{"href":"https:\/\/www.ladiagonale.net\/index.php\/wp-json\/wp\/v2\/types\/post"}],"author":[{"embeddable":true,"href":"https:\/\/www.ladiagonale.net\/index.php\/wp-json\/wp\/v2\/users\/2"}],"replies":[{"embeddable":true,"href":"https:\/\/www.ladiagonale.net\/index.php\/wp-json\/wp\/v2\/comments?post=27187"}],"version-history":[{"count":2,"href":"https:\/\/www.ladiagonale.net\/index.php\/wp-json\/wp\/v2\/posts\/27187\/revisions"}],"predecessor-version":[{"id":27189,"href":"https:\/\/www.ladiagonale.net\/index.php\/wp-json\/wp\/v2\/posts\/27187\/revisions\/27189"}],"wp:attachment":[{"href":"https:\/\/www.ladiagonale.net\/index.php\/wp-json\/wp\/v2\/media?parent=27187"}],"wp:term":[{"taxonomy":"category","embeddable":true,"href":"https:\/\/www.ladiagonale.net\/index.php\/wp-json\/wp\/v2\/categories?post=27187"},{"taxonomy":"post_tag","embeddable":true,"href":"https:\/\/www.ladiagonale.net\/index.php\/wp-json\/wp\/v2\/tags?post=27187"}],"curies":[{"name":"wp","href":"https:\/\/api.w.org\/{rel}","templated":true}]}}