{"id":27294,"date":"2024-11-07T14:58:34","date_gmt":"2024-11-07T13:58:34","guid":{"rendered":"https:\/\/www.ladiagonale.net\/?p=27294"},"modified":"2024-11-07T14:58:34","modified_gmt":"2024-11-07T13:58:34","slug":"zakaria-et-embolo-en-selection-kohn-non-rappele","status":"publish","type":"post","link":"https:\/\/www.ladiagonale.net\/index.php\/2024\/11\/07\/zakaria-et-embolo-en-selection-kohn-non-rappele\/","title":{"rendered":"Zakaria et Embolo en s\u00e9lection, K\u00f6hn non rappel\u00e9"},"content":{"rendered":"\n\n\n<p>S\u2019il a rat\u00e9 les trois derni\u00e8res rencontres \u00e0 cause d\u2019une g\u00eane \u00e0 un adducteur, Denis Zakaria figure bien dans la liste de Murat Yakin pour le prochain rassemblement de la Suisse, lui qui avait manqu\u00e9 celui d\u2019octobre. Il y aura toujours deux Mon\u00e9gasques puisque Breel Embolo sera pr\u00e9sent lui aussi. Ce n\u2019est pas le cas de Philipp K\u00f6hn, qui avait \u00e9t\u00e9 convoqu\u00e9 en octobre pour la premi\u00e8re fois depuis pr\u00e8s de deux ans.<\/p>\n\n\n\n<p>La Suisse aura deux rencontres d\u00e9terminantes pour \u00e9viter d\u2019\u00eatre rel\u00e9gu\u00e9s de la Ligue A en Ligue des nations. Ils affronteront la Serbie \u00e0 domicile le 15 novembre (20h45) puis l\u2019Espagne le 18 \u00e0 la m\u00eame heure.<\/p>\n\n\n\n<p>Takumi Minamino aura aussi pas mal de voyages \u00e0 effectuer pendant la tr\u00eave internationale. Cadre des <em>Samurai Blue<\/em>, le milieu offensif de l\u2019AS Monaco prendra part aux deux prochaines rencontres du Japon dans le cadre des \u00e9liminatoires de la Coupe du monde 2026. Lui et ses co\u00e9quipiers se rendront en Indon\u00e9sie le 15 novembre (13h) puis en Chine le 19 (13h). Les Japonais m\u00e8nent largement leur groupe.<\/p>\n","protected":false},"excerpt":{"rendered":"<p>S\u2019il a rat\u00e9 les trois derni\u00e8res rencontres \u00e0 cause d\u2019une g\u00eane \u00e0 un adducteur, Denis Zakaria figure bien dans la liste de Murat Yakin pour le prochain rassemblement de la Suisse, lui qui avait manqu\u00e9 celui d\u2019octobre. Il y aura toujours deux Mon\u00e9gasques puisque Breel Embolo sera pr\u00e9sent lui aussi. Ce n\u2019est pas le cas [&#8230;]\n","protected":false},"author":2,"featured_media":0,"comment_status":"open","ping_status":"open","sticky":false,"template":"","format":"standard","meta":[],"categories":[6],"tags":[86,161,631,165,116,117,164],"yoast_head":"<!-- This site is optimized with the Yoast SEO plugin v19.8 - https:\/\/yoast.com\/wordpress\/plugins\/seo\/ -->\n<title>Zakaria et Embolo en s\u00e9lection, K\u00f6hn non rappel\u00e9 - La Diagonale<\/title>\n<meta name=\"robots\" content=\"index, follow, max-snippet:-1, max-image-preview:large, max-video-preview:-1\" \/>\n<link rel=\"canonical\" href=\"https:\/\/www.ladiagonale.net\/index.php\/2024\/11\/07\/zakaria-et-embolo-en-selection-kohn-non-rappele\/\" \/>\n<meta property=\"og:locale\" content=\"fr_FR\" \/>\n<meta property=\"og:type\" content=\"article\" \/>\n<meta property=\"og:title\" content=\"Zakaria et Embolo en s\u00e9lection, K\u00f6hn non rappel\u00e9 - La Diagonale\" \/>\n<meta property=\"og:description\" content=\"S\u2019il a rat\u00e9 les trois derni\u00e8res rencontres \u00e0 cause d\u2019une g\u00eane \u00e0 un adducteur, Denis Zakaria figure bien dans la liste de Murat Yakin pour le prochain rassemblement de la Suisse, lui qui avait manqu\u00e9 celui d\u2019octobre. Il y aura toujours deux Mon\u00e9gasques puisque Breel Embolo sera pr\u00e9sent lui aussi. Ce n\u2019est pas le cas [...]\" \/>\n<meta property=\"og:url\" content=\"https:\/\/www.ladiagonale.net\/index.php\/2024\/11\/07\/zakaria-et-embolo-en-selection-kohn-non-rappele\/\" \/>\n<meta property=\"og:site_name\" content=\"La Diagonale\" \/>\n<meta property=\"article:published_time\" content=\"2024-11-07T13:58:34+00:00\" \/>\n<meta property=\"og:image\" content=\"https:\/\/www.ladiagonale.net\/wp-content\/uploads\/2023\/08\/zakaria-1.png\" \/>\n\t<meta property=\"og:image:width\" content=\"1160\" \/>\n\t<meta property=\"og:image:height\" content=\"650\" \/>\n\t<meta property=\"og:image:type\" content=\"image\/png\" \/>\n<meta name=\"author\" content=\"Damien Dellerba\" \/>\n<meta name=\"twitter:card\" content=\"summary_large_image\" \/>\n<meta name=\"twitter:image\" content=\"https:\/\/www.ladiagonale.net\/wp-content\/uploads\/2023\/08\/zakaria-1.png\" \/>\n<meta name=\"twitter:label1\" content=\"\u00c9crit par\" \/>\n\t<meta name=\"twitter:data1\" content=\"Damien Dellerba\" \/>\n\t<meta name=\"twitter:label2\" content=\"Dur\u00e9e de lecture estim\u00e9e\" \/>\n\t<meta name=\"twitter:data2\" content=\"1 minute\" \/>\n<script type=\"application\/ld+json\" class=\"yoast-schema-graph\">{\"@context\":\"https:\/\/schema.org\",\"@graph\":[{\"@type\":\"WebPage\",\"@id\":\"https:\/\/www.ladiagonale.net\/index.php\/2024\/11\/07\/zakaria-et-embolo-en-selection-kohn-non-rappele\/\",\"url\":\"https:\/\/www.ladiagonale.net\/index.php\/2024\/11\/07\/zakaria-et-embolo-en-selection-kohn-non-rappele\/\",\"name\":\"Zakaria et Embolo en s\u00e9lection, K\u00f6hn non rappel\u00e9 - La Diagonale\",\"isPartOf\":{\"@id\":\"https:\/\/www.ladiagonale.net\/#website\"},\"datePublished\":\"2024-11-07T13:58:34+00:00\",\"dateModified\":\"2024-11-07T13:58:34+00:00\",\"author\":{\"@id\":\"https:\/\/www.ladiagonale.net\/#\/schema\/person\/79ff1e7b0853ed01b2aa26e64ad300bf\"},\"breadcrumb\":{\"@id\":\"https:\/\/www.ladiagonale.net\/index.php\/2024\/11\/07\/zakaria-et-embolo-en-selection-kohn-non-rappele\/#breadcrumb\"},\"inLanguage\":\"fr-FR\",\"potentialAction\":[{\"@type\":\"ReadAction\",\"target\":[\"https:\/\/www.ladiagonale.net\/index.php\/2024\/11\/07\/zakaria-et-embolo-en-selection-kohn-non-rappele\/\"]}]},{\"@type\":\"BreadcrumbList\",\"@id\":\"https:\/\/www.ladiagonale.net\/index.php\/2024\/11\/07\/zakaria-et-embolo-en-selection-kohn-non-rappele\/#breadcrumb\",\"itemListElement\":[{\"@type\":\"ListItem\",\"position\":1,\"name\":\"Accueil\",\"item\":\"https:\/\/www.ladiagonale.net\/\"},{\"@type\":\"ListItem\",\"position\":2,\"name\":\"Zakaria et Embolo en s\u00e9lection, K\u00f6hn non rappel\u00e9\"}]},{\"@type\":\"WebSite\",\"@id\":\"https:\/\/www.ladiagonale.net\/#website\",\"url\":\"https:\/\/www.ladiagonale.net\/\",\"name\":\"La Diagonale\",\"description\":\"Le site des supporters de l&#039;AS Monaco FC\",\"potentialAction\":[{\"@type\":\"SearchAction\",\"target\":{\"@type\":\"EntryPoint\",\"urlTemplate\":\"https:\/\/www.ladiagonale.net\/?s={search_term_string}\"},\"query-input\":\"required name=search_term_string\"}],\"inLanguage\":\"fr-FR\"},{\"@type\":\"Person\",\"@id\":\"https:\/\/www.ladiagonale.net\/#\/schema\/person\/79ff1e7b0853ed01b2aa26e64ad300bf\",\"name\":\"Damien Dellerba\",\"image\":{\"@type\":\"ImageObject\",\"inLanguage\":\"fr-FR\",\"@id\":\"https:\/\/www.ladiagonale.net\/#\/schema\/person\/image\/\",\"url\":\"https:\/\/secure.gravatar.com\/avatar\/c7850e06d3ff63cdbaee88b7fc16e2f0?s=96&d=mm&r=g\",\"contentUrl\":\"https:\/\/secure.gravatar.com\/avatar\/c7850e06d3ff63cdbaee88b7fc16e2f0?s=96&d=mm&r=g\",\"caption\":\"Damien Dellerba\"},\"url\":\"https:\/\/www.ladiagonale.net\/index.php\/author\/damien\/\"}]}<\/script>\n<!-- \/ Yoast SEO plugin. -->","yoast_head_json":{"title":"Zakaria et Embolo en s\u00e9lection, K\u00f6hn non rappel\u00e9 - La Diagonale","robots":{"index":"index","follow":"follow","max-snippet":"max-snippet:-1","max-image-preview":"max-image-preview:large","max-video-preview":"max-video-preview:-1"},"canonical":"https:\/\/www.ladiagonale.net\/index.php\/2024\/11\/07\/zakaria-et-embolo-en-selection-kohn-non-rappele\/","og_locale":"fr_FR","og_type":"article","og_title":"Zakaria et Embolo en s\u00e9lection, K\u00f6hn non rappel\u00e9 - La Diagonale","og_description":"S\u2019il a rat\u00e9 les trois derni\u00e8res rencontres \u00e0 cause d\u2019une g\u00eane \u00e0 un adducteur, Denis Zakaria figure bien dans la liste de Murat Yakin pour le prochain rassemblement de la Suisse, lui qui avait manqu\u00e9 celui d\u2019octobre. Il y aura toujours deux Mon\u00e9gasques puisque Breel Embolo sera pr\u00e9sent lui aussi. Ce n\u2019est pas le cas [...]","og_url":"https:\/\/www.ladiagonale.net\/index.php\/2024\/11\/07\/zakaria-et-embolo-en-selection-kohn-non-rappele\/","og_site_name":"La Diagonale","article_published_time":"2024-11-07T13:58:34+00:00","og_image":[{"width":1160,"height":650,"url":"https:\/\/www.ladiagonale.net\/wp-content\/uploads\/2023\/08\/zakaria-1.png","type":"image\/png"}],"author":"Damien Dellerba","twitter_card":"summary_large_image","twitter_image":"https:\/\/www.ladiagonale.net\/wp-content\/uploads\/2023\/08\/zakaria-1.png","twitter_misc":{"\u00c9crit par":"Damien Dellerba","Dur\u00e9e de lecture estim\u00e9e":"1 minute"},"schema":{"@context":"https:\/\/schema.org","@graph":[{"@type":"WebPage","@id":"https:\/\/www.ladiagonale.net\/index.php\/2024\/11\/07\/zakaria-et-embolo-en-selection-kohn-non-rappele\/","url":"https:\/\/www.ladiagonale.net\/index.php\/2024\/11\/07\/zakaria-et-embolo-en-selection-kohn-non-rappele\/","name":"Zakaria et Embolo en s\u00e9lection, K\u00f6hn non rappel\u00e9 - La Diagonale","isPartOf":{"@id":"https:\/\/www.ladiagonale.net\/#website"},"datePublished":"2024-11-07T13:58:34+00:00","dateModified":"2024-11-07T13:58:34+00:00","author":{"@id":"https:\/\/www.ladiagonale.net\/#\/schema\/person\/79ff1e7b0853ed01b2aa26e64ad300bf"},"breadcrumb":{"@id":"https:\/\/www.ladiagonale.net\/index.php\/2024\/11\/07\/zakaria-et-embolo-en-selection-kohn-non-rappele\/#breadcrumb"},"inLanguage":"fr-FR","potentialAction":[{"@type":"ReadAction","target":["https:\/\/www.ladiagonale.net\/index.php\/2024\/11\/07\/zakaria-et-embolo-en-selection-kohn-non-rappele\/"]}]},{"@type":"BreadcrumbList","@id":"https:\/\/www.ladiagonale.net\/index.php\/2024\/11\/07\/zakaria-et-embolo-en-selection-kohn-non-rappele\/#breadcrumb","itemListElement":[{"@type":"ListItem","position":1,"name":"Accueil","item":"https:\/\/www.ladiagonale.net\/"},{"@type":"ListItem","position":2,"name":"Zakaria et Embolo en s\u00e9lection, K\u00f6hn non rappel\u00e9"}]},{"@type":"WebSite","@id":"https:\/\/www.ladiagonale.net\/#website","url":"https:\/\/www.ladiagonale.net\/","name":"La Diagonale","description":"Le site des supporters de l&#039;AS Monaco FC","potentialAction":[{"@type":"SearchAction","target":{"@type":"EntryPoint","urlTemplate":"https:\/\/www.ladiagonale.net\/?s={search_term_string}"},"query-input":"required name=search_term_string"}],"inLanguage":"fr-FR"},{"@type":"Person","@id":"https:\/\/www.ladiagonale.net\/#\/schema\/person\/79ff1e7b0853ed01b2aa26e64ad300bf","name":"Damien Dellerba","image":{"@type":"ImageObject","inLanguage":"fr-FR","@id":"https:\/\/www.ladiagonale.net\/#\/schema\/person\/image\/","url":"https:\/\/secure.gravatar.com\/avatar\/c7850e06d3ff63cdbaee88b7fc16e2f0?s=96&d=mm&r=g","contentUrl":"https:\/\/secure.gravatar.com\/avatar\/c7850e06d3ff63cdbaee88b7fc16e2f0?s=96&d=mm&r=g","caption":"Damien Dellerba"},"url":"https:\/\/www.ladiagonale.net\/index.php\/author\/damien\/"}]}},"_links":{"self":[{"href":"https:\/\/www.ladiagonale.net\/index.php\/wp-json\/wp\/v2\/posts\/27294"}],"collection":[{"href":"https:\/\/www.ladiagonale.net\/index.php\/wp-json\/wp\/v2\/posts"}],"about":[{"href":"https:\/\/www.ladiagonale.net\/index.php\/wp-json\/wp\/v2\/types\/post"}],"author":[{"embeddable":true,"href":"https:\/\/www.ladiagonale.net\/index.php\/wp-json\/wp\/v2\/users\/2"}],"replies":[{"embeddable":true,"href":"https:\/\/www.ladiagonale.net\/index.php\/wp-json\/wp\/v2\/comments?post=27294"}],"version-history":[{"count":1,"href":"https:\/\/www.ladiagonale.net\/index.php\/wp-json\/wp\/v2\/posts\/27294\/revisions"}],"predecessor-version":[{"id":27295,"href":"https:\/\/www.ladiagonale.net\/index.php\/wp-json\/wp\/v2\/posts\/27294\/revisions\/27295"}],"wp:attachment":[{"href":"https:\/\/www.ladiagonale.net\/index.php\/wp-json\/wp\/v2\/media?parent=27294"}],"wp:term":[{"taxonomy":"category","embeddable":true,"href":"https:\/\/www.ladiagonale.net\/index.php\/wp-json\/wp\/v2\/categories?post=27294"},{"taxonomy":"post_tag","embeddable":true,"href":"https:\/\/www.ladiagonale.net\/index.php\/wp-json\/wp\/v2\/tags?post=27294"}],"curies":[{"name":"wp","href":"https:\/\/api.w.org\/{rel}","templated":true}]}}