{"id":27388,"date":"2024-11-12T19:14:45","date_gmt":"2024-11-12T18:14:45","guid":{"rendered":"https:\/\/www.ladiagonale.net\/?p=27388"},"modified":"2024-11-13T01:29:43","modified_gmt":"2024-11-13T00:29:43","slug":"blesse-akliouche-quitte-les-bleuets","status":"publish","type":"post","link":"https:\/\/www.ladiagonale.net\/index.php\/2024\/11\/12\/blesse-akliouche-quitte-les-bleuets\/","title":{"rendered":"Bless\u00e9, Akliouche quitte les Bleuets"},"content":{"rendered":"\n<p>Il n\u2019y aura finalement pas de s\u00e9lection pour Maghnes Akliouche lors de cette tr\u00eave internationale. Le milieu offensif de l\u2019AS Monaco a quitt\u00e9 le rassemblement de l\u2019\u00e9quipe de France Espoirs ce mardi. Selon la FFF, le joueur est arriv\u00e9 bless\u00e9 \u00e0 Clairefontaine et les examens r\u00e9alis\u00e9s par le staff m\u00e9dical des Bleuets ont confirm\u00e9 la blessure du Mon\u00e9gasque, sans en pr\u00e9ciser ni la nature ni la gravit\u00e9.<\/p>\n\n\n\n<p>Il n\u2019est pas \u00e0 exclure que le joueur soit aussi m\u00e9nag\u00e9 pour les deux rencontres amicales des Espoirs \u00e0 la suite d\u2019une alerte ou un possible coup re\u00e7u en pr\u00e9vision des \u00e9ch\u00e9ances \u00e0 venir en Principaut\u00e9 et apr\u00e8s avoir longuement encha\u00een\u00e9 depuis les Jeux Olympiques, o\u00f9 il avait conquis la m\u00e9daille d\u2019argent avec Soungoutou Magassa et Chrislain Matsima. Ces deux joueurs seront eux sur le pont, tout comme Christian Mawissa et Kassoum Ouattara.<\/p>\n","protected":false},"excerpt":{"rendered":"<p>Il n\u2019y aura finalement pas de s\u00e9lection pour Maghnes Akliouche lors de cette tr\u00eave internationale. Le milieu offensif de l\u2019AS Monaco a quitt\u00e9 le rassemblement de l\u2019\u00e9quipe de France Espoirs ce mardi. Selon la FFF, le joueur est arriv\u00e9 bless\u00e9 \u00e0 Clairefontaine et les examens r\u00e9alis\u00e9s par le staff m\u00e9dical des Bleuets ont confirm\u00e9 la [&#8230;]\n","protected":false},"author":2,"featured_media":0,"comment_status":"closed","ping_status":"open","sticky":false,"template":"","format":"standard","meta":[],"categories":[4,6],"tags":[86,311,190,116],"yoast_head":"<!-- This site is optimized with the Yoast SEO plugin v19.8 - https:\/\/yoast.com\/wordpress\/plugins\/seo\/ -->\n<title>Bless\u00e9, Akliouche quitte les Bleuets - La Diagonale<\/title>\n<meta name=\"robots\" content=\"index, follow, max-snippet:-1, max-image-preview:large, max-video-preview:-1\" \/>\n<link rel=\"canonical\" href=\"https:\/\/www.ladiagonale.net\/index.php\/2024\/11\/12\/blesse-akliouche-quitte-les-bleuets\/\" \/>\n<meta property=\"og:locale\" content=\"fr_FR\" \/>\n<meta property=\"og:type\" content=\"article\" \/>\n<meta property=\"og:title\" content=\"Bless\u00e9, Akliouche quitte les Bleuets - La Diagonale\" \/>\n<meta property=\"og:description\" content=\"Il n\u2019y aura finalement pas de s\u00e9lection pour Maghnes Akliouche lors de cette tr\u00eave internationale. Le milieu offensif de l\u2019AS Monaco a quitt\u00e9 le rassemblement de l\u2019\u00e9quipe de France Espoirs ce mardi. Selon la FFF, le joueur est arriv\u00e9 bless\u00e9 \u00e0 Clairefontaine et les examens r\u00e9alis\u00e9s par le staff m\u00e9dical des Bleuets ont confirm\u00e9 la [...]\" \/>\n<meta property=\"og:url\" content=\"https:\/\/www.ladiagonale.net\/index.php\/2024\/11\/12\/blesse-akliouche-quitte-les-bleuets\/\" \/>\n<meta property=\"og:site_name\" content=\"La Diagonale\" \/>\n<meta property=\"article:published_time\" content=\"2024-11-12T18:14:45+00:00\" \/>\n<meta property=\"article:modified_time\" content=\"2024-11-13T00:29:43+00:00\" \/>\n<meta property=\"og:image\" content=\"https:\/\/www.ladiagonale.net\/wp-content\/uploads\/2024\/07\/akliouche-jo.png\" \/>\n\t<meta property=\"og:image:width\" content=\"1160\" \/>\n\t<meta property=\"og:image:height\" content=\"650\" \/>\n\t<meta property=\"og:image:type\" content=\"image\/png\" \/>\n<meta name=\"author\" content=\"Damien Dellerba\" \/>\n<meta name=\"twitter:card\" content=\"summary_large_image\" \/>\n<meta name=\"twitter:image\" content=\"https:\/\/www.ladiagonale.net\/wp-content\/uploads\/2024\/07\/akliouche-jo.png\" \/>\n<meta name=\"twitter:label1\" content=\"\u00c9crit par\" \/>\n\t<meta name=\"twitter:data1\" content=\"Damien Dellerba\" \/>\n\t<meta name=\"twitter:label2\" content=\"Dur\u00e9e de lecture estim\u00e9e\" \/>\n\t<meta name=\"twitter:data2\" content=\"1 minute\" \/>\n<script type=\"application\/ld+json\" class=\"yoast-schema-graph\">{\"@context\":\"https:\/\/schema.org\",\"@graph\":[{\"@type\":\"WebPage\",\"@id\":\"https:\/\/www.ladiagonale.net\/index.php\/2024\/11\/12\/blesse-akliouche-quitte-les-bleuets\/\",\"url\":\"https:\/\/www.ladiagonale.net\/index.php\/2024\/11\/12\/blesse-akliouche-quitte-les-bleuets\/\",\"name\":\"Bless\u00e9, Akliouche quitte les Bleuets - La Diagonale\",\"isPartOf\":{\"@id\":\"https:\/\/www.ladiagonale.net\/#website\"},\"datePublished\":\"2024-11-12T18:14:45+00:00\",\"dateModified\":\"2024-11-13T00:29:43+00:00\",\"author\":{\"@id\":\"https:\/\/www.ladiagonale.net\/#\/schema\/person\/79ff1e7b0853ed01b2aa26e64ad300bf\"},\"breadcrumb\":{\"@id\":\"https:\/\/www.ladiagonale.net\/index.php\/2024\/11\/12\/blesse-akliouche-quitte-les-bleuets\/#breadcrumb\"},\"inLanguage\":\"fr-FR\",\"potentialAction\":[{\"@type\":\"ReadAction\",\"target\":[\"https:\/\/www.ladiagonale.net\/index.php\/2024\/11\/12\/blesse-akliouche-quitte-les-bleuets\/\"]}]},{\"@type\":\"BreadcrumbList\",\"@id\":\"https:\/\/www.ladiagonale.net\/index.php\/2024\/11\/12\/blesse-akliouche-quitte-les-bleuets\/#breadcrumb\",\"itemListElement\":[{\"@type\":\"ListItem\",\"position\":1,\"name\":\"Accueil\",\"item\":\"https:\/\/www.ladiagonale.net\/\"},{\"@type\":\"ListItem\",\"position\":2,\"name\":\"Bless\u00e9, Akliouche quitte les Bleuets\"}]},{\"@type\":\"WebSite\",\"@id\":\"https:\/\/www.ladiagonale.net\/#website\",\"url\":\"https:\/\/www.ladiagonale.net\/\",\"name\":\"La Diagonale\",\"description\":\"Le site des supporters de l&#039;AS Monaco FC\",\"potentialAction\":[{\"@type\":\"SearchAction\",\"target\":{\"@type\":\"EntryPoint\",\"urlTemplate\":\"https:\/\/www.ladiagonale.net\/?s={search_term_string}\"},\"query-input\":\"required name=search_term_string\"}],\"inLanguage\":\"fr-FR\"},{\"@type\":\"Person\",\"@id\":\"https:\/\/www.ladiagonale.net\/#\/schema\/person\/79ff1e7b0853ed01b2aa26e64ad300bf\",\"name\":\"Damien Dellerba\",\"image\":{\"@type\":\"ImageObject\",\"inLanguage\":\"fr-FR\",\"@id\":\"https:\/\/www.ladiagonale.net\/#\/schema\/person\/image\/\",\"url\":\"https:\/\/secure.gravatar.com\/avatar\/c7850e06d3ff63cdbaee88b7fc16e2f0?s=96&d=mm&r=g\",\"contentUrl\":\"https:\/\/secure.gravatar.com\/avatar\/c7850e06d3ff63cdbaee88b7fc16e2f0?s=96&d=mm&r=g\",\"caption\":\"Damien Dellerba\"},\"url\":\"https:\/\/www.ladiagonale.net\/index.php\/author\/damien\/\"}]}<\/script>\n<!-- \/ Yoast SEO plugin. -->","yoast_head_json":{"title":"Bless\u00e9, Akliouche quitte les Bleuets - La Diagonale","robots":{"index":"index","follow":"follow","max-snippet":"max-snippet:-1","max-image-preview":"max-image-preview:large","max-video-preview":"max-video-preview:-1"},"canonical":"https:\/\/www.ladiagonale.net\/index.php\/2024\/11\/12\/blesse-akliouche-quitte-les-bleuets\/","og_locale":"fr_FR","og_type":"article","og_title":"Bless\u00e9, Akliouche quitte les Bleuets - La Diagonale","og_description":"Il n\u2019y aura finalement pas de s\u00e9lection pour Maghnes Akliouche lors de cette tr\u00eave internationale. Le milieu offensif de l\u2019AS Monaco a quitt\u00e9 le rassemblement de l\u2019\u00e9quipe de France Espoirs ce mardi. Selon la FFF, le joueur est arriv\u00e9 bless\u00e9 \u00e0 Clairefontaine et les examens r\u00e9alis\u00e9s par le staff m\u00e9dical des Bleuets ont confirm\u00e9 la [...]","og_url":"https:\/\/www.ladiagonale.net\/index.php\/2024\/11\/12\/blesse-akliouche-quitte-les-bleuets\/","og_site_name":"La Diagonale","article_published_time":"2024-11-12T18:14:45+00:00","article_modified_time":"2024-11-13T00:29:43+00:00","og_image":[{"width":1160,"height":650,"url":"https:\/\/www.ladiagonale.net\/wp-content\/uploads\/2024\/07\/akliouche-jo.png","type":"image\/png"}],"author":"Damien Dellerba","twitter_card":"summary_large_image","twitter_image":"https:\/\/www.ladiagonale.net\/wp-content\/uploads\/2024\/07\/akliouche-jo.png","twitter_misc":{"\u00c9crit par":"Damien Dellerba","Dur\u00e9e de lecture estim\u00e9e":"1 minute"},"schema":{"@context":"https:\/\/schema.org","@graph":[{"@type":"WebPage","@id":"https:\/\/www.ladiagonale.net\/index.php\/2024\/11\/12\/blesse-akliouche-quitte-les-bleuets\/","url":"https:\/\/www.ladiagonale.net\/index.php\/2024\/11\/12\/blesse-akliouche-quitte-les-bleuets\/","name":"Bless\u00e9, Akliouche quitte les Bleuets - La Diagonale","isPartOf":{"@id":"https:\/\/www.ladiagonale.net\/#website"},"datePublished":"2024-11-12T18:14:45+00:00","dateModified":"2024-11-13T00:29:43+00:00","author":{"@id":"https:\/\/www.ladiagonale.net\/#\/schema\/person\/79ff1e7b0853ed01b2aa26e64ad300bf"},"breadcrumb":{"@id":"https:\/\/www.ladiagonale.net\/index.php\/2024\/11\/12\/blesse-akliouche-quitte-les-bleuets\/#breadcrumb"},"inLanguage":"fr-FR","potentialAction":[{"@type":"ReadAction","target":["https:\/\/www.ladiagonale.net\/index.php\/2024\/11\/12\/blesse-akliouche-quitte-les-bleuets\/"]}]},{"@type":"BreadcrumbList","@id":"https:\/\/www.ladiagonale.net\/index.php\/2024\/11\/12\/blesse-akliouche-quitte-les-bleuets\/#breadcrumb","itemListElement":[{"@type":"ListItem","position":1,"name":"Accueil","item":"https:\/\/www.ladiagonale.net\/"},{"@type":"ListItem","position":2,"name":"Bless\u00e9, Akliouche quitte les Bleuets"}]},{"@type":"WebSite","@id":"https:\/\/www.ladiagonale.net\/#website","url":"https:\/\/www.ladiagonale.net\/","name":"La Diagonale","description":"Le site des supporters de l&#039;AS Monaco FC","potentialAction":[{"@type":"SearchAction","target":{"@type":"EntryPoint","urlTemplate":"https:\/\/www.ladiagonale.net\/?s={search_term_string}"},"query-input":"required name=search_term_string"}],"inLanguage":"fr-FR"},{"@type":"Person","@id":"https:\/\/www.ladiagonale.net\/#\/schema\/person\/79ff1e7b0853ed01b2aa26e64ad300bf","name":"Damien Dellerba","image":{"@type":"ImageObject","inLanguage":"fr-FR","@id":"https:\/\/www.ladiagonale.net\/#\/schema\/person\/image\/","url":"https:\/\/secure.gravatar.com\/avatar\/c7850e06d3ff63cdbaee88b7fc16e2f0?s=96&d=mm&r=g","contentUrl":"https:\/\/secure.gravatar.com\/avatar\/c7850e06d3ff63cdbaee88b7fc16e2f0?s=96&d=mm&r=g","caption":"Damien Dellerba"},"url":"https:\/\/www.ladiagonale.net\/index.php\/author\/damien\/"}]}},"_links":{"self":[{"href":"https:\/\/www.ladiagonale.net\/index.php\/wp-json\/wp\/v2\/posts\/27388"}],"collection":[{"href":"https:\/\/www.ladiagonale.net\/index.php\/wp-json\/wp\/v2\/posts"}],"about":[{"href":"https:\/\/www.ladiagonale.net\/index.php\/wp-json\/wp\/v2\/types\/post"}],"author":[{"embeddable":true,"href":"https:\/\/www.ladiagonale.net\/index.php\/wp-json\/wp\/v2\/users\/2"}],"replies":[{"embeddable":true,"href":"https:\/\/www.ladiagonale.net\/index.php\/wp-json\/wp\/v2\/comments?post=27388"}],"version-history":[{"count":5,"href":"https:\/\/www.ladiagonale.net\/index.php\/wp-json\/wp\/v2\/posts\/27388\/revisions"}],"predecessor-version":[{"id":27400,"href":"https:\/\/www.ladiagonale.net\/index.php\/wp-json\/wp\/v2\/posts\/27388\/revisions\/27400"}],"wp:attachment":[{"href":"https:\/\/www.ladiagonale.net\/index.php\/wp-json\/wp\/v2\/media?parent=27388"}],"wp:term":[{"taxonomy":"category","embeddable":true,"href":"https:\/\/www.ladiagonale.net\/index.php\/wp-json\/wp\/v2\/categories?post=27388"},{"taxonomy":"post_tag","embeddable":true,"href":"https:\/\/www.ladiagonale.net\/index.php\/wp-json\/wp\/v2\/tags?post=27388"}],"curies":[{"name":"wp","href":"https:\/\/api.w.org\/{rel}","templated":true}]}}