{"id":27441,"date":"2024-11-15T07:37:00","date_gmt":"2024-11-15T06:37:00","guid":{"rendered":"https:\/\/www.ladiagonale.net\/?p=27441"},"modified":"2024-11-15T03:51:05","modified_gmt":"2024-11-15T02:51:05","slug":"des-adducteurs-douloureux-pour-camara","status":"publish","type":"post","link":"https:\/\/www.ladiagonale.net\/index.php\/2024\/11\/15\/des-adducteurs-douloureux-pour-camara\/","title":{"rendered":"Des adducteurs douloureux pour Camara"},"content":{"rendered":"\n<p>Des nouvelles inqui\u00e9tantes sont parvenues du S\u00e9n\u00e9gal jeudi soir. Alors que les <em>Lions de la Teranga<\/em> ont affront\u00e9 le Burkina Faso (1-0), Lamine Camara n\u2019a pas pu \u00eatre inscrit sur la feuille de match. Le milieu de terrain de l\u2019AS Monaco a ressenti des douleurs aux adducteurs lors des deux derniers entra\u00eenements, a fait savoir la F\u00e9d\u00e9ration s\u00e9n\u00e9galaise, qui n\u2019a donc voulu prendre aucun risque et ne l\u2019a pas mis sur la feuille de match. Son \u00e9tat de sant\u00e9 est surveill\u00e9 par le staff m\u00e9dical s\u00e9n\u00e9galais<\/p>\n\n\n\n<p>Pour son retour en s\u00e9lection, Kr\u00e9pin Diatta a jou\u00e9 le match comme titulaire au poste de lat\u00e9ral droit. Il a notamment r\u00e9alis\u00e9 un tr\u00e8s bon retour in extremis dans la surface pour enlever le ballon \u00e0 Hassan Band\u00e9 en premi\u00e8re p\u00e9riode. Avec leur succ\u00e8s, les S\u00e9n\u00e9galais s&rsquo;assurent d\u00e9finitivement la t\u00eate du groupe L des \u00e9liminatoires de la Coupe d&rsquo;Afrique des nations 2025. Ils n\u2019auront plus qu\u2019\u00e0 finir le travail, mardi (20h), contre le Burundi.<\/p>\n\n\n","protected":false},"excerpt":{"rendered":"<p>Des nouvelles inqui\u00e9tantes sont parvenues du S\u00e9n\u00e9gal jeudi soir. Alors que les Lions de la Teranga ont affront\u00e9 le Burkina Faso (1-0), Lamine Camara n\u2019a pas pu \u00eatre inscrit sur la feuille de match. Le milieu de terrain de l\u2019AS Monaco a ressenti des douleurs aux adducteurs lors des deux derniers entra\u00eenements, a fait savoir [&#8230;]\n","protected":false},"author":2,"featured_media":0,"comment_status":"open","ping_status":"open","sticky":false,"template":"","format":"standard","meta":[],"categories":[4,6],"tags":[86,196,163,894,116,121],"yoast_head":"<!-- This site is optimized with the Yoast SEO plugin v19.8 - https:\/\/yoast.com\/wordpress\/plugins\/seo\/ -->\n<title>Des adducteurs douloureux pour Camara - La Diagonale<\/title>\n<meta name=\"robots\" content=\"index, follow, max-snippet:-1, max-image-preview:large, max-video-preview:-1\" \/>\n<link rel=\"canonical\" href=\"https:\/\/www.ladiagonale.net\/index.php\/2024\/11\/15\/des-adducteurs-douloureux-pour-camara\/\" \/>\n<meta property=\"og:locale\" content=\"fr_FR\" \/>\n<meta property=\"og:type\" content=\"article\" \/>\n<meta property=\"og:title\" content=\"Des adducteurs douloureux pour Camara - La Diagonale\" \/>\n<meta property=\"og:description\" content=\"Des nouvelles inqui\u00e9tantes sont parvenues du S\u00e9n\u00e9gal jeudi soir. Alors que les Lions de la Teranga ont affront\u00e9 le Burkina Faso (1-0), Lamine Camara n\u2019a pas pu \u00eatre inscrit sur la feuille de match. Le milieu de terrain de l\u2019AS Monaco a ressenti des douleurs aux adducteurs lors des deux derniers entra\u00eenements, a fait savoir [...]\" \/>\n<meta property=\"og:url\" content=\"https:\/\/www.ladiagonale.net\/index.php\/2024\/11\/15\/des-adducteurs-douloureux-pour-camara\/\" \/>\n<meta property=\"og:site_name\" content=\"La Diagonale\" \/>\n<meta property=\"article:published_time\" content=\"2024-11-15T06:37:00+00:00\" \/>\n<meta property=\"article:modified_time\" content=\"2024-11-15T02:51:05+00:00\" \/>\n<meta property=\"og:image\" content=\"https:\/\/www.ladiagonale.net\/wp-content\/uploads\/2024\/08\/LCamara.png\" \/>\n\t<meta property=\"og:image:width\" content=\"1160\" \/>\n\t<meta property=\"og:image:height\" content=\"650\" \/>\n\t<meta property=\"og:image:type\" content=\"image\/png\" \/>\n<meta name=\"author\" content=\"Damien Dellerba\" \/>\n<meta name=\"twitter:card\" content=\"summary_large_image\" \/>\n<meta name=\"twitter:image\" content=\"https:\/\/www.ladiagonale.net\/wp-content\/uploads\/2024\/08\/LCamara.png\" \/>\n<meta name=\"twitter:label1\" content=\"\u00c9crit par\" \/>\n\t<meta name=\"twitter:data1\" content=\"Damien Dellerba\" \/>\n\t<meta name=\"twitter:label2\" content=\"Dur\u00e9e de lecture estim\u00e9e\" \/>\n\t<meta name=\"twitter:data2\" content=\"1 minute\" \/>\n<script type=\"application\/ld+json\" class=\"yoast-schema-graph\">{\"@context\":\"https:\/\/schema.org\",\"@graph\":[{\"@type\":\"WebPage\",\"@id\":\"https:\/\/www.ladiagonale.net\/index.php\/2024\/11\/15\/des-adducteurs-douloureux-pour-camara\/\",\"url\":\"https:\/\/www.ladiagonale.net\/index.php\/2024\/11\/15\/des-adducteurs-douloureux-pour-camara\/\",\"name\":\"Des adducteurs douloureux pour Camara - La Diagonale\",\"isPartOf\":{\"@id\":\"https:\/\/www.ladiagonale.net\/#website\"},\"datePublished\":\"2024-11-15T06:37:00+00:00\",\"dateModified\":\"2024-11-15T02:51:05+00:00\",\"author\":{\"@id\":\"https:\/\/www.ladiagonale.net\/#\/schema\/person\/79ff1e7b0853ed01b2aa26e64ad300bf\"},\"breadcrumb\":{\"@id\":\"https:\/\/www.ladiagonale.net\/index.php\/2024\/11\/15\/des-adducteurs-douloureux-pour-camara\/#breadcrumb\"},\"inLanguage\":\"fr-FR\",\"potentialAction\":[{\"@type\":\"ReadAction\",\"target\":[\"https:\/\/www.ladiagonale.net\/index.php\/2024\/11\/15\/des-adducteurs-douloureux-pour-camara\/\"]}]},{\"@type\":\"BreadcrumbList\",\"@id\":\"https:\/\/www.ladiagonale.net\/index.php\/2024\/11\/15\/des-adducteurs-douloureux-pour-camara\/#breadcrumb\",\"itemListElement\":[{\"@type\":\"ListItem\",\"position\":1,\"name\":\"Accueil\",\"item\":\"https:\/\/www.ladiagonale.net\/\"},{\"@type\":\"ListItem\",\"position\":2,\"name\":\"Des adducteurs douloureux pour Camara\"}]},{\"@type\":\"WebSite\",\"@id\":\"https:\/\/www.ladiagonale.net\/#website\",\"url\":\"https:\/\/www.ladiagonale.net\/\",\"name\":\"La Diagonale\",\"description\":\"Le site des supporters de l&#039;AS Monaco FC\",\"potentialAction\":[{\"@type\":\"SearchAction\",\"target\":{\"@type\":\"EntryPoint\",\"urlTemplate\":\"https:\/\/www.ladiagonale.net\/?s={search_term_string}\"},\"query-input\":\"required name=search_term_string\"}],\"inLanguage\":\"fr-FR\"},{\"@type\":\"Person\",\"@id\":\"https:\/\/www.ladiagonale.net\/#\/schema\/person\/79ff1e7b0853ed01b2aa26e64ad300bf\",\"name\":\"Damien Dellerba\",\"image\":{\"@type\":\"ImageObject\",\"inLanguage\":\"fr-FR\",\"@id\":\"https:\/\/www.ladiagonale.net\/#\/schema\/person\/image\/\",\"url\":\"https:\/\/secure.gravatar.com\/avatar\/c7850e06d3ff63cdbaee88b7fc16e2f0?s=96&d=mm&r=g\",\"contentUrl\":\"https:\/\/secure.gravatar.com\/avatar\/c7850e06d3ff63cdbaee88b7fc16e2f0?s=96&d=mm&r=g\",\"caption\":\"Damien Dellerba\"},\"url\":\"https:\/\/www.ladiagonale.net\/index.php\/author\/damien\/\"}]}<\/script>\n<!-- \/ Yoast SEO plugin. -->","yoast_head_json":{"title":"Des adducteurs douloureux pour Camara - La Diagonale","robots":{"index":"index","follow":"follow","max-snippet":"max-snippet:-1","max-image-preview":"max-image-preview:large","max-video-preview":"max-video-preview:-1"},"canonical":"https:\/\/www.ladiagonale.net\/index.php\/2024\/11\/15\/des-adducteurs-douloureux-pour-camara\/","og_locale":"fr_FR","og_type":"article","og_title":"Des adducteurs douloureux pour Camara - La Diagonale","og_description":"Des nouvelles inqui\u00e9tantes sont parvenues du S\u00e9n\u00e9gal jeudi soir. Alors que les Lions de la Teranga ont affront\u00e9 le Burkina Faso (1-0), Lamine Camara n\u2019a pas pu \u00eatre inscrit sur la feuille de match. Le milieu de terrain de l\u2019AS Monaco a ressenti des douleurs aux adducteurs lors des deux derniers entra\u00eenements, a fait savoir [...]","og_url":"https:\/\/www.ladiagonale.net\/index.php\/2024\/11\/15\/des-adducteurs-douloureux-pour-camara\/","og_site_name":"La Diagonale","article_published_time":"2024-11-15T06:37:00+00:00","article_modified_time":"2024-11-15T02:51:05+00:00","og_image":[{"width":1160,"height":650,"url":"https:\/\/www.ladiagonale.net\/wp-content\/uploads\/2024\/08\/LCamara.png","type":"image\/png"}],"author":"Damien Dellerba","twitter_card":"summary_large_image","twitter_image":"https:\/\/www.ladiagonale.net\/wp-content\/uploads\/2024\/08\/LCamara.png","twitter_misc":{"\u00c9crit par":"Damien Dellerba","Dur\u00e9e de lecture estim\u00e9e":"1 minute"},"schema":{"@context":"https:\/\/schema.org","@graph":[{"@type":"WebPage","@id":"https:\/\/www.ladiagonale.net\/index.php\/2024\/11\/15\/des-adducteurs-douloureux-pour-camara\/","url":"https:\/\/www.ladiagonale.net\/index.php\/2024\/11\/15\/des-adducteurs-douloureux-pour-camara\/","name":"Des adducteurs douloureux pour Camara - La Diagonale","isPartOf":{"@id":"https:\/\/www.ladiagonale.net\/#website"},"datePublished":"2024-11-15T06:37:00+00:00","dateModified":"2024-11-15T02:51:05+00:00","author":{"@id":"https:\/\/www.ladiagonale.net\/#\/schema\/person\/79ff1e7b0853ed01b2aa26e64ad300bf"},"breadcrumb":{"@id":"https:\/\/www.ladiagonale.net\/index.php\/2024\/11\/15\/des-adducteurs-douloureux-pour-camara\/#breadcrumb"},"inLanguage":"fr-FR","potentialAction":[{"@type":"ReadAction","target":["https:\/\/www.ladiagonale.net\/index.php\/2024\/11\/15\/des-adducteurs-douloureux-pour-camara\/"]}]},{"@type":"BreadcrumbList","@id":"https:\/\/www.ladiagonale.net\/index.php\/2024\/11\/15\/des-adducteurs-douloureux-pour-camara\/#breadcrumb","itemListElement":[{"@type":"ListItem","position":1,"name":"Accueil","item":"https:\/\/www.ladiagonale.net\/"},{"@type":"ListItem","position":2,"name":"Des adducteurs douloureux pour Camara"}]},{"@type":"WebSite","@id":"https:\/\/www.ladiagonale.net\/#website","url":"https:\/\/www.ladiagonale.net\/","name":"La Diagonale","description":"Le site des supporters de l&#039;AS Monaco FC","potentialAction":[{"@type":"SearchAction","target":{"@type":"EntryPoint","urlTemplate":"https:\/\/www.ladiagonale.net\/?s={search_term_string}"},"query-input":"required name=search_term_string"}],"inLanguage":"fr-FR"},{"@type":"Person","@id":"https:\/\/www.ladiagonale.net\/#\/schema\/person\/79ff1e7b0853ed01b2aa26e64ad300bf","name":"Damien Dellerba","image":{"@type":"ImageObject","inLanguage":"fr-FR","@id":"https:\/\/www.ladiagonale.net\/#\/schema\/person\/image\/","url":"https:\/\/secure.gravatar.com\/avatar\/c7850e06d3ff63cdbaee88b7fc16e2f0?s=96&d=mm&r=g","contentUrl":"https:\/\/secure.gravatar.com\/avatar\/c7850e06d3ff63cdbaee88b7fc16e2f0?s=96&d=mm&r=g","caption":"Damien Dellerba"},"url":"https:\/\/www.ladiagonale.net\/index.php\/author\/damien\/"}]}},"_links":{"self":[{"href":"https:\/\/www.ladiagonale.net\/index.php\/wp-json\/wp\/v2\/posts\/27441"}],"collection":[{"href":"https:\/\/www.ladiagonale.net\/index.php\/wp-json\/wp\/v2\/posts"}],"about":[{"href":"https:\/\/www.ladiagonale.net\/index.php\/wp-json\/wp\/v2\/types\/post"}],"author":[{"embeddable":true,"href":"https:\/\/www.ladiagonale.net\/index.php\/wp-json\/wp\/v2\/users\/2"}],"replies":[{"embeddable":true,"href":"https:\/\/www.ladiagonale.net\/index.php\/wp-json\/wp\/v2\/comments?post=27441"}],"version-history":[{"count":2,"href":"https:\/\/www.ladiagonale.net\/index.php\/wp-json\/wp\/v2\/posts\/27441\/revisions"}],"predecessor-version":[{"id":27443,"href":"https:\/\/www.ladiagonale.net\/index.php\/wp-json\/wp\/v2\/posts\/27441\/revisions\/27443"}],"wp:attachment":[{"href":"https:\/\/www.ladiagonale.net\/index.php\/wp-json\/wp\/v2\/media?parent=27441"}],"wp:term":[{"taxonomy":"category","embeddable":true,"href":"https:\/\/www.ladiagonale.net\/index.php\/wp-json\/wp\/v2\/categories?post=27441"},{"taxonomy":"post_tag","embeddable":true,"href":"https:\/\/www.ladiagonale.net\/index.php\/wp-json\/wp\/v2\/tags?post=27441"}],"curies":[{"name":"wp","href":"https:\/\/api.w.org\/{rel}","templated":true}]}}