{"id":27571,"date":"2024-11-18T18:44:06","date_gmt":"2024-11-18T17:44:06","guid":{"rendered":"https:\/\/www.ladiagonale.net\/?p=27571"},"modified":"2024-11-22T03:15:03","modified_gmt":"2024-11-22T02:15:03","slug":"selon-le-prince-albert-la-vente-du-club-serait-en-sommeil","status":"publish","type":"post","link":"https:\/\/www.ladiagonale.net\/index.php\/2024\/11\/18\/selon-le-prince-albert-la-vente-du-club-serait-en-sommeil\/","title":{"rendered":"Selon le Prince Albert, la vente du club serait \u00ab&nbsp;en sommeil&nbsp;\u00bb"},"content":{"rendered":"\n<p>Les nouvelles sur la vente de l&rsquo;AS Monaco sont rares depuis quelques mois d\u00e9sormais. Si les volont\u00e9s du Pr\u00e9sident Dmitry Rybolovlev sont difficiles \u00e0 conna\u00eetre, lui qui ne s\u2019exprime jamais dans les m\u00e9dias, il semblerait que rien ne soit imminent. Dans un entretien accord\u00e9 \u00e0 <em>Nice-Matin<\/em>, le Prince Albert-II a lui aussi indiqu\u00e9 \u00eatre dans le flou, alors que son aval sera primordial pour acter la cession des actions des parts du pr\u00e9sident de l\u2019ASM : \u00ab&nbsp;<em>Nous sommes toujours dans l\u2019attente de savoir ce que Monsieur Rybolovlev veut faire. Cherche-t-il un nouvel investisseur\u2005? Veut-il vendre\u2005? Pour l\u2019heure, je crois qu\u2019il a mis sa d\u00e9cision en sommeil et se concentre sur la saison en cours.<\/em>&nbsp;\u00bb<\/p>\n\n\n\n<p>Il y a quelques semaines, <em>L\u2019\u00c9quipe<\/em> avait r\u00e9v\u00e9l\u00e9 que <a href=\"https:\/\/www.ladiagonale.net\/index.php\/2024\/10\/31\/mbappe-a-failli-revenir-a-lasm-comme-actionnaire\/\" target=\"_blank\" rel=\"noreferrer noopener\">Kylian Mbapp\u00e9 s\u2019\u00e9tait positionn\u00e9<\/a> pour devenir actionnaire de l\u2019AS Monaco mais un ticket d\u2019entr\u00e9e trop \u00e9lev\u00e9 l\u2019a contraint de se raviser et de se rabattre sur Caen. Le Prince Albert n\u2019a jamais eu vent des d\u00e9marches de l\u2019ancien Mon\u00e9gasque et assure l\u2019avoir appris en lisant la presse : \u00ab\u00a0<em>Je n\u2019ai eu aucun contact avec Kylian Mbapp\u00e9 depuis quelque temps. Peut-\u00eatre a-t-il voulu passer par quelqu\u2019un\u2005? Peut-\u00eatre a-t-il a pris contact avec les dirigeants du club\u2005? Je ne sais pas mais je reste attentif \u00e0 ce qui se passe dans le club auquel je suis tr\u00e8s attach\u00e9, et je tiens le gouvernement inform\u00e9<\/em>.\u00a0\u00bb<\/p>\n\n\n","protected":false},"excerpt":{"rendered":"<p>Les nouvelles sur la vente de l&rsquo;AS Monaco sont rares depuis quelques mois d\u00e9sormais. Si les volont\u00e9s du Pr\u00e9sident Dmitry Rybolovlev sont difficiles \u00e0 conna\u00eetre, lui qui ne s\u2019exprime jamais dans les m\u00e9dias, il semblerait que rien ne soit imminent. Dans un entretien accord\u00e9 \u00e0 Nice-Matin, le Prince Albert-II a lui aussi indiqu\u00e9 \u00eatre dans [&#8230;]\n","protected":false},"author":2,"featured_media":0,"comment_status":"open","ping_status":"open","sticky":false,"template":"","format":"standard","meta":[],"categories":[4,6],"tags":[86,296,305,777,771],"yoast_head":"<!-- This site is optimized with the Yoast SEO plugin v19.8 - https:\/\/yoast.com\/wordpress\/plugins\/seo\/ -->\n<title>Selon le Prince Albert, la vente du club serait \u00ab&nbsp;en sommeil&nbsp;\u00bb - La Diagonale<\/title>\n<meta name=\"robots\" content=\"index, follow, max-snippet:-1, max-image-preview:large, max-video-preview:-1\" \/>\n<link rel=\"canonical\" href=\"https:\/\/www.ladiagonale.net\/index.php\/2024\/11\/18\/selon-le-prince-albert-la-vente-du-club-serait-en-sommeil\/\" \/>\n<meta property=\"og:locale\" content=\"fr_FR\" \/>\n<meta property=\"og:type\" content=\"article\" \/>\n<meta property=\"og:title\" content=\"Selon le Prince Albert, la vente du club serait \u00ab&nbsp;en sommeil&nbsp;\u00bb - La Diagonale\" \/>\n<meta property=\"og:description\" content=\"Les nouvelles sur la vente de l&rsquo;AS Monaco sont rares depuis quelques mois d\u00e9sormais. Si les volont\u00e9s du Pr\u00e9sident Dmitry Rybolovlev sont difficiles \u00e0 conna\u00eetre, lui qui ne s\u2019exprime jamais dans les m\u00e9dias, il semblerait que rien ne soit imminent. Dans un entretien accord\u00e9 \u00e0 Nice-Matin, le Prince Albert-II a lui aussi indiqu\u00e9 \u00eatre dans [...]\" \/>\n<meta property=\"og:url\" content=\"https:\/\/www.ladiagonale.net\/index.php\/2024\/11\/18\/selon-le-prince-albert-la-vente-du-club-serait-en-sommeil\/\" \/>\n<meta property=\"og:site_name\" content=\"La Diagonale\" \/>\n<meta property=\"article:published_time\" content=\"2024-11-18T17:44:06+00:00\" \/>\n<meta property=\"article:modified_time\" content=\"2024-11-22T02:15:03+00:00\" \/>\n<meta property=\"og:image\" content=\"https:\/\/www.ladiagonale.net\/wp-content\/uploads\/2024\/01\/albert.png\" \/>\n\t<meta property=\"og:image:width\" content=\"1160\" \/>\n\t<meta property=\"og:image:height\" content=\"650\" \/>\n\t<meta property=\"og:image:type\" content=\"image\/png\" \/>\n<meta name=\"author\" content=\"Damien Dellerba\" \/>\n<meta name=\"twitter:card\" content=\"summary_large_image\" \/>\n<meta name=\"twitter:image\" content=\"https:\/\/www.ladiagonale.net\/wp-content\/uploads\/2024\/01\/albert.png\" \/>\n<meta name=\"twitter:label1\" content=\"\u00c9crit par\" \/>\n\t<meta name=\"twitter:data1\" content=\"Damien Dellerba\" \/>\n\t<meta name=\"twitter:label2\" content=\"Dur\u00e9e de lecture estim\u00e9e\" \/>\n\t<meta name=\"twitter:data2\" content=\"2 minutes\" \/>\n<script type=\"application\/ld+json\" class=\"yoast-schema-graph\">{\"@context\":\"https:\/\/schema.org\",\"@graph\":[{\"@type\":\"WebPage\",\"@id\":\"https:\/\/www.ladiagonale.net\/index.php\/2024\/11\/18\/selon-le-prince-albert-la-vente-du-club-serait-en-sommeil\/\",\"url\":\"https:\/\/www.ladiagonale.net\/index.php\/2024\/11\/18\/selon-le-prince-albert-la-vente-du-club-serait-en-sommeil\/\",\"name\":\"Selon le Prince Albert, la vente du club serait \u00ab&nbsp;en sommeil&nbsp;\u00bb - La Diagonale\",\"isPartOf\":{\"@id\":\"https:\/\/www.ladiagonale.net\/#website\"},\"datePublished\":\"2024-11-18T17:44:06+00:00\",\"dateModified\":\"2024-11-22T02:15:03+00:00\",\"author\":{\"@id\":\"https:\/\/www.ladiagonale.net\/#\/schema\/person\/79ff1e7b0853ed01b2aa26e64ad300bf\"},\"breadcrumb\":{\"@id\":\"https:\/\/www.ladiagonale.net\/index.php\/2024\/11\/18\/selon-le-prince-albert-la-vente-du-club-serait-en-sommeil\/#breadcrumb\"},\"inLanguage\":\"fr-FR\",\"potentialAction\":[{\"@type\":\"ReadAction\",\"target\":[\"https:\/\/www.ladiagonale.net\/index.php\/2024\/11\/18\/selon-le-prince-albert-la-vente-du-club-serait-en-sommeil\/\"]}]},{\"@type\":\"BreadcrumbList\",\"@id\":\"https:\/\/www.ladiagonale.net\/index.php\/2024\/11\/18\/selon-le-prince-albert-la-vente-du-club-serait-en-sommeil\/#breadcrumb\",\"itemListElement\":[{\"@type\":\"ListItem\",\"position\":1,\"name\":\"Accueil\",\"item\":\"https:\/\/www.ladiagonale.net\/\"},{\"@type\":\"ListItem\",\"position\":2,\"name\":\"Selon le Prince Albert, la vente du club serait \u00ab&nbsp;en sommeil&nbsp;\u00bb\"}]},{\"@type\":\"WebSite\",\"@id\":\"https:\/\/www.ladiagonale.net\/#website\",\"url\":\"https:\/\/www.ladiagonale.net\/\",\"name\":\"La Diagonale\",\"description\":\"Le site des supporters de l&#039;AS Monaco FC\",\"potentialAction\":[{\"@type\":\"SearchAction\",\"target\":{\"@type\":\"EntryPoint\",\"urlTemplate\":\"https:\/\/www.ladiagonale.net\/?s={search_term_string}\"},\"query-input\":\"required name=search_term_string\"}],\"inLanguage\":\"fr-FR\"},{\"@type\":\"Person\",\"@id\":\"https:\/\/www.ladiagonale.net\/#\/schema\/person\/79ff1e7b0853ed01b2aa26e64ad300bf\",\"name\":\"Damien Dellerba\",\"image\":{\"@type\":\"ImageObject\",\"inLanguage\":\"fr-FR\",\"@id\":\"https:\/\/www.ladiagonale.net\/#\/schema\/person\/image\/\",\"url\":\"https:\/\/secure.gravatar.com\/avatar\/c7850e06d3ff63cdbaee88b7fc16e2f0?s=96&d=mm&r=g\",\"contentUrl\":\"https:\/\/secure.gravatar.com\/avatar\/c7850e06d3ff63cdbaee88b7fc16e2f0?s=96&d=mm&r=g\",\"caption\":\"Damien Dellerba\"},\"url\":\"https:\/\/www.ladiagonale.net\/index.php\/author\/damien\/\"}]}<\/script>\n<!-- \/ Yoast SEO plugin. -->","yoast_head_json":{"title":"Selon le Prince Albert, la vente du club serait \u00ab&nbsp;en sommeil&nbsp;\u00bb - La Diagonale","robots":{"index":"index","follow":"follow","max-snippet":"max-snippet:-1","max-image-preview":"max-image-preview:large","max-video-preview":"max-video-preview:-1"},"canonical":"https:\/\/www.ladiagonale.net\/index.php\/2024\/11\/18\/selon-le-prince-albert-la-vente-du-club-serait-en-sommeil\/","og_locale":"fr_FR","og_type":"article","og_title":"Selon le Prince Albert, la vente du club serait \u00ab&nbsp;en sommeil&nbsp;\u00bb - La Diagonale","og_description":"Les nouvelles sur la vente de l&rsquo;AS Monaco sont rares depuis quelques mois d\u00e9sormais. Si les volont\u00e9s du Pr\u00e9sident Dmitry Rybolovlev sont difficiles \u00e0 conna\u00eetre, lui qui ne s\u2019exprime jamais dans les m\u00e9dias, il semblerait que rien ne soit imminent. Dans un entretien accord\u00e9 \u00e0 Nice-Matin, le Prince Albert-II a lui aussi indiqu\u00e9 \u00eatre dans [...]","og_url":"https:\/\/www.ladiagonale.net\/index.php\/2024\/11\/18\/selon-le-prince-albert-la-vente-du-club-serait-en-sommeil\/","og_site_name":"La Diagonale","article_published_time":"2024-11-18T17:44:06+00:00","article_modified_time":"2024-11-22T02:15:03+00:00","og_image":[{"width":1160,"height":650,"url":"https:\/\/www.ladiagonale.net\/wp-content\/uploads\/2024\/01\/albert.png","type":"image\/png"}],"author":"Damien Dellerba","twitter_card":"summary_large_image","twitter_image":"https:\/\/www.ladiagonale.net\/wp-content\/uploads\/2024\/01\/albert.png","twitter_misc":{"\u00c9crit par":"Damien Dellerba","Dur\u00e9e de lecture estim\u00e9e":"2 minutes"},"schema":{"@context":"https:\/\/schema.org","@graph":[{"@type":"WebPage","@id":"https:\/\/www.ladiagonale.net\/index.php\/2024\/11\/18\/selon-le-prince-albert-la-vente-du-club-serait-en-sommeil\/","url":"https:\/\/www.ladiagonale.net\/index.php\/2024\/11\/18\/selon-le-prince-albert-la-vente-du-club-serait-en-sommeil\/","name":"Selon le Prince Albert, la vente du club serait \u00ab&nbsp;en sommeil&nbsp;\u00bb - La Diagonale","isPartOf":{"@id":"https:\/\/www.ladiagonale.net\/#website"},"datePublished":"2024-11-18T17:44:06+00:00","dateModified":"2024-11-22T02:15:03+00:00","author":{"@id":"https:\/\/www.ladiagonale.net\/#\/schema\/person\/79ff1e7b0853ed01b2aa26e64ad300bf"},"breadcrumb":{"@id":"https:\/\/www.ladiagonale.net\/index.php\/2024\/11\/18\/selon-le-prince-albert-la-vente-du-club-serait-en-sommeil\/#breadcrumb"},"inLanguage":"fr-FR","potentialAction":[{"@type":"ReadAction","target":["https:\/\/www.ladiagonale.net\/index.php\/2024\/11\/18\/selon-le-prince-albert-la-vente-du-club-serait-en-sommeil\/"]}]},{"@type":"BreadcrumbList","@id":"https:\/\/www.ladiagonale.net\/index.php\/2024\/11\/18\/selon-le-prince-albert-la-vente-du-club-serait-en-sommeil\/#breadcrumb","itemListElement":[{"@type":"ListItem","position":1,"name":"Accueil","item":"https:\/\/www.ladiagonale.net\/"},{"@type":"ListItem","position":2,"name":"Selon le Prince Albert, la vente du club serait \u00ab&nbsp;en sommeil&nbsp;\u00bb"}]},{"@type":"WebSite","@id":"https:\/\/www.ladiagonale.net\/#website","url":"https:\/\/www.ladiagonale.net\/","name":"La Diagonale","description":"Le site des supporters de l&#039;AS Monaco FC","potentialAction":[{"@type":"SearchAction","target":{"@type":"EntryPoint","urlTemplate":"https:\/\/www.ladiagonale.net\/?s={search_term_string}"},"query-input":"required name=search_term_string"}],"inLanguage":"fr-FR"},{"@type":"Person","@id":"https:\/\/www.ladiagonale.net\/#\/schema\/person\/79ff1e7b0853ed01b2aa26e64ad300bf","name":"Damien Dellerba","image":{"@type":"ImageObject","inLanguage":"fr-FR","@id":"https:\/\/www.ladiagonale.net\/#\/schema\/person\/image\/","url":"https:\/\/secure.gravatar.com\/avatar\/c7850e06d3ff63cdbaee88b7fc16e2f0?s=96&d=mm&r=g","contentUrl":"https:\/\/secure.gravatar.com\/avatar\/c7850e06d3ff63cdbaee88b7fc16e2f0?s=96&d=mm&r=g","caption":"Damien Dellerba"},"url":"https:\/\/www.ladiagonale.net\/index.php\/author\/damien\/"}]}},"_links":{"self":[{"href":"https:\/\/www.ladiagonale.net\/index.php\/wp-json\/wp\/v2\/posts\/27571"}],"collection":[{"href":"https:\/\/www.ladiagonale.net\/index.php\/wp-json\/wp\/v2\/posts"}],"about":[{"href":"https:\/\/www.ladiagonale.net\/index.php\/wp-json\/wp\/v2\/types\/post"}],"author":[{"embeddable":true,"href":"https:\/\/www.ladiagonale.net\/index.php\/wp-json\/wp\/v2\/users\/2"}],"replies":[{"embeddable":true,"href":"https:\/\/www.ladiagonale.net\/index.php\/wp-json\/wp\/v2\/comments?post=27571"}],"version-history":[{"count":2,"href":"https:\/\/www.ladiagonale.net\/index.php\/wp-json\/wp\/v2\/posts\/27571\/revisions"}],"predecessor-version":[{"id":27656,"href":"https:\/\/www.ladiagonale.net\/index.php\/wp-json\/wp\/v2\/posts\/27571\/revisions\/27656"}],"wp:attachment":[{"href":"https:\/\/www.ladiagonale.net\/index.php\/wp-json\/wp\/v2\/media?parent=27571"}],"wp:term":[{"taxonomy":"category","embeddable":true,"href":"https:\/\/www.ladiagonale.net\/index.php\/wp-json\/wp\/v2\/categories?post=27571"},{"taxonomy":"post_tag","embeddable":true,"href":"https:\/\/www.ladiagonale.net\/index.php\/wp-json\/wp\/v2\/tags?post=27571"}],"curies":[{"name":"wp","href":"https:\/\/api.w.org\/{rel}","templated":true}]}}