{"id":27593,"date":"2024-11-19T21:47:10","date_gmt":"2024-11-19T20:47:10","guid":{"rendered":"https:\/\/www.ladiagonale.net\/?p=27593"},"modified":"2024-11-19T21:47:11","modified_gmt":"2024-11-19T20:47:11","slug":"pas-deuro-espoirs-pour-matazo","status":"publish","type":"post","link":"https:\/\/www.ladiagonale.net\/index.php\/2024\/11\/19\/pas-deuro-espoirs-pour-matazo\/","title":{"rendered":"Pas d\u2019Euro Espoirs pour Matazo"},"content":{"rendered":"\n<p>Les U21 belges et Eliot Matazo n\u2019ont pas r\u00e9ussi \u00e0 inverser la situation face \u00e0 la R\u00e9publique tch\u00e8que. Battus \u00e0 domicile (0-2) il y a quelques jours, les Diablotins n\u2019ont pas pu faire mieux que (1-1) lors de la manche retour. Un nul qui ne leur permet donc pas de passer ce barrage et de se qualifier pour le prochain Euro Espoirs qui aura lieu en juin en Slov\u00e9nie.<\/p>\n\n\n\n<p>Matazo a jou\u00e9 toute la rencontre comme milieu relayeur. Il a notamment \u00e9cop\u00e9 d\u2019un carton jaune en premi\u00e8re p\u00e9riode.<\/p>\n\n\n","protected":false},"excerpt":{"rendered":"<p>Les U21 belges et Eliot Matazo n\u2019ont pas r\u00e9ussi \u00e0 inverser la situation face \u00e0 la R\u00e9publique tch\u00e8que. Battus \u00e0 domicile (0-2) il y a quelques jours, les Diablotins n\u2019ont pas pu faire mieux que (1-1) lors de la manche retour. Un nul qui ne leur permet donc pas de passer ce barrage et de [&#8230;]\n","protected":false},"author":2,"featured_media":0,"comment_status":"open","ping_status":"open","sticky":false,"template":"","format":"standard","meta":[],"categories":[6],"tags":[86,150,145,116],"yoast_head":"<!-- This site is optimized with the Yoast SEO plugin v19.8 - https:\/\/yoast.com\/wordpress\/plugins\/seo\/ -->\n<title>Pas d\u2019Euro Espoirs pour Matazo - La Diagonale<\/title>\n<meta name=\"robots\" content=\"index, follow, max-snippet:-1, max-image-preview:large, max-video-preview:-1\" \/>\n<link rel=\"canonical\" href=\"https:\/\/www.ladiagonale.net\/index.php\/2024\/11\/19\/pas-deuro-espoirs-pour-matazo\/\" \/>\n<meta property=\"og:locale\" content=\"fr_FR\" \/>\n<meta property=\"og:type\" content=\"article\" \/>\n<meta property=\"og:title\" content=\"Pas d\u2019Euro Espoirs pour Matazo - La Diagonale\" \/>\n<meta property=\"og:description\" content=\"Les U21 belges et Eliot Matazo n\u2019ont pas r\u00e9ussi \u00e0 inverser la situation face \u00e0 la R\u00e9publique tch\u00e8que. Battus \u00e0 domicile (0-2) il y a quelques jours, les Diablotins n\u2019ont pas pu faire mieux que (1-1) lors de la manche retour. Un nul qui ne leur permet donc pas de passer ce barrage et de [...]\" \/>\n<meta property=\"og:url\" content=\"https:\/\/www.ladiagonale.net\/index.php\/2024\/11\/19\/pas-deuro-espoirs-pour-matazo\/\" \/>\n<meta property=\"og:site_name\" content=\"La Diagonale\" \/>\n<meta property=\"article:published_time\" content=\"2024-11-19T20:47:10+00:00\" \/>\n<meta property=\"article:modified_time\" content=\"2024-11-19T20:47:11+00:00\" \/>\n<meta property=\"og:image\" content=\"https:\/\/www.ladiagonale.net\/wp-content\/uploads\/2023\/03\/matazo-belgique.png\" \/>\n\t<meta property=\"og:image:width\" content=\"1160\" \/>\n\t<meta property=\"og:image:height\" content=\"650\" \/>\n\t<meta property=\"og:image:type\" content=\"image\/png\" \/>\n<meta name=\"author\" content=\"Damien Dellerba\" \/>\n<meta name=\"twitter:card\" content=\"summary_large_image\" \/>\n<meta name=\"twitter:image\" content=\"https:\/\/www.ladiagonale.net\/wp-content\/uploads\/2023\/03\/matazo-belgique.png\" \/>\n<meta name=\"twitter:label1\" content=\"\u00c9crit par\" \/>\n\t<meta name=\"twitter:data1\" content=\"Damien Dellerba\" \/>\n\t<meta name=\"twitter:label2\" content=\"Dur\u00e9e de lecture estim\u00e9e\" \/>\n\t<meta name=\"twitter:data2\" content=\"1 minute\" \/>\n<script type=\"application\/ld+json\" class=\"yoast-schema-graph\">{\"@context\":\"https:\/\/schema.org\",\"@graph\":[{\"@type\":\"WebPage\",\"@id\":\"https:\/\/www.ladiagonale.net\/index.php\/2024\/11\/19\/pas-deuro-espoirs-pour-matazo\/\",\"url\":\"https:\/\/www.ladiagonale.net\/index.php\/2024\/11\/19\/pas-deuro-espoirs-pour-matazo\/\",\"name\":\"Pas d\u2019Euro Espoirs pour Matazo - La Diagonale\",\"isPartOf\":{\"@id\":\"https:\/\/www.ladiagonale.net\/#website\"},\"datePublished\":\"2024-11-19T20:47:10+00:00\",\"dateModified\":\"2024-11-19T20:47:11+00:00\",\"author\":{\"@id\":\"https:\/\/www.ladiagonale.net\/#\/schema\/person\/79ff1e7b0853ed01b2aa26e64ad300bf\"},\"breadcrumb\":{\"@id\":\"https:\/\/www.ladiagonale.net\/index.php\/2024\/11\/19\/pas-deuro-espoirs-pour-matazo\/#breadcrumb\"},\"inLanguage\":\"fr-FR\",\"potentialAction\":[{\"@type\":\"ReadAction\",\"target\":[\"https:\/\/www.ladiagonale.net\/index.php\/2024\/11\/19\/pas-deuro-espoirs-pour-matazo\/\"]}]},{\"@type\":\"BreadcrumbList\",\"@id\":\"https:\/\/www.ladiagonale.net\/index.php\/2024\/11\/19\/pas-deuro-espoirs-pour-matazo\/#breadcrumb\",\"itemListElement\":[{\"@type\":\"ListItem\",\"position\":1,\"name\":\"Accueil\",\"item\":\"https:\/\/www.ladiagonale.net\/\"},{\"@type\":\"ListItem\",\"position\":2,\"name\":\"Pas d\u2019Euro Espoirs pour Matazo\"}]},{\"@type\":\"WebSite\",\"@id\":\"https:\/\/www.ladiagonale.net\/#website\",\"url\":\"https:\/\/www.ladiagonale.net\/\",\"name\":\"La Diagonale\",\"description\":\"Le site des supporters de l&#039;AS Monaco FC\",\"potentialAction\":[{\"@type\":\"SearchAction\",\"target\":{\"@type\":\"EntryPoint\",\"urlTemplate\":\"https:\/\/www.ladiagonale.net\/?s={search_term_string}\"},\"query-input\":\"required name=search_term_string\"}],\"inLanguage\":\"fr-FR\"},{\"@type\":\"Person\",\"@id\":\"https:\/\/www.ladiagonale.net\/#\/schema\/person\/79ff1e7b0853ed01b2aa26e64ad300bf\",\"name\":\"Damien Dellerba\",\"image\":{\"@type\":\"ImageObject\",\"inLanguage\":\"fr-FR\",\"@id\":\"https:\/\/www.ladiagonale.net\/#\/schema\/person\/image\/\",\"url\":\"https:\/\/secure.gravatar.com\/avatar\/c7850e06d3ff63cdbaee88b7fc16e2f0?s=96&d=mm&r=g\",\"contentUrl\":\"https:\/\/secure.gravatar.com\/avatar\/c7850e06d3ff63cdbaee88b7fc16e2f0?s=96&d=mm&r=g\",\"caption\":\"Damien Dellerba\"},\"url\":\"https:\/\/www.ladiagonale.net\/index.php\/author\/damien\/\"}]}<\/script>\n<!-- \/ Yoast SEO plugin. -->","yoast_head_json":{"title":"Pas d\u2019Euro Espoirs pour Matazo - La Diagonale","robots":{"index":"index","follow":"follow","max-snippet":"max-snippet:-1","max-image-preview":"max-image-preview:large","max-video-preview":"max-video-preview:-1"},"canonical":"https:\/\/www.ladiagonale.net\/index.php\/2024\/11\/19\/pas-deuro-espoirs-pour-matazo\/","og_locale":"fr_FR","og_type":"article","og_title":"Pas d\u2019Euro Espoirs pour Matazo - La Diagonale","og_description":"Les U21 belges et Eliot Matazo n\u2019ont pas r\u00e9ussi \u00e0 inverser la situation face \u00e0 la R\u00e9publique tch\u00e8que. Battus \u00e0 domicile (0-2) il y a quelques jours, les Diablotins n\u2019ont pas pu faire mieux que (1-1) lors de la manche retour. Un nul qui ne leur permet donc pas de passer ce barrage et de [...]","og_url":"https:\/\/www.ladiagonale.net\/index.php\/2024\/11\/19\/pas-deuro-espoirs-pour-matazo\/","og_site_name":"La Diagonale","article_published_time":"2024-11-19T20:47:10+00:00","article_modified_time":"2024-11-19T20:47:11+00:00","og_image":[{"width":1160,"height":650,"url":"https:\/\/www.ladiagonale.net\/wp-content\/uploads\/2023\/03\/matazo-belgique.png","type":"image\/png"}],"author":"Damien Dellerba","twitter_card":"summary_large_image","twitter_image":"https:\/\/www.ladiagonale.net\/wp-content\/uploads\/2023\/03\/matazo-belgique.png","twitter_misc":{"\u00c9crit par":"Damien Dellerba","Dur\u00e9e de lecture estim\u00e9e":"1 minute"},"schema":{"@context":"https:\/\/schema.org","@graph":[{"@type":"WebPage","@id":"https:\/\/www.ladiagonale.net\/index.php\/2024\/11\/19\/pas-deuro-espoirs-pour-matazo\/","url":"https:\/\/www.ladiagonale.net\/index.php\/2024\/11\/19\/pas-deuro-espoirs-pour-matazo\/","name":"Pas d\u2019Euro Espoirs pour Matazo - La Diagonale","isPartOf":{"@id":"https:\/\/www.ladiagonale.net\/#website"},"datePublished":"2024-11-19T20:47:10+00:00","dateModified":"2024-11-19T20:47:11+00:00","author":{"@id":"https:\/\/www.ladiagonale.net\/#\/schema\/person\/79ff1e7b0853ed01b2aa26e64ad300bf"},"breadcrumb":{"@id":"https:\/\/www.ladiagonale.net\/index.php\/2024\/11\/19\/pas-deuro-espoirs-pour-matazo\/#breadcrumb"},"inLanguage":"fr-FR","potentialAction":[{"@type":"ReadAction","target":["https:\/\/www.ladiagonale.net\/index.php\/2024\/11\/19\/pas-deuro-espoirs-pour-matazo\/"]}]},{"@type":"BreadcrumbList","@id":"https:\/\/www.ladiagonale.net\/index.php\/2024\/11\/19\/pas-deuro-espoirs-pour-matazo\/#breadcrumb","itemListElement":[{"@type":"ListItem","position":1,"name":"Accueil","item":"https:\/\/www.ladiagonale.net\/"},{"@type":"ListItem","position":2,"name":"Pas d\u2019Euro Espoirs pour Matazo"}]},{"@type":"WebSite","@id":"https:\/\/www.ladiagonale.net\/#website","url":"https:\/\/www.ladiagonale.net\/","name":"La Diagonale","description":"Le site des supporters de l&#039;AS Monaco FC","potentialAction":[{"@type":"SearchAction","target":{"@type":"EntryPoint","urlTemplate":"https:\/\/www.ladiagonale.net\/?s={search_term_string}"},"query-input":"required name=search_term_string"}],"inLanguage":"fr-FR"},{"@type":"Person","@id":"https:\/\/www.ladiagonale.net\/#\/schema\/person\/79ff1e7b0853ed01b2aa26e64ad300bf","name":"Damien Dellerba","image":{"@type":"ImageObject","inLanguage":"fr-FR","@id":"https:\/\/www.ladiagonale.net\/#\/schema\/person\/image\/","url":"https:\/\/secure.gravatar.com\/avatar\/c7850e06d3ff63cdbaee88b7fc16e2f0?s=96&d=mm&r=g","contentUrl":"https:\/\/secure.gravatar.com\/avatar\/c7850e06d3ff63cdbaee88b7fc16e2f0?s=96&d=mm&r=g","caption":"Damien Dellerba"},"url":"https:\/\/www.ladiagonale.net\/index.php\/author\/damien\/"}]}},"_links":{"self":[{"href":"https:\/\/www.ladiagonale.net\/index.php\/wp-json\/wp\/v2\/posts\/27593"}],"collection":[{"href":"https:\/\/www.ladiagonale.net\/index.php\/wp-json\/wp\/v2\/posts"}],"about":[{"href":"https:\/\/www.ladiagonale.net\/index.php\/wp-json\/wp\/v2\/types\/post"}],"author":[{"embeddable":true,"href":"https:\/\/www.ladiagonale.net\/index.php\/wp-json\/wp\/v2\/users\/2"}],"replies":[{"embeddable":true,"href":"https:\/\/www.ladiagonale.net\/index.php\/wp-json\/wp\/v2\/comments?post=27593"}],"version-history":[{"count":1,"href":"https:\/\/www.ladiagonale.net\/index.php\/wp-json\/wp\/v2\/posts\/27593\/revisions"}],"predecessor-version":[{"id":27594,"href":"https:\/\/www.ladiagonale.net\/index.php\/wp-json\/wp\/v2\/posts\/27593\/revisions\/27594"}],"wp:attachment":[{"href":"https:\/\/www.ladiagonale.net\/index.php\/wp-json\/wp\/v2\/media?parent=27593"}],"wp:term":[{"taxonomy":"category","embeddable":true,"href":"https:\/\/www.ladiagonale.net\/index.php\/wp-json\/wp\/v2\/categories?post=27593"},{"taxonomy":"post_tag","embeddable":true,"href":"https:\/\/www.ladiagonale.net\/index.php\/wp-json\/wp\/v2\/tags?post=27593"}],"curies":[{"name":"wp","href":"https:\/\/api.w.org\/{rel}","templated":true}]}}