{"id":27595,"date":"2024-11-19T22:59:04","date_gmt":"2024-11-19T21:59:04","guid":{"rendered":"https:\/\/www.ladiagonale.net\/?p=27595"},"modified":"2024-11-19T22:59:05","modified_gmt":"2024-11-19T21:59:05","slug":"mawissa-a-rejoue-avec-les-espoirs","status":"publish","type":"post","link":"https:\/\/www.ladiagonale.net\/index.php\/2024\/11\/19\/mawissa-a-rejoue-avec-les-espoirs\/","title":{"rendered":"Mawissa a rejou\u00e9 avec les Espoirs"},"content":{"rendered":"\n<p>Touch\u00e9 \u00e0 la cheville gauche lors de la rencontre amicale de l\u2019\u00e9quipe de France Espoirs face \u00e0 l\u2019Italie, Christian Mawissa a finalement pu jouer le match suivant, contre l\u2019Allemagne (2-2). Le d\u00e9fenseur mon\u00e9gasque a remplac\u00e9 son co\u00e9quipier en club Kassoum Ouattara apr\u00e8s l\u2019heure de jeu. Il s\u2019agit donc d\u2019une nouvelle rassurante pour l\u2019AS Monaco. Soungoutou Magassa a quant \u00e0 lui remplac\u00e9 Chrislain Matsima \u00e0 la 79<sup>e<\/sup> minute.<\/p>\n\n\n\n<p>L\u2019\u00e9quipe de France U19 ira quant \u00e0 elle au Tour \u00c9lite, derni\u00e8re \u00e9tape pour se qualifier pour l\u2019Euro. Les tricolores ont obtenu un match nul contre l\u2019\u00c9cosse (0-0), suffisant pour terminer premiers de leur groupe de ce premier tour de qualification. Aladji Bamba et Joan Tincres \u00e9taient titulaires. Pape Cabral est entr\u00e9 dans les derni\u00e8res minutes tandis que Bradel Kiwa est rest\u00e9 sur le banc.<\/p>\n\n\n","protected":false},"excerpt":{"rendered":"<p>Touch\u00e9 \u00e0 la cheville gauche lors de la rencontre amicale de l\u2019\u00e9quipe de France Espoirs face \u00e0 l\u2019Italie, Christian Mawissa a finalement pu jouer le match suivant, contre l\u2019Allemagne (2-2). Le d\u00e9fenseur mon\u00e9gasque a remplac\u00e9 son co\u00e9quipier en club Kassoum Ouattara apr\u00e8s l\u2019heure de jeu. Il s\u2019agit donc d\u2019une nouvelle rassurante pour l\u2019AS Monaco. Soungoutou [&#8230;]\n","protected":false},"author":2,"featured_media":0,"comment_status":"open","ping_status":"open","sticky":false,"template":"","format":"standard","meta":[],"categories":[6],"tags":[86,826,116],"yoast_head":"<!-- This site is optimized with the Yoast SEO plugin v19.8 - https:\/\/yoast.com\/wordpress\/plugins\/seo\/ -->\n<title>Mawissa a rejou\u00e9 avec les Espoirs - La Diagonale<\/title>\n<meta name=\"robots\" content=\"index, follow, max-snippet:-1, max-image-preview:large, max-video-preview:-1\" \/>\n<link rel=\"canonical\" href=\"https:\/\/www.ladiagonale.net\/index.php\/2024\/11\/19\/mawissa-a-rejoue-avec-les-espoirs\/\" \/>\n<meta property=\"og:locale\" content=\"fr_FR\" \/>\n<meta property=\"og:type\" content=\"article\" \/>\n<meta property=\"og:title\" content=\"Mawissa a rejou\u00e9 avec les Espoirs - La Diagonale\" \/>\n<meta property=\"og:description\" content=\"Touch\u00e9 \u00e0 la cheville gauche lors de la rencontre amicale de l\u2019\u00e9quipe de France Espoirs face \u00e0 l\u2019Italie, Christian Mawissa a finalement pu jouer le match suivant, contre l\u2019Allemagne (2-2). Le d\u00e9fenseur mon\u00e9gasque a remplac\u00e9 son co\u00e9quipier en club Kassoum Ouattara apr\u00e8s l\u2019heure de jeu. Il s\u2019agit donc d\u2019une nouvelle rassurante pour l\u2019AS Monaco. Soungoutou [...]\" \/>\n<meta property=\"og:url\" content=\"https:\/\/www.ladiagonale.net\/index.php\/2024\/11\/19\/mawissa-a-rejoue-avec-les-espoirs\/\" \/>\n<meta property=\"og:site_name\" content=\"La Diagonale\" \/>\n<meta property=\"article:published_time\" content=\"2024-11-19T21:59:04+00:00\" \/>\n<meta property=\"article:modified_time\" content=\"2024-11-19T21:59:05+00:00\" \/>\n<meta property=\"og:image\" content=\"https:\/\/www.ladiagonale.net\/wp-content\/uploads\/2024\/11\/mawissa-bleu.png\" \/>\n\t<meta property=\"og:image:width\" content=\"1160\" \/>\n\t<meta property=\"og:image:height\" content=\"650\" \/>\n\t<meta property=\"og:image:type\" content=\"image\/png\" \/>\n<meta name=\"author\" content=\"Damien Dellerba\" \/>\n<meta name=\"twitter:card\" content=\"summary_large_image\" \/>\n<meta name=\"twitter:image\" content=\"https:\/\/www.ladiagonale.net\/wp-content\/uploads\/2024\/11\/mawissa-bleu.png\" \/>\n<meta name=\"twitter:label1\" content=\"\u00c9crit par\" \/>\n\t<meta name=\"twitter:data1\" content=\"Damien Dellerba\" \/>\n\t<meta name=\"twitter:label2\" content=\"Dur\u00e9e de lecture estim\u00e9e\" \/>\n\t<meta name=\"twitter:data2\" content=\"1 minute\" \/>\n<script type=\"application\/ld+json\" class=\"yoast-schema-graph\">{\"@context\":\"https:\/\/schema.org\",\"@graph\":[{\"@type\":\"WebPage\",\"@id\":\"https:\/\/www.ladiagonale.net\/index.php\/2024\/11\/19\/mawissa-a-rejoue-avec-les-espoirs\/\",\"url\":\"https:\/\/www.ladiagonale.net\/index.php\/2024\/11\/19\/mawissa-a-rejoue-avec-les-espoirs\/\",\"name\":\"Mawissa a rejou\u00e9 avec les Espoirs - La Diagonale\",\"isPartOf\":{\"@id\":\"https:\/\/www.ladiagonale.net\/#website\"},\"datePublished\":\"2024-11-19T21:59:04+00:00\",\"dateModified\":\"2024-11-19T21:59:05+00:00\",\"author\":{\"@id\":\"https:\/\/www.ladiagonale.net\/#\/schema\/person\/79ff1e7b0853ed01b2aa26e64ad300bf\"},\"breadcrumb\":{\"@id\":\"https:\/\/www.ladiagonale.net\/index.php\/2024\/11\/19\/mawissa-a-rejoue-avec-les-espoirs\/#breadcrumb\"},\"inLanguage\":\"fr-FR\",\"potentialAction\":[{\"@type\":\"ReadAction\",\"target\":[\"https:\/\/www.ladiagonale.net\/index.php\/2024\/11\/19\/mawissa-a-rejoue-avec-les-espoirs\/\"]}]},{\"@type\":\"BreadcrumbList\",\"@id\":\"https:\/\/www.ladiagonale.net\/index.php\/2024\/11\/19\/mawissa-a-rejoue-avec-les-espoirs\/#breadcrumb\",\"itemListElement\":[{\"@type\":\"ListItem\",\"position\":1,\"name\":\"Accueil\",\"item\":\"https:\/\/www.ladiagonale.net\/\"},{\"@type\":\"ListItem\",\"position\":2,\"name\":\"Mawissa a rejou\u00e9 avec les Espoirs\"}]},{\"@type\":\"WebSite\",\"@id\":\"https:\/\/www.ladiagonale.net\/#website\",\"url\":\"https:\/\/www.ladiagonale.net\/\",\"name\":\"La Diagonale\",\"description\":\"Le site des supporters de l&#039;AS Monaco FC\",\"potentialAction\":[{\"@type\":\"SearchAction\",\"target\":{\"@type\":\"EntryPoint\",\"urlTemplate\":\"https:\/\/www.ladiagonale.net\/?s={search_term_string}\"},\"query-input\":\"required name=search_term_string\"}],\"inLanguage\":\"fr-FR\"},{\"@type\":\"Person\",\"@id\":\"https:\/\/www.ladiagonale.net\/#\/schema\/person\/79ff1e7b0853ed01b2aa26e64ad300bf\",\"name\":\"Damien Dellerba\",\"image\":{\"@type\":\"ImageObject\",\"inLanguage\":\"fr-FR\",\"@id\":\"https:\/\/www.ladiagonale.net\/#\/schema\/person\/image\/\",\"url\":\"https:\/\/secure.gravatar.com\/avatar\/c7850e06d3ff63cdbaee88b7fc16e2f0?s=96&d=mm&r=g\",\"contentUrl\":\"https:\/\/secure.gravatar.com\/avatar\/c7850e06d3ff63cdbaee88b7fc16e2f0?s=96&d=mm&r=g\",\"caption\":\"Damien Dellerba\"},\"url\":\"https:\/\/www.ladiagonale.net\/index.php\/author\/damien\/\"}]}<\/script>\n<!-- \/ Yoast SEO plugin. -->","yoast_head_json":{"title":"Mawissa a rejou\u00e9 avec les Espoirs - La Diagonale","robots":{"index":"index","follow":"follow","max-snippet":"max-snippet:-1","max-image-preview":"max-image-preview:large","max-video-preview":"max-video-preview:-1"},"canonical":"https:\/\/www.ladiagonale.net\/index.php\/2024\/11\/19\/mawissa-a-rejoue-avec-les-espoirs\/","og_locale":"fr_FR","og_type":"article","og_title":"Mawissa a rejou\u00e9 avec les Espoirs - La Diagonale","og_description":"Touch\u00e9 \u00e0 la cheville gauche lors de la rencontre amicale de l\u2019\u00e9quipe de France Espoirs face \u00e0 l\u2019Italie, Christian Mawissa a finalement pu jouer le match suivant, contre l\u2019Allemagne (2-2). Le d\u00e9fenseur mon\u00e9gasque a remplac\u00e9 son co\u00e9quipier en club Kassoum Ouattara apr\u00e8s l\u2019heure de jeu. Il s\u2019agit donc d\u2019une nouvelle rassurante pour l\u2019AS Monaco. Soungoutou [...]","og_url":"https:\/\/www.ladiagonale.net\/index.php\/2024\/11\/19\/mawissa-a-rejoue-avec-les-espoirs\/","og_site_name":"La Diagonale","article_published_time":"2024-11-19T21:59:04+00:00","article_modified_time":"2024-11-19T21:59:05+00:00","og_image":[{"width":1160,"height":650,"url":"https:\/\/www.ladiagonale.net\/wp-content\/uploads\/2024\/11\/mawissa-bleu.png","type":"image\/png"}],"author":"Damien Dellerba","twitter_card":"summary_large_image","twitter_image":"https:\/\/www.ladiagonale.net\/wp-content\/uploads\/2024\/11\/mawissa-bleu.png","twitter_misc":{"\u00c9crit par":"Damien Dellerba","Dur\u00e9e de lecture estim\u00e9e":"1 minute"},"schema":{"@context":"https:\/\/schema.org","@graph":[{"@type":"WebPage","@id":"https:\/\/www.ladiagonale.net\/index.php\/2024\/11\/19\/mawissa-a-rejoue-avec-les-espoirs\/","url":"https:\/\/www.ladiagonale.net\/index.php\/2024\/11\/19\/mawissa-a-rejoue-avec-les-espoirs\/","name":"Mawissa a rejou\u00e9 avec les Espoirs - La Diagonale","isPartOf":{"@id":"https:\/\/www.ladiagonale.net\/#website"},"datePublished":"2024-11-19T21:59:04+00:00","dateModified":"2024-11-19T21:59:05+00:00","author":{"@id":"https:\/\/www.ladiagonale.net\/#\/schema\/person\/79ff1e7b0853ed01b2aa26e64ad300bf"},"breadcrumb":{"@id":"https:\/\/www.ladiagonale.net\/index.php\/2024\/11\/19\/mawissa-a-rejoue-avec-les-espoirs\/#breadcrumb"},"inLanguage":"fr-FR","potentialAction":[{"@type":"ReadAction","target":["https:\/\/www.ladiagonale.net\/index.php\/2024\/11\/19\/mawissa-a-rejoue-avec-les-espoirs\/"]}]},{"@type":"BreadcrumbList","@id":"https:\/\/www.ladiagonale.net\/index.php\/2024\/11\/19\/mawissa-a-rejoue-avec-les-espoirs\/#breadcrumb","itemListElement":[{"@type":"ListItem","position":1,"name":"Accueil","item":"https:\/\/www.ladiagonale.net\/"},{"@type":"ListItem","position":2,"name":"Mawissa a rejou\u00e9 avec les Espoirs"}]},{"@type":"WebSite","@id":"https:\/\/www.ladiagonale.net\/#website","url":"https:\/\/www.ladiagonale.net\/","name":"La Diagonale","description":"Le site des supporters de l&#039;AS Monaco FC","potentialAction":[{"@type":"SearchAction","target":{"@type":"EntryPoint","urlTemplate":"https:\/\/www.ladiagonale.net\/?s={search_term_string}"},"query-input":"required name=search_term_string"}],"inLanguage":"fr-FR"},{"@type":"Person","@id":"https:\/\/www.ladiagonale.net\/#\/schema\/person\/79ff1e7b0853ed01b2aa26e64ad300bf","name":"Damien Dellerba","image":{"@type":"ImageObject","inLanguage":"fr-FR","@id":"https:\/\/www.ladiagonale.net\/#\/schema\/person\/image\/","url":"https:\/\/secure.gravatar.com\/avatar\/c7850e06d3ff63cdbaee88b7fc16e2f0?s=96&d=mm&r=g","contentUrl":"https:\/\/secure.gravatar.com\/avatar\/c7850e06d3ff63cdbaee88b7fc16e2f0?s=96&d=mm&r=g","caption":"Damien Dellerba"},"url":"https:\/\/www.ladiagonale.net\/index.php\/author\/damien\/"}]}},"_links":{"self":[{"href":"https:\/\/www.ladiagonale.net\/index.php\/wp-json\/wp\/v2\/posts\/27595"}],"collection":[{"href":"https:\/\/www.ladiagonale.net\/index.php\/wp-json\/wp\/v2\/posts"}],"about":[{"href":"https:\/\/www.ladiagonale.net\/index.php\/wp-json\/wp\/v2\/types\/post"}],"author":[{"embeddable":true,"href":"https:\/\/www.ladiagonale.net\/index.php\/wp-json\/wp\/v2\/users\/2"}],"replies":[{"embeddable":true,"href":"https:\/\/www.ladiagonale.net\/index.php\/wp-json\/wp\/v2\/comments?post=27595"}],"version-history":[{"count":1,"href":"https:\/\/www.ladiagonale.net\/index.php\/wp-json\/wp\/v2\/posts\/27595\/revisions"}],"predecessor-version":[{"id":27596,"href":"https:\/\/www.ladiagonale.net\/index.php\/wp-json\/wp\/v2\/posts\/27595\/revisions\/27596"}],"wp:attachment":[{"href":"https:\/\/www.ladiagonale.net\/index.php\/wp-json\/wp\/v2\/media?parent=27595"}],"wp:term":[{"taxonomy":"category","embeddable":true,"href":"https:\/\/www.ladiagonale.net\/index.php\/wp-json\/wp\/v2\/categories?post=27595"},{"taxonomy":"post_tag","embeddable":true,"href":"https:\/\/www.ladiagonale.net\/index.php\/wp-json\/wp\/v2\/tags?post=27595"}],"curies":[{"name":"wp","href":"https:\/\/api.w.org\/{rel}","templated":true}]}}