{"id":27650,"date":"2024-11-21T19:58:11","date_gmt":"2024-11-21T18:58:11","guid":{"rendered":"https:\/\/www.ladiagonale.net\/?p=27650"},"modified":"2024-11-25T16:04:00","modified_gmt":"2024-11-25T15:04:00","slug":"le-groupe-monegasque-bamba-et-kiwa-appeles","status":"publish","type":"post","link":"https:\/\/www.ladiagonale.net\/index.php\/2024\/11\/21\/le-groupe-monegasque-bamba-et-kiwa-appeles\/","title":{"rendered":"Le groupe mon\u00e9gasque : Bamba et Kiwa appel\u00e9s"},"content":{"rendered":"\n<p>Il y a quelques nouveaut\u00e9s dans le groupe mon\u00e9gasque. 22 joueurs ont \u00e9t\u00e9 appel\u00e9s par Adi H\u00fctter et Aladji Bamba et Bradel Kiwa sont convoqu\u00e9s pour la premi\u00e8re fois avec l&rsquo;\u00e9quipe premi\u00e8re. Le premier, milieu de terrain, a \u00e9t\u00e9 buteur avec l&rsquo;\u00e9quipe de France U19 pendant la tr\u00eave, tandis que le second, d\u00e9fenseur central, a \u00e9t\u00e9 convoqu\u00e9 avec les tricolores pour la premi\u00e8re fois de sa jeune carri\u00e8re.<\/p>\n\n\n\n<p>Comme annonc\u00e9 en conf\u00e9rence de presse, Aleksandr Golovin est apte et fait son retour, lui qui avait manqu\u00e9 le d\u00e9placement \u00e0 Strasbourg. Pressenti pour \u00eatre laiss\u00e9 au repos, Maghnes Akliouche est finalement bien pr\u00e9sent.<\/p>\n\n\n\n<p>Kr\u00e9pin Diatta ne fait pas partie du groupe. Vu par le staff m\u00e9dical \u00e0 son retour de s\u00e9lection, le S\u00e9n\u00e9galais pr\u00e9sente une l\u00e9sion musculaire \u00e0 un adducteur.<\/p>\n\n\n\n<h3>Le groupe mon\u00e9gasque<\/h3>\n\n\n\n<ul><li><strong>Gardiens :<\/strong> K\u00f6hn, Lienard, Majecki.<\/li><li><strong>D\u00e9fenseurs :<\/strong> C. Henrique, Kehrer, Kiwa, Mawissa, Ouattara, Salisu, Singo, Teze, Vanderson.<\/li><li><strong>Milieux :<\/strong> Akliouche, Bamba, Ben Seghir, Golovin, Magassa, Matazo, Minamino, Zakaria.<\/li><li><strong>Attaquants :<\/strong> Embolo, Ilenikhena.<\/li><\/ul>\n\n\n\n<p><strong>Absents :<\/strong> Camara (suspendu), Diatta (bless\u00e9), Balogun, Diop (reprise), Coulibaly (bless\u00e9), Bouabr\u00e9, Michal (choix).<\/p>\n\n\n","protected":false},"excerpt":{"rendered":"<p>Il y a quelques nouveaut\u00e9s dans le groupe mon\u00e9gasque. 22 joueurs ont \u00e9t\u00e9 appel\u00e9s par Adi H\u00fctter et Aladji Bamba et Bradel Kiwa sont convoqu\u00e9s pour la premi\u00e8re fois avec l&rsquo;\u00e9quipe premi\u00e8re. Le premier, milieu de terrain, a \u00e9t\u00e9 buteur avec l&rsquo;\u00e9quipe de France U19 pendant la tr\u00eave, tandis que le second, d\u00e9fenseur central, a [&#8230;]\n","protected":false},"author":2,"featured_media":0,"comment_status":"open","ping_status":"open","sticky":false,"template":"","format":"standard","meta":[],"categories":[4,6],"tags":[86,225,94,348],"yoast_head":"<!-- This site is optimized with the Yoast SEO plugin v19.8 - https:\/\/yoast.com\/wordpress\/plugins\/seo\/ -->\n<title>Le groupe mon\u00e9gasque : Bamba et Kiwa appel\u00e9s - La Diagonale<\/title>\n<meta name=\"robots\" content=\"index, follow, max-snippet:-1, max-image-preview:large, max-video-preview:-1\" \/>\n<link rel=\"canonical\" href=\"https:\/\/www.ladiagonale.net\/index.php\/2024\/11\/21\/le-groupe-monegasque-bamba-et-kiwa-appeles\/\" \/>\n<meta property=\"og:locale\" content=\"fr_FR\" \/>\n<meta property=\"og:type\" content=\"article\" \/>\n<meta property=\"og:title\" content=\"Le groupe mon\u00e9gasque : Bamba et Kiwa appel\u00e9s - La Diagonale\" \/>\n<meta property=\"og:description\" content=\"Il y a quelques nouveaut\u00e9s dans le groupe mon\u00e9gasque. 22 joueurs ont \u00e9t\u00e9 appel\u00e9s par Adi H\u00fctter et Aladji Bamba et Bradel Kiwa sont convoqu\u00e9s pour la premi\u00e8re fois avec l&rsquo;\u00e9quipe premi\u00e8re. Le premier, milieu de terrain, a \u00e9t\u00e9 buteur avec l&rsquo;\u00e9quipe de France U19 pendant la tr\u00eave, tandis que le second, d\u00e9fenseur central, a [...]\" \/>\n<meta property=\"og:url\" content=\"https:\/\/www.ladiagonale.net\/index.php\/2024\/11\/21\/le-groupe-monegasque-bamba-et-kiwa-appeles\/\" \/>\n<meta property=\"og:site_name\" content=\"La Diagonale\" \/>\n<meta property=\"article:published_time\" content=\"2024-11-21T18:58:11+00:00\" \/>\n<meta property=\"article:modified_time\" content=\"2024-11-25T15:04:00+00:00\" \/>\n<meta property=\"og:image\" content=\"https:\/\/www.ladiagonale.net\/wp-content\/uploads\/2024\/11\/bamba.png\" \/>\n\t<meta property=\"og:image:width\" content=\"1160\" \/>\n\t<meta property=\"og:image:height\" content=\"650\" \/>\n\t<meta property=\"og:image:type\" content=\"image\/png\" \/>\n<meta name=\"author\" content=\"Damien Dellerba\" \/>\n<meta name=\"twitter:card\" content=\"summary_large_image\" \/>\n<meta name=\"twitter:image\" content=\"https:\/\/www.ladiagonale.net\/wp-content\/uploads\/2024\/11\/bamba.png\" \/>\n<meta name=\"twitter:label1\" content=\"\u00c9crit par\" \/>\n\t<meta name=\"twitter:data1\" content=\"Damien Dellerba\" \/>\n\t<meta name=\"twitter:label2\" content=\"Dur\u00e9e de lecture estim\u00e9e\" \/>\n\t<meta name=\"twitter:data2\" content=\"1 minute\" \/>\n<script type=\"application\/ld+json\" class=\"yoast-schema-graph\">{\"@context\":\"https:\/\/schema.org\",\"@graph\":[{\"@type\":\"WebPage\",\"@id\":\"https:\/\/www.ladiagonale.net\/index.php\/2024\/11\/21\/le-groupe-monegasque-bamba-et-kiwa-appeles\/\",\"url\":\"https:\/\/www.ladiagonale.net\/index.php\/2024\/11\/21\/le-groupe-monegasque-bamba-et-kiwa-appeles\/\",\"name\":\"Le groupe mon\u00e9gasque : Bamba et Kiwa appel\u00e9s - La Diagonale\",\"isPartOf\":{\"@id\":\"https:\/\/www.ladiagonale.net\/#website\"},\"datePublished\":\"2024-11-21T18:58:11+00:00\",\"dateModified\":\"2024-11-25T15:04:00+00:00\",\"author\":{\"@id\":\"https:\/\/www.ladiagonale.net\/#\/schema\/person\/79ff1e7b0853ed01b2aa26e64ad300bf\"},\"breadcrumb\":{\"@id\":\"https:\/\/www.ladiagonale.net\/index.php\/2024\/11\/21\/le-groupe-monegasque-bamba-et-kiwa-appeles\/#breadcrumb\"},\"inLanguage\":\"fr-FR\",\"potentialAction\":[{\"@type\":\"ReadAction\",\"target\":[\"https:\/\/www.ladiagonale.net\/index.php\/2024\/11\/21\/le-groupe-monegasque-bamba-et-kiwa-appeles\/\"]}]},{\"@type\":\"BreadcrumbList\",\"@id\":\"https:\/\/www.ladiagonale.net\/index.php\/2024\/11\/21\/le-groupe-monegasque-bamba-et-kiwa-appeles\/#breadcrumb\",\"itemListElement\":[{\"@type\":\"ListItem\",\"position\":1,\"name\":\"Accueil\",\"item\":\"https:\/\/www.ladiagonale.net\/\"},{\"@type\":\"ListItem\",\"position\":2,\"name\":\"Le groupe mon\u00e9gasque : Bamba et Kiwa appel\u00e9s\"}]},{\"@type\":\"WebSite\",\"@id\":\"https:\/\/www.ladiagonale.net\/#website\",\"url\":\"https:\/\/www.ladiagonale.net\/\",\"name\":\"La Diagonale\",\"description\":\"Le site des supporters de l&#039;AS Monaco FC\",\"potentialAction\":[{\"@type\":\"SearchAction\",\"target\":{\"@type\":\"EntryPoint\",\"urlTemplate\":\"https:\/\/www.ladiagonale.net\/?s={search_term_string}\"},\"query-input\":\"required name=search_term_string\"}],\"inLanguage\":\"fr-FR\"},{\"@type\":\"Person\",\"@id\":\"https:\/\/www.ladiagonale.net\/#\/schema\/person\/79ff1e7b0853ed01b2aa26e64ad300bf\",\"name\":\"Damien Dellerba\",\"image\":{\"@type\":\"ImageObject\",\"inLanguage\":\"fr-FR\",\"@id\":\"https:\/\/www.ladiagonale.net\/#\/schema\/person\/image\/\",\"url\":\"https:\/\/secure.gravatar.com\/avatar\/c7850e06d3ff63cdbaee88b7fc16e2f0?s=96&d=mm&r=g\",\"contentUrl\":\"https:\/\/secure.gravatar.com\/avatar\/c7850e06d3ff63cdbaee88b7fc16e2f0?s=96&d=mm&r=g\",\"caption\":\"Damien Dellerba\"},\"url\":\"https:\/\/www.ladiagonale.net\/index.php\/author\/damien\/\"}]}<\/script>\n<!-- \/ Yoast SEO plugin. -->","yoast_head_json":{"title":"Le groupe mon\u00e9gasque : Bamba et Kiwa appel\u00e9s - La Diagonale","robots":{"index":"index","follow":"follow","max-snippet":"max-snippet:-1","max-image-preview":"max-image-preview:large","max-video-preview":"max-video-preview:-1"},"canonical":"https:\/\/www.ladiagonale.net\/index.php\/2024\/11\/21\/le-groupe-monegasque-bamba-et-kiwa-appeles\/","og_locale":"fr_FR","og_type":"article","og_title":"Le groupe mon\u00e9gasque : Bamba et Kiwa appel\u00e9s - La Diagonale","og_description":"Il y a quelques nouveaut\u00e9s dans le groupe mon\u00e9gasque. 22 joueurs ont \u00e9t\u00e9 appel\u00e9s par Adi H\u00fctter et Aladji Bamba et Bradel Kiwa sont convoqu\u00e9s pour la premi\u00e8re fois avec l&rsquo;\u00e9quipe premi\u00e8re. Le premier, milieu de terrain, a \u00e9t\u00e9 buteur avec l&rsquo;\u00e9quipe de France U19 pendant la tr\u00eave, tandis que le second, d\u00e9fenseur central, a [...]","og_url":"https:\/\/www.ladiagonale.net\/index.php\/2024\/11\/21\/le-groupe-monegasque-bamba-et-kiwa-appeles\/","og_site_name":"La Diagonale","article_published_time":"2024-11-21T18:58:11+00:00","article_modified_time":"2024-11-25T15:04:00+00:00","og_image":[{"width":1160,"height":650,"url":"https:\/\/www.ladiagonale.net\/wp-content\/uploads\/2024\/11\/bamba.png","type":"image\/png"}],"author":"Damien Dellerba","twitter_card":"summary_large_image","twitter_image":"https:\/\/www.ladiagonale.net\/wp-content\/uploads\/2024\/11\/bamba.png","twitter_misc":{"\u00c9crit par":"Damien Dellerba","Dur\u00e9e de lecture estim\u00e9e":"1 minute"},"schema":{"@context":"https:\/\/schema.org","@graph":[{"@type":"WebPage","@id":"https:\/\/www.ladiagonale.net\/index.php\/2024\/11\/21\/le-groupe-monegasque-bamba-et-kiwa-appeles\/","url":"https:\/\/www.ladiagonale.net\/index.php\/2024\/11\/21\/le-groupe-monegasque-bamba-et-kiwa-appeles\/","name":"Le groupe mon\u00e9gasque : Bamba et Kiwa appel\u00e9s - La Diagonale","isPartOf":{"@id":"https:\/\/www.ladiagonale.net\/#website"},"datePublished":"2024-11-21T18:58:11+00:00","dateModified":"2024-11-25T15:04:00+00:00","author":{"@id":"https:\/\/www.ladiagonale.net\/#\/schema\/person\/79ff1e7b0853ed01b2aa26e64ad300bf"},"breadcrumb":{"@id":"https:\/\/www.ladiagonale.net\/index.php\/2024\/11\/21\/le-groupe-monegasque-bamba-et-kiwa-appeles\/#breadcrumb"},"inLanguage":"fr-FR","potentialAction":[{"@type":"ReadAction","target":["https:\/\/www.ladiagonale.net\/index.php\/2024\/11\/21\/le-groupe-monegasque-bamba-et-kiwa-appeles\/"]}]},{"@type":"BreadcrumbList","@id":"https:\/\/www.ladiagonale.net\/index.php\/2024\/11\/21\/le-groupe-monegasque-bamba-et-kiwa-appeles\/#breadcrumb","itemListElement":[{"@type":"ListItem","position":1,"name":"Accueil","item":"https:\/\/www.ladiagonale.net\/"},{"@type":"ListItem","position":2,"name":"Le groupe mon\u00e9gasque : Bamba et Kiwa appel\u00e9s"}]},{"@type":"WebSite","@id":"https:\/\/www.ladiagonale.net\/#website","url":"https:\/\/www.ladiagonale.net\/","name":"La Diagonale","description":"Le site des supporters de l&#039;AS Monaco FC","potentialAction":[{"@type":"SearchAction","target":{"@type":"EntryPoint","urlTemplate":"https:\/\/www.ladiagonale.net\/?s={search_term_string}"},"query-input":"required name=search_term_string"}],"inLanguage":"fr-FR"},{"@type":"Person","@id":"https:\/\/www.ladiagonale.net\/#\/schema\/person\/79ff1e7b0853ed01b2aa26e64ad300bf","name":"Damien Dellerba","image":{"@type":"ImageObject","inLanguage":"fr-FR","@id":"https:\/\/www.ladiagonale.net\/#\/schema\/person\/image\/","url":"https:\/\/secure.gravatar.com\/avatar\/c7850e06d3ff63cdbaee88b7fc16e2f0?s=96&d=mm&r=g","contentUrl":"https:\/\/secure.gravatar.com\/avatar\/c7850e06d3ff63cdbaee88b7fc16e2f0?s=96&d=mm&r=g","caption":"Damien Dellerba"},"url":"https:\/\/www.ladiagonale.net\/index.php\/author\/damien\/"}]}},"_links":{"self":[{"href":"https:\/\/www.ladiagonale.net\/index.php\/wp-json\/wp\/v2\/posts\/27650"}],"collection":[{"href":"https:\/\/www.ladiagonale.net\/index.php\/wp-json\/wp\/v2\/posts"}],"about":[{"href":"https:\/\/www.ladiagonale.net\/index.php\/wp-json\/wp\/v2\/types\/post"}],"author":[{"embeddable":true,"href":"https:\/\/www.ladiagonale.net\/index.php\/wp-json\/wp\/v2\/users\/2"}],"replies":[{"embeddable":true,"href":"https:\/\/www.ladiagonale.net\/index.php\/wp-json\/wp\/v2\/comments?post=27650"}],"version-history":[{"count":3,"href":"https:\/\/www.ladiagonale.net\/index.php\/wp-json\/wp\/v2\/posts\/27650\/revisions"}],"predecessor-version":[{"id":27718,"href":"https:\/\/www.ladiagonale.net\/index.php\/wp-json\/wp\/v2\/posts\/27650\/revisions\/27718"}],"wp:attachment":[{"href":"https:\/\/www.ladiagonale.net\/index.php\/wp-json\/wp\/v2\/media?parent=27650"}],"wp:term":[{"taxonomy":"category","embeddable":true,"href":"https:\/\/www.ladiagonale.net\/index.php\/wp-json\/wp\/v2\/categories?post=27650"},{"taxonomy":"post_tag","embeddable":true,"href":"https:\/\/www.ladiagonale.net\/index.php\/wp-json\/wp\/v2\/tags?post=27650"}],"curies":[{"name":"wp","href":"https:\/\/api.w.org\/{rel}","templated":true}]}}