{"id":27655,"date":"2024-11-22T08:51:00","date_gmt":"2024-11-22T07:51:00","guid":{"rendered":"https:\/\/www.ladiagonale.net\/?p=27655"},"modified":"2024-11-22T03:38:14","modified_gmt":"2024-11-22T02:38:14","slug":"entre-surprises-europeennes","status":"publish","type":"post","link":"https:\/\/www.ladiagonale.net\/index.php\/2024\/11\/22\/entre-surprises-europeennes\/","title":{"rendered":"Entre surprises europ\u00e9ennes"},"content":{"rendered":"\n\n\n<p><strong>Ce vendredi (19h), l&rsquo;AS Monaco re\u00e7oit le Stade Brestois pour le compte de la 12<sup>e<\/sup> journ\u00e9e de Ligue 1. Le club de la Principaut\u00e9 esp\u00e8re encha\u00eener une troisi\u00e8me victoire de rang contre un adversaire qui aff\u00fbte de fa\u00e7on surprenante ses armes \u00e0 l&rsquo;\u00e9chelon continental.<\/strong><\/p>\n\n\n\n<p>Pour Monaco et Brest, les enjeux ne sont plus les m\u00eames. La saison derni\u00e8re, il y avait pourtant une v\u00e9ritable concurrence entre ces deux \u00e9quipes. Une concurrence inattendue et un match qui a tourn\u00e9 \u00e0 l&rsquo;avantage des Rouge et Blanc, notamment par le jeu des confrontations directes. Six points, c&rsquo;est l&rsquo;\u00e9cart qui a s\u00e9par\u00e9 l&rsquo;ASM du Stade Brestois \u00e0 l&rsquo;issue du championnat, soit l&rsquo;\u00e9quivalent des deux victoires mon\u00e9gasques, \u00e0 l&rsquo;aller comme au retour et \u00e0 chaque fois sur le m\u00eame score (2-0). Pour Monaco, c&rsquo;\u00e9tait un minimum et cela a permis d&rsquo;aller r\u00e9cup\u00e9rer la deuxi\u00e8me place. La troisi\u00e8me aurait pu suffire pour ses ambitions &#8211; un ticket direct pour la Ligue des champions &#8211; mais la logique commandait tout de m\u00eame de terminer devant la grosse surprise du dernier exercice. <\/p>\n\n\n\n<p>Cette saison, les choses sont bien diff\u00e9rentes. Alors que Monaco tente tant bien que mal de montrer ses muscles et r\u00e9duire l&rsquo;\u00e9cart avec Paris, Brest ne surprend plus. Si l&rsquo;Europe n&rsquo;a jamais \u00e9t\u00e9 autre chose que du bonus pour les Bretons, il ne repr\u00e9sente plus un objectif r\u00e9aliste \u00e0 ce jour, si tant est qu&rsquo;il l&rsquo;a \u00e9t\u00e9 un jour. Dix unit\u00e9s s\u00e9parent les deux \u00e9quipes apr\u00e8s 11 journ\u00e9es. 10, c&rsquo;est aussi le nombre de points qu&rsquo;elles comptent en Ligue des champions. <\/p>\n\n\n\n<p>Hier, une opposition pour l&rsquo;Europe, aujourd&rsquo;hui, une opposition entre surprises europ\u00e9ennes. C&rsquo;est davantage par le prisme de ce qu&rsquo;elles accomplissent sur la sc\u00e8ne continentale, avant de la retrouver en d\u00e9but de semaine prochaine, que par celui de ce qu&rsquo;elles peuvent viser \u00e0 l&rsquo;\u00e9chelon national que l&rsquo;on est tent\u00e9 de voir ce match. Le 3<sup>e<\/sup> de la poule unique de la C1 contre le 4<sup>e<\/sup>, il faut bien avouer que cela a une autre saveur que le 2<sup>e<\/sup> de Ligue 1 contre le 12<sup>e<\/sup>, m\u00eame si l&rsquo;on parle bien des deux m\u00eames \u00e9quipes.<\/p>\n\n\n\n<p>Si Monaco a fait ce qu&rsquo;il faut pour \u00eatre presque certain d&rsquo;aller en barrages, Brest aussi. Pour les Mon\u00e9gasques, \u00e9tant donn\u00e9 la qualit\u00e9 et la densit\u00e9 de son effectif, cela n&rsquo;est pas surprenant et c&rsquo;\u00e9tait m\u00eame plut\u00f4t attendu. Et l&rsquo;objectif sera, pourquoi pas, d&rsquo;aller viser un top 8. Pour Brest, en revanche, les r\u00e9sultats obtenus malgr\u00e9 une totale inexp\u00e9rience des joutes europ\u00e9ennes ont quelque chose d&rsquo;assez stup\u00e9fiant, bien loin des moqueries et de la condescendance qui leur avaient \u00e9t\u00e9 oppos\u00e9es au moment de valider une qualification historique. \u00c0 coup s\u00fbr, ils en f\u00eateront une autre en janvier.<\/p>\n\n\n\n<p>Loin d&rsquo;entamer leur enthousiasme europ\u00e9en, les Mon\u00e9gasques chercheront \u00e0 leur rappeler qu&rsquo;ils sont bien ma\u00eetres chez eux. Pour les contrarier, l&rsquo;arme fatale pourrait bien s&rsquo;appeler Denis Zakaria. Le milieu de terrain suisse fera son retour apr\u00e8s quatre rencontres manqu\u00e9es et on n&rsquo;a que trop vu son absence. L&rsquo;an dernier, il avait marqu\u00e9 deux fois contre Brest. \u00c0 l&rsquo;aller et au retour. Il aura tout le loisir de se rappeler aux bons souvenirs des pirates.<\/p>\n","protected":false},"excerpt":{"rendered":"<p>Ce vendredi (19h), l&rsquo;AS Monaco re\u00e7oit le Stade Brestois pour le compte de la 12e journ\u00e9e de Ligue 1. Le club de la Principaut\u00e9 esp\u00e8re encha\u00eener une troisi\u00e8me victoire de rang contre un adversaire qui aff\u00fbte de fa\u00e7on surprenante ses armes \u00e0 l&rsquo;\u00e9chelon continental. Pour Monaco et Brest, les enjeux ne sont plus les m\u00eames. [&#8230;]\n","protected":false},"author":2,"featured_media":27657,"comment_status":"open","ping_status":"open","sticky":false,"template":"","format":"standard","meta":[],"categories":[5,6],"tags":[86,94,348],"yoast_head":"<!-- This site is optimized with the Yoast SEO plugin v19.8 - https:\/\/yoast.com\/wordpress\/plugins\/seo\/ -->\n<title>Entre surprises europ\u00e9ennes - La Diagonale<\/title>\n<meta name=\"robots\" content=\"index, follow, max-snippet:-1, max-image-preview:large, max-video-preview:-1\" \/>\n<link rel=\"canonical\" href=\"https:\/\/www.ladiagonale.net\/index.php\/2024\/11\/22\/entre-surprises-europeennes\/\" \/>\n<meta property=\"og:locale\" content=\"fr_FR\" \/>\n<meta property=\"og:type\" content=\"article\" \/>\n<meta property=\"og:title\" content=\"Entre surprises europ\u00e9ennes - La Diagonale\" \/>\n<meta property=\"og:description\" content=\"Ce vendredi (19h), l&rsquo;AS Monaco re\u00e7oit le Stade Brestois pour le compte de la 12e journ\u00e9e de Ligue 1. Le club de la Principaut\u00e9 esp\u00e8re encha\u00eener une troisi\u00e8me victoire de rang contre un adversaire qui aff\u00fbte de fa\u00e7on surprenante ses armes \u00e0 l&rsquo;\u00e9chelon continental. Pour Monaco et Brest, les enjeux ne sont plus les m\u00eames. [...]\" \/>\n<meta property=\"og:url\" content=\"https:\/\/www.ladiagonale.net\/index.php\/2024\/11\/22\/entre-surprises-europeennes\/\" \/>\n<meta property=\"og:site_name\" content=\"La Diagonale\" \/>\n<meta property=\"article:published_time\" content=\"2024-11-22T07:51:00+00:00\" \/>\n<meta property=\"article:modified_time\" content=\"2024-11-22T02:38:14+00:00\" \/>\n<meta property=\"og:image\" content=\"https:\/\/www.ladiagonale.net\/wp-content\/uploads\/2024\/11\/zakaria-lyon.png\" \/>\n\t<meta property=\"og:image:width\" content=\"1160\" \/>\n\t<meta property=\"og:image:height\" content=\"650\" \/>\n\t<meta property=\"og:image:type\" content=\"image\/png\" \/>\n<meta name=\"author\" content=\"Damien Dellerba\" \/>\n<meta name=\"twitter:card\" content=\"summary_large_image\" \/>\n<meta name=\"twitter:image\" content=\"https:\/\/www.ladiagonale.net\/wp-content\/uploads\/2024\/11\/zakaria-lyon.png\" \/>\n<meta name=\"twitter:label1\" content=\"\u00c9crit par\" \/>\n\t<meta name=\"twitter:data1\" content=\"Damien Dellerba\" \/>\n\t<meta name=\"twitter:label2\" content=\"Dur\u00e9e de lecture estim\u00e9e\" \/>\n\t<meta name=\"twitter:data2\" content=\"3 minutes\" \/>\n<script type=\"application\/ld+json\" class=\"yoast-schema-graph\">{\"@context\":\"https:\/\/schema.org\",\"@graph\":[{\"@type\":\"WebPage\",\"@id\":\"https:\/\/www.ladiagonale.net\/index.php\/2024\/11\/22\/entre-surprises-europeennes\/\",\"url\":\"https:\/\/www.ladiagonale.net\/index.php\/2024\/11\/22\/entre-surprises-europeennes\/\",\"name\":\"Entre surprises europ\u00e9ennes - La Diagonale\",\"isPartOf\":{\"@id\":\"https:\/\/www.ladiagonale.net\/#website\"},\"datePublished\":\"2024-11-22T07:51:00+00:00\",\"dateModified\":\"2024-11-22T02:38:14+00:00\",\"author\":{\"@id\":\"https:\/\/www.ladiagonale.net\/#\/schema\/person\/79ff1e7b0853ed01b2aa26e64ad300bf\"},\"breadcrumb\":{\"@id\":\"https:\/\/www.ladiagonale.net\/index.php\/2024\/11\/22\/entre-surprises-europeennes\/#breadcrumb\"},\"inLanguage\":\"fr-FR\",\"potentialAction\":[{\"@type\":\"ReadAction\",\"target\":[\"https:\/\/www.ladiagonale.net\/index.php\/2024\/11\/22\/entre-surprises-europeennes\/\"]}]},{\"@type\":\"BreadcrumbList\",\"@id\":\"https:\/\/www.ladiagonale.net\/index.php\/2024\/11\/22\/entre-surprises-europeennes\/#breadcrumb\",\"itemListElement\":[{\"@type\":\"ListItem\",\"position\":1,\"name\":\"Accueil\",\"item\":\"https:\/\/www.ladiagonale.net\/\"},{\"@type\":\"ListItem\",\"position\":2,\"name\":\"Entre surprises europ\u00e9ennes\"}]},{\"@type\":\"WebSite\",\"@id\":\"https:\/\/www.ladiagonale.net\/#website\",\"url\":\"https:\/\/www.ladiagonale.net\/\",\"name\":\"La Diagonale\",\"description\":\"Le site des supporters de l&#039;AS Monaco FC\",\"potentialAction\":[{\"@type\":\"SearchAction\",\"target\":{\"@type\":\"EntryPoint\",\"urlTemplate\":\"https:\/\/www.ladiagonale.net\/?s={search_term_string}\"},\"query-input\":\"required name=search_term_string\"}],\"inLanguage\":\"fr-FR\"},{\"@type\":\"Person\",\"@id\":\"https:\/\/www.ladiagonale.net\/#\/schema\/person\/79ff1e7b0853ed01b2aa26e64ad300bf\",\"name\":\"Damien Dellerba\",\"image\":{\"@type\":\"ImageObject\",\"inLanguage\":\"fr-FR\",\"@id\":\"https:\/\/www.ladiagonale.net\/#\/schema\/person\/image\/\",\"url\":\"https:\/\/secure.gravatar.com\/avatar\/c7850e06d3ff63cdbaee88b7fc16e2f0?s=96&d=mm&r=g\",\"contentUrl\":\"https:\/\/secure.gravatar.com\/avatar\/c7850e06d3ff63cdbaee88b7fc16e2f0?s=96&d=mm&r=g\",\"caption\":\"Damien Dellerba\"},\"url\":\"https:\/\/www.ladiagonale.net\/index.php\/author\/damien\/\"}]}<\/script>\n<!-- \/ Yoast SEO plugin. -->","yoast_head_json":{"title":"Entre surprises europ\u00e9ennes - La Diagonale","robots":{"index":"index","follow":"follow","max-snippet":"max-snippet:-1","max-image-preview":"max-image-preview:large","max-video-preview":"max-video-preview:-1"},"canonical":"https:\/\/www.ladiagonale.net\/index.php\/2024\/11\/22\/entre-surprises-europeennes\/","og_locale":"fr_FR","og_type":"article","og_title":"Entre surprises europ\u00e9ennes - La Diagonale","og_description":"Ce vendredi (19h), l&rsquo;AS Monaco re\u00e7oit le Stade Brestois pour le compte de la 12e journ\u00e9e de Ligue 1. Le club de la Principaut\u00e9 esp\u00e8re encha\u00eener une troisi\u00e8me victoire de rang contre un adversaire qui aff\u00fbte de fa\u00e7on surprenante ses armes \u00e0 l&rsquo;\u00e9chelon continental. Pour Monaco et Brest, les enjeux ne sont plus les m\u00eames. [...]","og_url":"https:\/\/www.ladiagonale.net\/index.php\/2024\/11\/22\/entre-surprises-europeennes\/","og_site_name":"La Diagonale","article_published_time":"2024-11-22T07:51:00+00:00","article_modified_time":"2024-11-22T02:38:14+00:00","og_image":[{"width":1160,"height":650,"url":"https:\/\/www.ladiagonale.net\/wp-content\/uploads\/2024\/11\/zakaria-lyon.png","type":"image\/png"}],"author":"Damien Dellerba","twitter_card":"summary_large_image","twitter_image":"https:\/\/www.ladiagonale.net\/wp-content\/uploads\/2024\/11\/zakaria-lyon.png","twitter_misc":{"\u00c9crit par":"Damien Dellerba","Dur\u00e9e de lecture estim\u00e9e":"3 minutes"},"schema":{"@context":"https:\/\/schema.org","@graph":[{"@type":"WebPage","@id":"https:\/\/www.ladiagonale.net\/index.php\/2024\/11\/22\/entre-surprises-europeennes\/","url":"https:\/\/www.ladiagonale.net\/index.php\/2024\/11\/22\/entre-surprises-europeennes\/","name":"Entre surprises europ\u00e9ennes - La Diagonale","isPartOf":{"@id":"https:\/\/www.ladiagonale.net\/#website"},"datePublished":"2024-11-22T07:51:00+00:00","dateModified":"2024-11-22T02:38:14+00:00","author":{"@id":"https:\/\/www.ladiagonale.net\/#\/schema\/person\/79ff1e7b0853ed01b2aa26e64ad300bf"},"breadcrumb":{"@id":"https:\/\/www.ladiagonale.net\/index.php\/2024\/11\/22\/entre-surprises-europeennes\/#breadcrumb"},"inLanguage":"fr-FR","potentialAction":[{"@type":"ReadAction","target":["https:\/\/www.ladiagonale.net\/index.php\/2024\/11\/22\/entre-surprises-europeennes\/"]}]},{"@type":"BreadcrumbList","@id":"https:\/\/www.ladiagonale.net\/index.php\/2024\/11\/22\/entre-surprises-europeennes\/#breadcrumb","itemListElement":[{"@type":"ListItem","position":1,"name":"Accueil","item":"https:\/\/www.ladiagonale.net\/"},{"@type":"ListItem","position":2,"name":"Entre surprises europ\u00e9ennes"}]},{"@type":"WebSite","@id":"https:\/\/www.ladiagonale.net\/#website","url":"https:\/\/www.ladiagonale.net\/","name":"La Diagonale","description":"Le site des supporters de l&#039;AS Monaco FC","potentialAction":[{"@type":"SearchAction","target":{"@type":"EntryPoint","urlTemplate":"https:\/\/www.ladiagonale.net\/?s={search_term_string}"},"query-input":"required name=search_term_string"}],"inLanguage":"fr-FR"},{"@type":"Person","@id":"https:\/\/www.ladiagonale.net\/#\/schema\/person\/79ff1e7b0853ed01b2aa26e64ad300bf","name":"Damien Dellerba","image":{"@type":"ImageObject","inLanguage":"fr-FR","@id":"https:\/\/www.ladiagonale.net\/#\/schema\/person\/image\/","url":"https:\/\/secure.gravatar.com\/avatar\/c7850e06d3ff63cdbaee88b7fc16e2f0?s=96&d=mm&r=g","contentUrl":"https:\/\/secure.gravatar.com\/avatar\/c7850e06d3ff63cdbaee88b7fc16e2f0?s=96&d=mm&r=g","caption":"Damien Dellerba"},"url":"https:\/\/www.ladiagonale.net\/index.php\/author\/damien\/"}]}},"_links":{"self":[{"href":"https:\/\/www.ladiagonale.net\/index.php\/wp-json\/wp\/v2\/posts\/27655"}],"collection":[{"href":"https:\/\/www.ladiagonale.net\/index.php\/wp-json\/wp\/v2\/posts"}],"about":[{"href":"https:\/\/www.ladiagonale.net\/index.php\/wp-json\/wp\/v2\/types\/post"}],"author":[{"embeddable":true,"href":"https:\/\/www.ladiagonale.net\/index.php\/wp-json\/wp\/v2\/users\/2"}],"replies":[{"embeddable":true,"href":"https:\/\/www.ladiagonale.net\/index.php\/wp-json\/wp\/v2\/comments?post=27655"}],"version-history":[{"count":1,"href":"https:\/\/www.ladiagonale.net\/index.php\/wp-json\/wp\/v2\/posts\/27655\/revisions"}],"predecessor-version":[{"id":27658,"href":"https:\/\/www.ladiagonale.net\/index.php\/wp-json\/wp\/v2\/posts\/27655\/revisions\/27658"}],"wp:featuredmedia":[{"embeddable":true,"href":"https:\/\/www.ladiagonale.net\/index.php\/wp-json\/wp\/v2\/media\/27657"}],"wp:attachment":[{"href":"https:\/\/www.ladiagonale.net\/index.php\/wp-json\/wp\/v2\/media?parent=27655"}],"wp:term":[{"taxonomy":"category","embeddable":true,"href":"https:\/\/www.ladiagonale.net\/index.php\/wp-json\/wp\/v2\/categories?post=27655"},{"taxonomy":"post_tag","embeddable":true,"href":"https:\/\/www.ladiagonale.net\/index.php\/wp-json\/wp\/v2\/tags?post=27655"}],"curies":[{"name":"wp","href":"https:\/\/api.w.org\/{rel}","templated":true}]}}