{"id":27661,"date":"2024-11-22T15:36:59","date_gmt":"2024-11-22T14:36:59","guid":{"rendered":"https:\/\/www.ladiagonale.net\/?p=27661"},"modified":"2024-11-22T15:37:00","modified_gmt":"2024-11-22T14:37:00","slug":"roy-ne-voit-pas-beaucoup-de-failles-a-monaco","status":"publish","type":"post","link":"https:\/\/www.ladiagonale.net\/index.php\/2024\/11\/22\/roy-ne-voit-pas-beaucoup-de-failles-a-monaco\/","title":{"rendered":"Roy ne voit pas \u00ab beaucoup de failles \u00bb \u00e0 Monaco"},"content":{"rendered":"\n\n\n<p>Monaco ouvre le bal de la 12<sup>e<\/sup> journ\u00e9e avec la r\u00e9ception de Brest ce vendredi. La formation bretonne, emmen\u00e9e par \u00c9ric Roy, va vouloir rebondir apr\u00e8s deux d\u00e9faites en L1. Pour Roy, l&rsquo;exemple d&rsquo;Angers, venu prendre trois points au Louis-II, ne peut pas \u00eatre copi\u00e9 : \u00ab\u00a0<em>Angers ne joue pas de la m\u00eame mani\u00e8re que nous, avec un bloc tr\u00e8s bas et beaucoup de densit\u00e9. Ce n\u2019est pas tellement notre ADN et la mani\u00e8re dont on est le plus \u00e0 l\u2019aise. Il faudra \u00eatre capable d\u2019\u00eatre solides, arr\u00eater de prendre des buts, et puis d\u00e9j\u00e0 si on d\u00e9fend bien en \u00e9quipe on pourra \u00eatre capable de leur poser des probl\u00e8mes \u00e0 la r\u00e9cup\u00e9ration. <\/em>\u00bb<\/p>\n\n\n\n<p>Brest devra donc trouver d&rsquo;autres options, et l&rsquo;entra\u00eeneur finist\u00e9rien a donn\u00e9 quelques pistes en conf\u00e9rence de presse, et a aussi affirm\u00e9 une volont\u00e9 de jouer : \u00ab <em>Il faut \u00eatre capable de r\u00e9pondre dans l\u2019intensit\u00e9, \u00e0 sortir du pressing et trouver des solutions, soit par une qualit\u00e9 technique, un syst\u00e8me, une adaptation. Monaco est une \u00e9quipe forte dans le contre-pressing, tr\u00e8s verticale. Mais on a aussi envie de jouer et proposer des choses.<\/em> \u00bb<\/p>\n\n\n\n<p>Roy s&rsquo;est montr\u00e9 \u00e9logieux sur l&rsquo;ASM : \u00ab\u00a0<em>C\u2019est une \u00e9quipe tr\u00e8s forte, certainement la meilleure du championnat sur le papier avec Paris. Ils allient \u00e0 peu pr\u00e8s tout, c\u2019est-\u00e0-dire la puissance physique et athl\u00e9tique, la qualit\u00e9 technique, la jeunesse et l\u2019exp\u00e9rience. Je ne leur vois pas beaucoup de failles. Comme souvent, avec ce genre d\u2019\u00e9quipe et dans le contexte mon\u00e9gasque, leur plus grand adversaire c\u2019est souvent eux.<\/em> \u00bb<\/p>\n","protected":false},"excerpt":{"rendered":"<p>Monaco ouvre le bal de la 12e journ\u00e9e avec la r\u00e9ception de Brest ce vendredi. La formation bretonne, emmen\u00e9e par \u00c9ric Roy, va vouloir rebondir apr\u00e8s deux d\u00e9faites en L1. Pour Roy, l&rsquo;exemple d&rsquo;Angers, venu prendre trois points au Louis-II, ne peut pas \u00eatre copi\u00e9 : \u00ab\u00a0Angers ne joue pas de la m\u00eame mani\u00e8re que [&#8230;]\n","protected":false},"author":2,"featured_media":0,"comment_status":"open","ping_status":"open","sticky":false,"template":"","format":"standard","meta":[],"categories":[6],"tags":[86,724,94,348],"yoast_head":"<!-- This site is optimized with the Yoast SEO plugin v19.8 - https:\/\/yoast.com\/wordpress\/plugins\/seo\/ -->\n<title>Roy ne voit pas \u00ab beaucoup de failles \u00bb \u00e0 Monaco - La Diagonale<\/title>\n<meta name=\"robots\" content=\"index, follow, max-snippet:-1, max-image-preview:large, max-video-preview:-1\" \/>\n<link rel=\"canonical\" href=\"https:\/\/www.ladiagonale.net\/index.php\/2024\/11\/22\/roy-ne-voit-pas-beaucoup-de-failles-a-monaco\/\" \/>\n<meta property=\"og:locale\" content=\"fr_FR\" \/>\n<meta property=\"og:type\" content=\"article\" \/>\n<meta property=\"og:title\" content=\"Roy ne voit pas \u00ab beaucoup de failles \u00bb \u00e0 Monaco - La Diagonale\" \/>\n<meta property=\"og:description\" content=\"Monaco ouvre le bal de la 12e journ\u00e9e avec la r\u00e9ception de Brest ce vendredi. La formation bretonne, emmen\u00e9e par \u00c9ric Roy, va vouloir rebondir apr\u00e8s deux d\u00e9faites en L1. Pour Roy, l&rsquo;exemple d&rsquo;Angers, venu prendre trois points au Louis-II, ne peut pas \u00eatre copi\u00e9 : \u00ab\u00a0Angers ne joue pas de la m\u00eame mani\u00e8re que [...]\" \/>\n<meta property=\"og:url\" content=\"https:\/\/www.ladiagonale.net\/index.php\/2024\/11\/22\/roy-ne-voit-pas-beaucoup-de-failles-a-monaco\/\" \/>\n<meta property=\"og:site_name\" content=\"La Diagonale\" \/>\n<meta property=\"article:published_time\" content=\"2024-11-22T14:36:59+00:00\" \/>\n<meta property=\"article:modified_time\" content=\"2024-11-22T14:37:00+00:00\" \/>\n<meta property=\"og:image\" content=\"https:\/\/www.ladiagonale.net\/wp-content\/uploads\/2023\/11\/Roy.png\" \/>\n\t<meta property=\"og:image:width\" content=\"1160\" \/>\n\t<meta property=\"og:image:height\" content=\"650\" \/>\n\t<meta property=\"og:image:type\" content=\"image\/png\" \/>\n<meta name=\"author\" content=\"Damien Dellerba\" \/>\n<meta name=\"twitter:card\" content=\"summary_large_image\" \/>\n<meta name=\"twitter:image\" content=\"https:\/\/www.ladiagonale.net\/wp-content\/uploads\/2023\/11\/Roy.png\" \/>\n<meta name=\"twitter:label1\" content=\"\u00c9crit par\" \/>\n\t<meta name=\"twitter:data1\" content=\"Damien Dellerba\" \/>\n\t<meta name=\"twitter:label2\" content=\"Dur\u00e9e de lecture estim\u00e9e\" \/>\n\t<meta name=\"twitter:data2\" content=\"2 minutes\" \/>\n<script type=\"application\/ld+json\" class=\"yoast-schema-graph\">{\"@context\":\"https:\/\/schema.org\",\"@graph\":[{\"@type\":\"WebPage\",\"@id\":\"https:\/\/www.ladiagonale.net\/index.php\/2024\/11\/22\/roy-ne-voit-pas-beaucoup-de-failles-a-monaco\/\",\"url\":\"https:\/\/www.ladiagonale.net\/index.php\/2024\/11\/22\/roy-ne-voit-pas-beaucoup-de-failles-a-monaco\/\",\"name\":\"Roy ne voit pas \u00ab beaucoup de failles \u00bb \u00e0 Monaco - La Diagonale\",\"isPartOf\":{\"@id\":\"https:\/\/www.ladiagonale.net\/#website\"},\"datePublished\":\"2024-11-22T14:36:59+00:00\",\"dateModified\":\"2024-11-22T14:37:00+00:00\",\"author\":{\"@id\":\"https:\/\/www.ladiagonale.net\/#\/schema\/person\/79ff1e7b0853ed01b2aa26e64ad300bf\"},\"breadcrumb\":{\"@id\":\"https:\/\/www.ladiagonale.net\/index.php\/2024\/11\/22\/roy-ne-voit-pas-beaucoup-de-failles-a-monaco\/#breadcrumb\"},\"inLanguage\":\"fr-FR\",\"potentialAction\":[{\"@type\":\"ReadAction\",\"target\":[\"https:\/\/www.ladiagonale.net\/index.php\/2024\/11\/22\/roy-ne-voit-pas-beaucoup-de-failles-a-monaco\/\"]}]},{\"@type\":\"BreadcrumbList\",\"@id\":\"https:\/\/www.ladiagonale.net\/index.php\/2024\/11\/22\/roy-ne-voit-pas-beaucoup-de-failles-a-monaco\/#breadcrumb\",\"itemListElement\":[{\"@type\":\"ListItem\",\"position\":1,\"name\":\"Accueil\",\"item\":\"https:\/\/www.ladiagonale.net\/\"},{\"@type\":\"ListItem\",\"position\":2,\"name\":\"Roy ne voit pas \u00ab beaucoup de failles \u00bb \u00e0 Monaco\"}]},{\"@type\":\"WebSite\",\"@id\":\"https:\/\/www.ladiagonale.net\/#website\",\"url\":\"https:\/\/www.ladiagonale.net\/\",\"name\":\"La Diagonale\",\"description\":\"Le site des supporters de l&#039;AS Monaco FC\",\"potentialAction\":[{\"@type\":\"SearchAction\",\"target\":{\"@type\":\"EntryPoint\",\"urlTemplate\":\"https:\/\/www.ladiagonale.net\/?s={search_term_string}\"},\"query-input\":\"required name=search_term_string\"}],\"inLanguage\":\"fr-FR\"},{\"@type\":\"Person\",\"@id\":\"https:\/\/www.ladiagonale.net\/#\/schema\/person\/79ff1e7b0853ed01b2aa26e64ad300bf\",\"name\":\"Damien Dellerba\",\"image\":{\"@type\":\"ImageObject\",\"inLanguage\":\"fr-FR\",\"@id\":\"https:\/\/www.ladiagonale.net\/#\/schema\/person\/image\/\",\"url\":\"https:\/\/secure.gravatar.com\/avatar\/c7850e06d3ff63cdbaee88b7fc16e2f0?s=96&d=mm&r=g\",\"contentUrl\":\"https:\/\/secure.gravatar.com\/avatar\/c7850e06d3ff63cdbaee88b7fc16e2f0?s=96&d=mm&r=g\",\"caption\":\"Damien Dellerba\"},\"url\":\"https:\/\/www.ladiagonale.net\/index.php\/author\/damien\/\"}]}<\/script>\n<!-- \/ Yoast SEO plugin. -->","yoast_head_json":{"title":"Roy ne voit pas \u00ab beaucoup de failles \u00bb \u00e0 Monaco - La Diagonale","robots":{"index":"index","follow":"follow","max-snippet":"max-snippet:-1","max-image-preview":"max-image-preview:large","max-video-preview":"max-video-preview:-1"},"canonical":"https:\/\/www.ladiagonale.net\/index.php\/2024\/11\/22\/roy-ne-voit-pas-beaucoup-de-failles-a-monaco\/","og_locale":"fr_FR","og_type":"article","og_title":"Roy ne voit pas \u00ab beaucoup de failles \u00bb \u00e0 Monaco - La Diagonale","og_description":"Monaco ouvre le bal de la 12e journ\u00e9e avec la r\u00e9ception de Brest ce vendredi. La formation bretonne, emmen\u00e9e par \u00c9ric Roy, va vouloir rebondir apr\u00e8s deux d\u00e9faites en L1. Pour Roy, l&rsquo;exemple d&rsquo;Angers, venu prendre trois points au Louis-II, ne peut pas \u00eatre copi\u00e9 : \u00ab\u00a0Angers ne joue pas de la m\u00eame mani\u00e8re que [...]","og_url":"https:\/\/www.ladiagonale.net\/index.php\/2024\/11\/22\/roy-ne-voit-pas-beaucoup-de-failles-a-monaco\/","og_site_name":"La Diagonale","article_published_time":"2024-11-22T14:36:59+00:00","article_modified_time":"2024-11-22T14:37:00+00:00","og_image":[{"width":1160,"height":650,"url":"https:\/\/www.ladiagonale.net\/wp-content\/uploads\/2023\/11\/Roy.png","type":"image\/png"}],"author":"Damien Dellerba","twitter_card":"summary_large_image","twitter_image":"https:\/\/www.ladiagonale.net\/wp-content\/uploads\/2023\/11\/Roy.png","twitter_misc":{"\u00c9crit par":"Damien Dellerba","Dur\u00e9e de lecture estim\u00e9e":"2 minutes"},"schema":{"@context":"https:\/\/schema.org","@graph":[{"@type":"WebPage","@id":"https:\/\/www.ladiagonale.net\/index.php\/2024\/11\/22\/roy-ne-voit-pas-beaucoup-de-failles-a-monaco\/","url":"https:\/\/www.ladiagonale.net\/index.php\/2024\/11\/22\/roy-ne-voit-pas-beaucoup-de-failles-a-monaco\/","name":"Roy ne voit pas \u00ab beaucoup de failles \u00bb \u00e0 Monaco - La Diagonale","isPartOf":{"@id":"https:\/\/www.ladiagonale.net\/#website"},"datePublished":"2024-11-22T14:36:59+00:00","dateModified":"2024-11-22T14:37:00+00:00","author":{"@id":"https:\/\/www.ladiagonale.net\/#\/schema\/person\/79ff1e7b0853ed01b2aa26e64ad300bf"},"breadcrumb":{"@id":"https:\/\/www.ladiagonale.net\/index.php\/2024\/11\/22\/roy-ne-voit-pas-beaucoup-de-failles-a-monaco\/#breadcrumb"},"inLanguage":"fr-FR","potentialAction":[{"@type":"ReadAction","target":["https:\/\/www.ladiagonale.net\/index.php\/2024\/11\/22\/roy-ne-voit-pas-beaucoup-de-failles-a-monaco\/"]}]},{"@type":"BreadcrumbList","@id":"https:\/\/www.ladiagonale.net\/index.php\/2024\/11\/22\/roy-ne-voit-pas-beaucoup-de-failles-a-monaco\/#breadcrumb","itemListElement":[{"@type":"ListItem","position":1,"name":"Accueil","item":"https:\/\/www.ladiagonale.net\/"},{"@type":"ListItem","position":2,"name":"Roy ne voit pas \u00ab beaucoup de failles \u00bb \u00e0 Monaco"}]},{"@type":"WebSite","@id":"https:\/\/www.ladiagonale.net\/#website","url":"https:\/\/www.ladiagonale.net\/","name":"La Diagonale","description":"Le site des supporters de l&#039;AS Monaco FC","potentialAction":[{"@type":"SearchAction","target":{"@type":"EntryPoint","urlTemplate":"https:\/\/www.ladiagonale.net\/?s={search_term_string}"},"query-input":"required name=search_term_string"}],"inLanguage":"fr-FR"},{"@type":"Person","@id":"https:\/\/www.ladiagonale.net\/#\/schema\/person\/79ff1e7b0853ed01b2aa26e64ad300bf","name":"Damien Dellerba","image":{"@type":"ImageObject","inLanguage":"fr-FR","@id":"https:\/\/www.ladiagonale.net\/#\/schema\/person\/image\/","url":"https:\/\/secure.gravatar.com\/avatar\/c7850e06d3ff63cdbaee88b7fc16e2f0?s=96&d=mm&r=g","contentUrl":"https:\/\/secure.gravatar.com\/avatar\/c7850e06d3ff63cdbaee88b7fc16e2f0?s=96&d=mm&r=g","caption":"Damien Dellerba"},"url":"https:\/\/www.ladiagonale.net\/index.php\/author\/damien\/"}]}},"_links":{"self":[{"href":"https:\/\/www.ladiagonale.net\/index.php\/wp-json\/wp\/v2\/posts\/27661"}],"collection":[{"href":"https:\/\/www.ladiagonale.net\/index.php\/wp-json\/wp\/v2\/posts"}],"about":[{"href":"https:\/\/www.ladiagonale.net\/index.php\/wp-json\/wp\/v2\/types\/post"}],"author":[{"embeddable":true,"href":"https:\/\/www.ladiagonale.net\/index.php\/wp-json\/wp\/v2\/users\/2"}],"replies":[{"embeddable":true,"href":"https:\/\/www.ladiagonale.net\/index.php\/wp-json\/wp\/v2\/comments?post=27661"}],"version-history":[{"count":1,"href":"https:\/\/www.ladiagonale.net\/index.php\/wp-json\/wp\/v2\/posts\/27661\/revisions"}],"predecessor-version":[{"id":27662,"href":"https:\/\/www.ladiagonale.net\/index.php\/wp-json\/wp\/v2\/posts\/27661\/revisions\/27662"}],"wp:attachment":[{"href":"https:\/\/www.ladiagonale.net\/index.php\/wp-json\/wp\/v2\/media?parent=27661"}],"wp:term":[{"taxonomy":"category","embeddable":true,"href":"https:\/\/www.ladiagonale.net\/index.php\/wp-json\/wp\/v2\/categories?post=27661"},{"taxonomy":"post_tag","embeddable":true,"href":"https:\/\/www.ladiagonale.net\/index.php\/wp-json\/wp\/v2\/tags?post=27661"}],"curies":[{"name":"wp","href":"https:\/\/api.w.org\/{rel}","templated":true}]}}